{"id":11686,"date":"2019-06-25T13:09:21","date_gmt":"2019-06-25T11:09:21","guid":{"rendered":"https:\/\/wp.muchomaas.com\/article-esther-benbassa-a-propos-de-la-turquie-c-est-le-debut-d-une-nouvelle-ere-qui\/"},"modified":"2023-06-23T23:42:04","modified_gmt":"2023-06-23T21:42:04","slug":"article-esther-benbassa-a-propos-de-la-turquie-c-est-le-debut-d-une-nouvelle-ere-qui","status":"publish","type":"post","link":"https:\/\/archives.regards.fr\/?p=11686","title":{"rendered":"Esther Benbassa \u00e0 propos de la Turquie : \u00ab C\u2019est le d\u00e9but d\u2019une nouvelle \u00e8re qui peut commencer \u00bb"},"content":{"rendered":"<p class=\"post_excerpt\">Le pr\u00e9sident Erdogan a subi un revers historique \u00e0 Istanbul, laissant place \u00e0 un maire issu de la social-d\u00e9mocratie. Une nouvelle \u00e8re peut-elle s\u2019ouvrir sur la Turquie ? On en parle avec Esther Benbassa, s\u00e9natrice \u00e9cologiste de Paris. <\/p>\n<p><iframe loading=\"lazy\" width=\"490\" height=\"276\" src=\"https:\/\/www.youtube.com\/embed\/vZZwSaQ_9Nk\" frameborder=\"0\" allow=\"accelerometer; autoplay; encrypted-media; gyroscope; picture-in-picture\" allowfullscreen><\/iframe><\/p>\n<p>&nbsp;<\/p>\n<p><h2>VERBATIM<\/h2>\n<p>&nbsp;<\/p>\n<p>\n<em>\u00a0<strong>Sur la Turquie et la mairie d\u2019Istanbul<\/em>\u00a0<\/strong><br \/>\n\u00ab Mes amis ont fait la f\u00eate toute la nuit dimanche. \u00bb<br \/>\n\u00ab En mars, le parti d\u2019Ekrem Imamoglu [le nouveau maire d\u2019Istanbul] est issu de la social-d\u00e9mocratie avec une alliance entre le parti nationaliste et le HDP (pro-Kurdes). \u00bb<br \/>\n\u00ab C\u2019est une tr\u00e8s bonne nouvelle parce que le pr\u00e9sident actuel dirige le pays avec une main de fer et met beaucoup de monde en prison. Il a perdu. \u00bb<br \/>\n\u00ab C\u2019est f\u00e2cheux pour Erdogan : \u00e7a peut \u00eatre la descente aux enfers. Istanbul, c\u2019est un tiers du PIB du pays et c\u2019est par l\u00e0 que l\u2019argent ruisselle, vers le priv\u00e9 et notamment les soutiens d\u2019Erdogan. \u00bb<br \/>\n\u00ab Les Istanbuliotes ont t\u00e9moign\u00e9, par ce nouveau vote, leur opposition au r\u00e9gime d\u2019Erdogan. \u00bb<br \/>\n\u00ab Des intellectuels, des progressistes, la jeunesse attendaient cette nouvelle avec impatience. C\u2019est le d\u00e9but d\u2019une nouvelle \u00e8re qui peut commencer. \u00bb<\/p>\n<p><em>\u00a0<strong>Sur Erdogan<\/em>\u00a0<\/strong><br \/>\n\u00ab Il tient parce qu\u2019il lui reste la dictature, la peur, la pers\u00e9cution. Et les industriels qui le soutiennent. Mais vu que l\u2019\u00e9conomie va tr\u00e8s mal, jusqu\u2019\u00e0 quand le soutiendront-ils ? \u00bb<br \/>\n\u00ab Le parti d\u2019Erdogan tient encore la majorit\u00e9 des districts d\u2019Istanbul donc il va pouvoir mettre des b\u00e2tons dans les roues. \u00bb<br \/>\n\u00ab L\u2019Occident n\u2019a pas cherch\u00e9 \u00e0 avoir un autre interlocuteur qu\u2019Erdogan. \u00c7a n\u2019est pas l\u2019Occident qui a fait voter les Istanbuliotes. \u00bb<br \/>\n\u00ab L\u2019Occident fait profil bas parce que la France a de nombreux int\u00e9r\u00eats \u00e9conomiques en Turquie. La France est trop silencieuse. \u00bb<\/p>\n<p><em>\u00a0<strong>Sur EELV et le ni gauche, ni droite<\/em>\u00a0<\/strong><br \/>\n\u00ab  Ce n\u2019est pas le mot gauche qui compte. \u00bb<br \/>\n\u00ab Quand on dit \u201cpas de gauche\u201d on parle de la gauche gouvernementale qui a montr\u00e9 qu\u2019elle n\u2019\u00e9tait pas \u00e0 la hauteur pour changer les choses dans ce pays. \u00bb<br \/>\n\u00ab EELV est garante elle-m\u00eame des grands principes de gauche : justice sociale, lutte contre la x\u00e9nophobie, soutien des minorit\u00e9s sexuelles, religieuses, ethniques mais aussi de la lutte contre la fraude fiscale. Nous ne sommes pas seulement environnementaliste, on se bat aussi pour que la pollution cesse, qu\u2019on arr\u00eate le r\u00e9chauffement climatique et qu\u2019on prot\u00e8ge la biodiversit\u00e9. \u00bb<br \/>\n\u00ab L\u2019\u00e9cologie politique est un ensemble. Je ne crois pas au fait de parce que nous disons plus gauche, nous aurions tout laiss\u00e9 tomber pour l\u2019\u00e9conomie de march\u00e9. Nous ne sommes pas pour les kolkhozes mais nous sommes pour une politique d\u2019ouverture d\u2019un march\u00e9 r\u00e9gul\u00e9 mais pas libre. \u00bb<br \/>\n\u00ab Le mot gauche est surcharg\u00e9 de n\u00e9gativit\u00e9. Je lui pr\u00e9f\u00e8re la maison commune \u00e9cologique et sociale. Nous pouvons proposer cette maison commune et jeter les bases d\u2019une alternative \u00e9cologique et sociale. \u00bb<\/p>\n<p><em>\u00a0<strong>Sur les municipales<\/em>\u00a0<\/strong><br \/>\n\u00ab Lors des municipales, il y aura naturellement des rapprochements &#8211; plut\u00f4t au deuxi\u00e8me tour dans les grandes villes &#8211; comme \u00e7a s\u2019est toujours fait. \u00bb<br \/>\n\u00ab Il faut construire un projet commun, \u00e9cologique et sociale, avec la soci\u00e9t\u00e9 civile, les associations et les ONG mais aussi avec les formations, les mouvements, pour aller de l\u2019avant. \u00bb<br \/>\n\u00ab La ligne rouge : c\u2019est \u201cpas d\u2019alliance ni avec l\u2019extr\u00eame droite, ni avec les macronistes, ni avec la droite\u201c. Et je crois que David Cormand (le secr\u00e9taire national de EELV) est de mon avis. \u00bb<br \/>\n\u00ab On ne fera pas d\u2019accord avec ceux qui d\u00e9fendent l\u2019\u00e9conomie productiviste, l\u2019\u00e9conomie lib\u00e9rale tous azimuts. Cela ne signifie pas non plus que l\u2019on veut revenir au marxisme. On peut se mettre avec les forces dites non marxistes et aller de l\u2019avant avec G\u00e9n\u00e9ration.s ou d\u2019autres. \u00bb<br \/>\n\u00ab Je respecte les communistes, je respecte l\u2019id\u00e9ologie des autres. \u00bb<br \/>\n\u00ab Il faut rester modestes face aux r\u00e9sultats r\u00e9jouissants des europ\u00e9ennes. \u00bb<\/p>\n<p><em>\u00a0<strong>Sur la d\u00e9mocratie \u00e0 la France Insoumise<\/em>\u00a0<\/strong><br \/>\n\u00ab Je ne connais pas ce qui se passe \u00e0 l\u2019int\u00e9rieur de la France insoumise. \u00bb<br \/>\n\u00ab Je partage nombre de points importants de la politique que met en avant la France insoumise. \u00bb<br \/>\n\u00ab Le mauvais score de la France insoumise est li\u00e9 \u00e0 cette confusion autour de la question europ\u00e9enne. \u00bb<br \/>\n\u00ab Je suis pour qu\u2019il y ait plus de d\u00e9mocratie interne, que les militants aient le droit de dire non. \u00bb<br \/>\n\u00ab Je ne suis pas adepte du populisme. \u00bb<br \/>\n\u00ab J\u2019ai un v\u0153u : ne laissons pas p\u00e9rir toutes ces formations allant de l\u2019extr\u00eame gauche \u00e0 la gauche. Ne pas aider cette gauche \u00e0 se relever, c\u2019est laisser \u00e0 la R\u00e9publique En Marche tout le pouvoir et se diriger lentement vers un parti unique. Le parti unique est l\u2019ennemi num\u00e9ro un de la d\u00e9mocratie. \u00bb<div id='gallery-1' class='gallery galleryid-11686 gallery-columns-3 gallery-size-thumbnail'><figure class='gallery-item'>\n\t\t\t<div class='gallery-icon landscape'>\n\t\t\t\t<a href='https:\/\/archives.regards.fr\/wp-content\/uploads\/2019\/06\/capture_d_e_cran_2019-06-25_a_13-4e4.05.52.png'><img loading=\"lazy\" decoding=\"async\" width=\"150\" height=\"150\" src=\"https:\/\/archives.regards.fr\/wp-content\/uploads\/2019\/06\/capture_d_e_cran_2019-06-25_a_13-4e4.05.52-150x150.png\" class=\"attachment-thumbnail size-thumbnail\" alt=\"capture_d_e_cran_2019-06-25_a_13.05.52.png\" \/><\/a>\n\t\t\t<\/div><\/figure>\n\t\t<\/div>\n<\/p>\n","protected":false},"excerpt":{"rendered":"<p>Le pr\u00e9sident Erdogan a subi un revers historique \u00e0 Istanbul, laissant place \u00e0 un maire issu de la social-d\u00e9mocratie. Une nouvelle \u00e8re peut-elle s\u2019ouvrir sur la Turquie ? On en parle avec Esther Benbassa, s\u00e9natrice \u00e9cologiste de Paris. <\/p>\n","protected":false},"author":1204,"featured_media":27765,"comment_status":"open","ping_status":"open","sticky":false,"template":"","format":"standard","meta":{"_themeisle_gutenberg_block_has_review":false,"footnotes":""},"categories":[238],"tags":[293],"class_list":["post-11686","post","type-post","status-publish","format-standard","has-post-thumbnail","hentry","category-la-midinale","tag-entretien"],"_links":{"self":[{"href":"https:\/\/archives.regards.fr\/index.php?rest_route=\/wp\/v2\/posts\/11686","targetHints":{"allow":["GET"]}}],"collection":[{"href":"https:\/\/archives.regards.fr\/index.php?rest_route=\/wp\/v2\/posts"}],"about":[{"href":"https:\/\/archives.regards.fr\/index.php?rest_route=\/wp\/v2\/types\/post"}],"author":[{"embeddable":true,"href":"https:\/\/archives.regards.fr\/index.php?rest_route=\/wp\/v2\/users\/1204"}],"replies":[{"embeddable":true,"href":"https:\/\/archives.regards.fr\/index.php?rest_route=%2Fwp%2Fv2%2Fcomments&post=11686"}],"version-history":[{"count":0,"href":"https:\/\/archives.regards.fr\/index.php?rest_route=\/wp\/v2\/posts\/11686\/revisions"}],"wp:featuredmedia":[{"embeddable":true,"href":"https:\/\/archives.regards.fr\/index.php?rest_route=\/wp\/v2\/media\/27765"}],"wp:attachment":[{"href":"https:\/\/archives.regards.fr\/index.php?rest_route=%2Fwp%2Fv2%2Fmedia&parent=11686"}],"wp:term":[{"taxonomy":"category","embeddable":true,"href":"https:\/\/archives.regards.fr\/index.php?rest_route=%2Fwp%2Fv2%2Fcategories&post=11686"},{"taxonomy":"post_tag","embeddable":true,"href":"https:\/\/archives.regards.fr\/index.php?rest_route=%2Fwp%2Fv2%2Ftags&post=11686"}],"curies":[{"name":"wp","href":"https:\/\/api.w.org\/{rel}","templated":true}]}}