{"id":11685,"date":"2019-06-24T14:10:06","date_gmt":"2019-06-24T12:10:06","guid":{"rendered":"https:\/\/wp.muchomaas.com\/article-aurore-lalucq-on-s-est-longtemps-interdit-de-penser-certaines-choses-de-peur-de\/"},"modified":"2023-06-23T23:42:03","modified_gmt":"2023-06-23T21:42:03","slug":"article-aurore-lalucq-on-s-est-longtemps-interdit-de-penser-certaines-choses-de-peur-de","status":"publish","type":"post","link":"https:\/\/archives.regards.fr\/?p=11685","title":{"rendered":"Aurore Lalucq : \u00ab On s\u2019est longtemps interdit de penser certaines choses de peur de passer pour un gauchiste \u00bb"},"content":{"rendered":"<p class=\"post_excerpt\">Elle vient de signer avec d\u2019autres \u00e9lus de gauche, une tribune contre le CETA, un trait\u00e9 de libre-\u00e9change entre le Canada et l\u2019UE. Elue eurod\u00e9put\u00e9e le 26 mai dernier sur la liste Place Publique-Parti socialiste, Aurore Lalucq est l\u2019invit\u00e9e de la Midinale.<\/p>\n<p><iframe loading=\"lazy\" width=\"490\" height=\"276\" src=\"https:\/\/www.youtube.com\/embed\/TyW6N9Kow-g\" frameborder=\"0\" allow=\"accelerometer; autoplay; encrypted-media; gyroscope; picture-in-picture\" allowfullscreen><\/iframe><\/p>\n<p>&nbsp;<\/p>\n<p><h2>VERBATIM<\/h2>\n<p>&nbsp;<\/p>\n<p>\n<em>\u00a0<strong>Sur la ratification tr\u00e8s prochaine du CETA par la France<\/em>\u00a0<\/strong><br \/>\n\u00ab Emmanuel Macron avait promis pendant la campagne pr\u00e9sidentielle de mettre en place une commission d\u2019experts ind\u00e9pendants pour tenter d\u2019\u00e9valuer les cons\u00e9quences d\u00e9mocratiques, sociales, environnementales et sanitaires du CETA. Elle s\u2019est r\u00e9unie, un rapport a \u00e9t\u00e9 publi\u00e9 \u2013 et ce n\u2019est pas une bande de gauchistes \u2013 et des risques sanitaires et d\u00e9mocratiques r\u00e9els ont \u00e9t\u00e9 mis en lumi\u00e8re. \u00bb<br \/>\n\u00ab Des entreprises pourront se retourner contre des r\u00e9glementations qui seront mises en place au niveau national. \u00bb<br \/>\n\u00ab A titre personnel, je n\u2019ai rien contre le commerce international et le fait que des pays \u00e9changent entre eux. Mais c\u2019est une question de priorit\u00e9 : la mondialisation est d\u00e9j\u00e0 tr\u00e8s approfondie et je ne crois pas que ce soit une urgence d\u2019approfondir les \u00e9changes entre le Canada et la France. \u00bb<\/p>\n<p><em>\u00a0<strong>Sur les trait\u00e9s de libre-\u00e9change<\/em>\u00a0<\/strong><br \/>\n\u00ab Il faut repenser la fa\u00e7on dont on commerce aujourd\u2019hui : les \u00e9changes internationaux ne peuvent pas aller contre la lutte contre le d\u00e9r\u00e8glement climatique et la perte de la biodiversit\u00e9. \u00bb<br \/>\n\u00ab Il y a un nombre ph\u00e9nom\u00e9nal d\u2019accords dans les tuyaux [de l\u2019Europe]. Donc il va falloir faire du bruit, expliquer, d\u00e9voiler, montrer la valeur r\u00e9elle de ces accords. \u00bb<br \/>\n\u00ab Toute une partie de la gauche et des Verts n\u2019\u00e9tait pas vraiment contre les accords de libre-\u00e9change. Mais \u00e7a a \u00e9volu\u00e9 et \u00e7a continue d\u2019\u00e9voluer. \u00bb<br \/>\n\u00ab Il faut un lien fort entre la soci\u00e9t\u00e9 civile et les d\u00e9put\u00e9s europ\u00e9ens pour ne pas faire que gagner des majorit\u00e9s mais faire \u00e9voluer la bataille culturelle. \u00bb<\/p>\n<p><em>\u00a0<strong>Sur le vote du groupe de l\u2019alliance des Socialistes et D\u00e9mocrates du Parlement europ\u00e9en en faveur du CETA<\/em>\u00a0<\/strong><br \/>\n\u00ab Aucun groupe du Parlement europ\u00e9en n\u2019est homog\u00e8ne et il y a des \u00e9volutions. \u00bb<\/p>\n<p><em>\u00a0<strong>Sur sa volont\u00e9 de si\u00e9ger au sein du groupe Verts puis social-d\u00e9mocrate<\/em>\u00a0<\/strong><br \/>\n\u00ab Claire [Nouvian] m\u2019a convaincue d\u2019aller chez les sociaux d\u00e9mocrates. \u00bb<br \/>\n\u00ab Quand on voit le jeu au Parlement europ\u00e9en, on voit bien que la puret\u00e9 et la coh\u00e9rence des groupes n\u2019est pas l\u00e0. \u00bb<br \/>\n\u00ab La question des groupes au Parlement europ\u00e9en n\u2019est pas si d\u00e9terminante que \u00e7a. \u00bb<br \/>\n\u00ab Il y avait peu de diff\u00e9rences programmatiques entre les listes donc on a trouv\u00e9 les appartenances aux groupes pour en faire. \u00bb<\/p>\n<p><em>\u00a0<strong>Sur G\u00e9n\u00e9ration.s, sur Place Publique et sur le Parti socialiste<\/em>\u00a0<\/strong><br \/>\n\u00ab Je regrette que G\u00e9n\u00e9ration.s n\u2019ait pas d\u2019\u00e9lu.e.s au Parlement europ\u00e9en, notamment Guillaume Balas, m\u00eame si j\u2019ai des diff\u00e9rences strat\u00e9giques avec lui. \u00bb<br \/>\n\u00ab Place Publique n\u2019a jamais l\u00e2ch\u00e9 l\u2019affaire sur la question du rassemblement. \u00bb<br \/>\n\u00ab Le rassemblement, il y a ceux qui en parlent et ceux qui le font. \u00bb<br \/>\n\u00ab J\u2019ai toujours \u00e9t\u00e9 critique envers le Parti socialiste mais, mine de rien, c\u2019est le seul qui a \u00e9t\u00e9 capable de faire le rassemblement avec des gens qui ont \u00e9t\u00e9 tr\u00e8s critiques comme avec Rapha\u00ebl Glucksmann qui l\u2019a \u00e9t\u00e9 envers les ann\u00e9es Mitterrand. \u00bb<br \/>\n\u00ab L\u2019inventaire d\u2019Olivier Faure [sur les ann\u00e9es Hollande] a \u00e9t\u00e9 un pas vers le rassemblement. \u00bb<br \/>\n\u00ab Le fait que le PS fasse l\u2019effort de rassemblement, de ne pas avoir la t\u00eate de liste ni un d\u00e9put\u00e9 sur deux [sur la liste] montre qu\u2019on n\u2019\u00e9tait pas dans les paroles mais dans les actes. \u00bb<br \/>\n\u00ab La campagne s\u2019est bien pass\u00e9e avec les militants mais surtout avec les militants de la gauche. \u00bb<br \/>\n\u00ab La division est fatigante pour les \u00e9lecteurs. \u00bb<\/p>\n<p><em>\u00a0<strong>Sur le travail avec les autres groupes au Parlement europ\u00e9en<\/em>\u00a0<\/strong><br \/>\n\u00ab Je suis proche de Manon Aubry, je connais Marie Toussaint\u2026 Il faut dire les choses clairement : on se conna\u00eet tous. \u00bb<br \/>\n\u00ab Ce serait aberrant de ne pas travailler ensemble pour des raisons strat\u00e9giques. \u00bb<br \/>\n\u00ab On est capable, surtout une certaine g\u00e9n\u00e9ration, de se r\u00e9unir autour de combats tr\u00e8s clairs et tr\u00e8s identifi\u00e9s. \u00bb<\/p>\n<p><em>\u00a0<strong>Sur l\u2019\u00e9cologie politique et le rapport \u00e0 la gauche<\/em>\u00a0<\/strong><br \/>\n\u00ab L\u2019\u00e9cologie politique n\u2019a pas \u00e9t\u00e9 bien trait\u00e9e ces derni\u00e8res ann\u00e9es. Ni \u00e0 gauche, ni \u00e0 droite. Le logiciel reste productiviste. \u00bb<br \/>\n\u00ab Que l\u2019\u00e9cologie ait envie de prendre sa revanche, cela peut se comprendre. \u00bb<br \/>\n\u00ab Tous les mots en \u2013isme, je m\u2019en fous. Ce qui m\u2019int\u00e9resse, c\u2019est de faire plus que le discours sur la m\u00e9thode. \u00bb<br \/>\n\u00ab Il va falloir se mettre autour de la table et avoir un programme commun \u2013 qui est en fait d\u00e9j\u00e0 l\u00e0. \u00bb<br \/>\n\u00ab Si on veut lutter contre le bloc bourgeois de Bruno Amable et de Stefano Palombarini, il va falloir que l\u2019on soit \u00e0 la hauteur. \u00bb<\/p>\n<p><em>\u00a0<strong>Sur l\u2019\u00e9volution des d\u00e9bats, \u00e0 gauche notamment<\/em>\u00a0<\/strong><br \/>\n\u00ab Il y a 10-20 ans, le n\u00e9olib\u00e9ralisme \u00e9tait dominant : pour pouvoir cr\u00e9er des emplois, il fallait flexibiliser le march\u00e9 du travail, la dette publique \u00e9tait la m\u00e8re de tous les probl\u00e8mes. Mais aujourd\u2019hui, c\u2019est en train de bouger : \u2019OCDE, le FMI, la Banque Mondiale \u2013 m\u00eame Davos nous dit qu\u2019il faut faire de l\u2019investissement public et lutter contre le d\u00e9r\u00e8glement climatique ! \u00bb<br \/>\n\u00ab Il faut r\u00e9pondre \u00e0 la mobilisation des gilets jaunes qui a eu lieu. \u00bb<br \/>\n\u00ab Ces derni\u00e8res ann\u00e9es, il y a eu une r\u00e9duction du d\u00e9bat. On s\u2019est interdit de penser certaines choses de peur de passer pour un gauchiste. \u00bb<br \/>\n\u00ab M\u00eame la r\u00e9duction du temps de travail qui a \u00e9t\u00e9 l\u2019une des plus belles mesures de ces derni\u00e8res ann\u00e9es puisqu\u2019elle a cr\u00e9\u00e9 de l\u2019emploi et qu\u2019elle portait en germe un projet de soci\u00e9t\u00e9 beaucoup plus \u00e9galitaire, une nouvelle fa\u00e7on de vivre, un autre rapport au travail \u2013 m\u00eame si elle n\u2019\u00e9tait pas parfaite car il aurait fallu aller beaucoup plus loin ! M\u00eame \u00e7a, la gauche en a eu honte. \u00bb<br \/>\n\u00ab Depuis les gilets jaunes, on peut dire que la question \u00e9cologique est une question \u00e9minemment sociale, on peut oser parler de la hausse du SMIC, on peut oser parler de la r\u00e9forme institutionnelle. \u00bb<br \/>\n\u00ab Faisons, allons-y clairement, on y va sur le fond, on se rassemble, on signe les m\u00eames lois quand il faut les signer, on va dans les m\u00eames manifs quand il faut y aller et on verra apr\u00e8s s\u2019il faut passer par un parti-ombrelle ou chapeau, s\u2019il faut tout remettre \u00e0 plat pour cr\u00e9er un mouvement unique ou faire l\u2019union\u2026 peu importe, le principal, c\u2019est de faire. \u00bb<div id='gallery-1' class='gallery galleryid-11685 gallery-columns-3 gallery-size-thumbnail'><figure class='gallery-item'>\n\t\t\t<div class='gallery-icon landscape'>\n\t\t\t\t<a href='https:\/\/archives.regards.fr\/wp-content\/uploads\/2019\/06\/capture_d_e_cran_2019-06-24_a_13-ed0.45.02.png'><img loading=\"lazy\" decoding=\"async\" width=\"150\" height=\"150\" src=\"https:\/\/archives.regards.fr\/wp-content\/uploads\/2019\/06\/capture_d_e_cran_2019-06-24_a_13-ed0.45.02-150x150.png\" class=\"attachment-thumbnail size-thumbnail\" alt=\"capture_d_e_cran_2019-06-24_a_13.45.02.png\" \/><\/a>\n\t\t\t<\/div><\/figure>\n\t\t<\/div>\n<\/p>\n","protected":false},"excerpt":{"rendered":"<p>Elle vient de signer avec d\u2019autres \u00e9lus de gauche, une tribune contre le CETA, un trait\u00e9 de libre-\u00e9change entre le Canada et l\u2019UE. Elue eurod\u00e9put\u00e9e le 26 mai dernier sur la liste Place Publique-Parti socialiste, Aurore Lalucq est l\u2019invit\u00e9e de la Midinale.<\/p>\n","protected":false},"author":1204,"featured_media":27763,"comment_status":"open","ping_status":"open","sticky":false,"template":"","format":"standard","meta":{"_themeisle_gutenberg_block_has_review":false,"footnotes":""},"categories":[238],"tags":[293],"class_list":["post-11685","post","type-post","status-publish","format-standard","has-post-thumbnail","hentry","category-la-midinale","tag-entretien"],"_links":{"self":[{"href":"https:\/\/archives.regards.fr\/index.php?rest_route=\/wp\/v2\/posts\/11685","targetHints":{"allow":["GET"]}}],"collection":[{"href":"https:\/\/archives.regards.fr\/index.php?rest_route=\/wp\/v2\/posts"}],"about":[{"href":"https:\/\/archives.regards.fr\/index.php?rest_route=\/wp\/v2\/types\/post"}],"author":[{"embeddable":true,"href":"https:\/\/archives.regards.fr\/index.php?rest_route=\/wp\/v2\/users\/1204"}],"replies":[{"embeddable":true,"href":"https:\/\/archives.regards.fr\/index.php?rest_route=%2Fwp%2Fv2%2Fcomments&post=11685"}],"version-history":[{"count":0,"href":"https:\/\/archives.regards.fr\/index.php?rest_route=\/wp\/v2\/posts\/11685\/revisions"}],"wp:featuredmedia":[{"embeddable":true,"href":"https:\/\/archives.regards.fr\/index.php?rest_route=\/wp\/v2\/media\/27763"}],"wp:attachment":[{"href":"https:\/\/archives.regards.fr\/index.php?rest_route=%2Fwp%2Fv2%2Fmedia&parent=11685"}],"wp:term":[{"taxonomy":"category","embeddable":true,"href":"https:\/\/archives.regards.fr\/index.php?rest_route=%2Fwp%2Fv2%2Fcategories&post=11685"},{"taxonomy":"post_tag","embeddable":true,"href":"https:\/\/archives.regards.fr\/index.php?rest_route=%2Fwp%2Fv2%2Ftags&post=11685"}],"curies":[{"name":"wp","href":"https:\/\/api.w.org\/{rel}","templated":true}]}}