{"id":11683,"date":"2019-06-20T12:00:00","date_gmt":"2019-06-20T10:00:00","guid":{"rendered":"https:\/\/wp.muchomaas.com\/article-patrick-weil-sur-la-privatisation-d-adp-c-est-comme-si-l-on-vendait-le\/"},"modified":"2023-06-23T23:42:01","modified_gmt":"2023-06-23T21:42:01","slug":"article-patrick-weil-sur-la-privatisation-d-adp-c-est-comme-si-l-on-vendait-le","status":"publish","type":"post","link":"https:\/\/archives.regards.fr\/?p=11683","title":{"rendered":"Patrick Weil sur la privatisation d&#8217;ADP : \u00ab C\u2019est comme si l\u2019on vendait le d\u00e9partement de la Loz\u00e8re \u00bb"},"content":{"rendered":"<p class=\"post_excerpt\">Hier soir \u00e0 Saint-Denis, un meeting r\u00e9unissait des personnalit\u00e9s de droite et de gauche pour lancer la mobilisation en faveur d&#8217;un r\u00e9f\u00e9rendum contre la privatisation d&#8217;ADP. L&#8217;historien, sp\u00e9cialiste des questions d&#8217;immigration et de citoyennet\u00e9, Patrick Weil, y participait. Il est l&#8217;invit\u00e9 de #LaMidinale.<\/p>\n<p><iframe loading=\"lazy\" width=\"490\" height=\"276\" src=\"https:\/\/www.youtube.com\/embed\/PepWssjCjK0\" frameborder=\"0\" allow=\"accelerometer; autoplay; encrypted-media; gyroscope; picture-in-picture\" allowfullscreen><\/iframe><\/p>\n<p>&nbsp;<\/p>\n<p><h2>VERBATIM<\/h2>\n<p>&nbsp;<\/p>\n<p>\n<em>\u00a0<strong>Sur la privatisation du groupe ADP (anciennement A\u00e9roports de Paris)<\/em>\u00a0<\/strong><br \/>\n\u00ab Si A\u00e9roports de Paris est privatis\u00e9, \u00e7a va probablement devenir la plus grande propri\u00e9t\u00e9 priv\u00e9e de France sur laquelle on pourra b\u00e9tonner et k\u00e9roz\u00e9niser. \u00bb<br \/>\n\u00ab Dans cette guerre mondiale contre le r\u00e9chauffement de la plan\u00e8te, on va donner des armes aux ennemis. \u00bb<br \/>\n\u00ab Il s\u2019agit de b\u00e9tonner et faire plus de profits. \u00bb<br \/>\n\u00ab ADP, c&#8217;est 200 millions d\u2019euros qui tombent dans la poche du contribuable fran\u00e7ais tous les ans et qu\u2019il faudra compenser par des imp\u00f4ts qui seront pay\u00e9s par tous les Fran\u00e7ais dont le plupart ne prennent pas l\u2019avion. \u00bb<br \/>\n\u00ab A\u00e9roports de Paris est un monopole, ce qui n\u2019est pas le cas de l\u2019a\u00e9roport de Toulouse. \u00bb<br \/>\n\u00ab Il y a un monopole des vols qui nous relient au monde qui va \u00eatre vendu au priv\u00e9. \u00bb<br \/>\n\u00ab ADP, c&#8217;est deux tiers de la surface de Paris que l\u2019on vend. C\u2019est l\u2019\u00e9quivalent d\u2019un d\u00e9partement. C\u2019est comme si l\u2019on disait \u201con vend la Loz\u00e8re\u201d. \u00bb<\/p>\n<p><em>\u00a0<strong>Sur la mobilisation citoyenne et l\u2019arc r\u00e9publicain<\/em>\u00a0<\/strong><br \/>\n\u00ab Ce qui est int\u00e9ressant, c\u2019est qu\u2019il y a plusieurs motifs pour \u00eatre contre la privatisation. \u00bb<br \/>\n \u00ab Je pense que c\u2019est un sujet qui touche \u00e0 plusieurs domaines qui peuvent toucher les Fran\u00e7ais. \u00bb<br \/>\n\u00ab ADP est un domaine de souverainet\u00e9 : A\u00e9roports de Paris est la premi\u00e8re fronti\u00e8re de la France. \u00bb<br \/>\n\u00ab Il y a des gens qui sont de droite et pro-march\u00e9 qui ne veulent pas qu\u2019on privatise un monopole qui produit une rente. \u00bb<br \/>\n\u00ab Il s\u2019est pass\u00e9 quelque chose avec les gilets jaunes avec une vraie demande de participation mais aussi le sentiment de s\u2019\u00eatre fait avoir sur la privatisation des autoroutes : chez toutes les personnes attach\u00e9es \u00e0 la d\u00e9mocratie et \u00e0 la R\u00e9publique, il y a une volont\u00e9 de retrouver la possibilit\u00e9 de donner aux citoyens les moyens de s\u2019exprimer par le vote plut\u00f4t que la violence, par le d\u00e9bat plut\u00f4t que l\u2019invective. \u00bb<\/p>\n<p><em>\u00a0<strong>Sur le site internet du gouvernement<\/em>\u00a0<\/strong><br \/>\n\u00ab Quand je vois ce gouvernement s\u2019indigner de la possibilit\u00e9 qui est offerte \u00e0 la d\u00e9mocratie de se d\u00e9velopper, je suis inquiet. \u00bb<br \/>\n\u00ab Je suis inquiet de voir des dirigeants de ce pays protester contre la possibilit\u00e9 qui est donn\u00e9e \u00e0 des citoyens de s\u2019inscrire sur un site pour demander un r\u00e9f\u00e9rendum. \u00bb<br \/>\n\u00ab Dans cette proc\u00e9dure, le seul alli\u00e9 des citoyens, c\u2019est le Conseil Constitutionnel. \u00bb<br \/>\n\u00ab C\u2019est le Conseil Constitutionnel qui a demand\u00e9 aux deux Assembl\u00e9es de bien vouloir adapter leur r\u00e8glement pour permettre que la proc\u00e9dure puisse aller jusqu\u2019au bout. Mais pour l\u2019instant, elles ne l\u2019ont pas fait. \u00bb<br \/>\n\u00ab Je pense que, sans faire de comptage permanent [sur le nombre de signataires] qui nuirait \u00e0 la mobilisation &#8211; les gens seraient en permanence derri\u00e8re les chiffres plut\u00f4t que d\u2019\u00eatre sur le terrain \u00e0 recueillir les signatures -, il suffit d\u2019avoir les chiffres une fois par semaine. \u00bb<br \/>\n\u00ab L\u2019important, c\u2019est : qu\u2019est-ce qu\u2019on fait chacun d\u2019entre nous pour recueillir 10 ou 20 signatures ? \u00bb<\/p>\n<p><em>\u00a0<strong>Sur le r\u00e9f\u00e9rendum et le gouvernement<\/em>\u00a0<\/strong><br \/>\n\u00ab Le gouvernement n\u2019a rien fait du tout pour l\u2019instant. \u00bb<br \/>\n\u00ab Pour l\u2019instant, le gouvernement n\u2019a rien fait, il n\u2019a fait que parler. \u00bb<br \/>\n\u00ab Avec M. Macron, il faut se m\u00e9fier des paroles, il faut des actes. \u00bb<br \/>\n\u00ab Pour l\u2019instant, ce que je remarque, c\u2019est que Macron est contre le r\u00e9f\u00e9rendum. \u00bb<\/p>\n<p><em>\u00a0<strong>Sur les quotas migratoires<\/em>\u00a0<\/strong><br \/>\n\u00ab Je pense que M. Castaner ne fait que recycler les propositions de monsieur Sarkozy. \u00bb<br \/>\n\u00ab Le quota attire l\u2019immigration et est un moyen de favoriser l\u2019immigration. \u00bb<br \/>\n\u00ab Le quota ne freine pas l\u2019immigration, il l\u2019acc\u00e9l\u00e8re. Je dis chiche [au gouvernement]. \u00bb<div id='gallery-1' class='gallery galleryid-11683 gallery-columns-3 gallery-size-thumbnail'><figure class='gallery-item'>\n\t\t\t<div class='gallery-icon landscape'>\n\t\t\t\t<a href='https:\/\/archives.regards.fr\/wp-content\/uploads\/2019\/06\/capture_d_e_cran_2019-06-20_a_11-869.20.41.png'><img loading=\"lazy\" decoding=\"async\" width=\"150\" height=\"150\" src=\"https:\/\/archives.regards.fr\/wp-content\/uploads\/2019\/06\/capture_d_e_cran_2019-06-20_a_11-869.20.41-150x150.png\" class=\"attachment-thumbnail size-thumbnail\" alt=\"capture_d_e_cran_2019-06-20_a_11.20.41.png\" \/><\/a>\n\t\t\t<\/div><\/figure>\n\t\t<\/div>\n<\/p>\n","protected":false},"excerpt":{"rendered":"<p>Hier soir \u00e0 Saint-Denis, un meeting r\u00e9unissait des personnalit\u00e9s de droite et de gauche pour lancer la mobilisation en faveur d&#8217;un r\u00e9f\u00e9rendum contre la privatisation d&#8217;ADP. L&#8217;historien, sp\u00e9cialiste des questions d&#8217;immigration et de citoyennet\u00e9, Patrick Weil, y participait. Il est l&#8217;invit\u00e9 de #LaMidinale.<\/p>\n","protected":false},"author":1039,"featured_media":27759,"comment_status":"open","ping_status":"open","sticky":false,"template":"","format":"standard","meta":{"_themeisle_gutenberg_block_has_review":false,"footnotes":""},"categories":[238],"tags":[293],"class_list":["post-11683","post","type-post","status-publish","format-standard","has-post-thumbnail","hentry","category-la-midinale","tag-entretien"],"_links":{"self":[{"href":"https:\/\/archives.regards.fr\/index.php?rest_route=\/wp\/v2\/posts\/11683","targetHints":{"allow":["GET"]}}],"collection":[{"href":"https:\/\/archives.regards.fr\/index.php?rest_route=\/wp\/v2\/posts"}],"about":[{"href":"https:\/\/archives.regards.fr\/index.php?rest_route=\/wp\/v2\/types\/post"}],"author":[{"embeddable":true,"href":"https:\/\/archives.regards.fr\/index.php?rest_route=\/wp\/v2\/users\/1039"}],"replies":[{"embeddable":true,"href":"https:\/\/archives.regards.fr\/index.php?rest_route=%2Fwp%2Fv2%2Fcomments&post=11683"}],"version-history":[{"count":0,"href":"https:\/\/archives.regards.fr\/index.php?rest_route=\/wp\/v2\/posts\/11683\/revisions"}],"wp:featuredmedia":[{"embeddable":true,"href":"https:\/\/archives.regards.fr\/index.php?rest_route=\/wp\/v2\/media\/27759"}],"wp:attachment":[{"href":"https:\/\/archives.regards.fr\/index.php?rest_route=%2Fwp%2Fv2%2Fmedia&parent=11683"}],"wp:term":[{"taxonomy":"category","embeddable":true,"href":"https:\/\/archives.regards.fr\/index.php?rest_route=%2Fwp%2Fv2%2Fcategories&post=11683"},{"taxonomy":"post_tag","embeddable":true,"href":"https:\/\/archives.regards.fr\/index.php?rest_route=%2Fwp%2Fv2%2Ftags&post=11683"}],"curies":[{"name":"wp","href":"https:\/\/api.w.org\/{rel}","templated":true}]}}