{"id":11682,"date":"2019-06-19T12:57:04","date_gmt":"2019-06-19T10:57:04","guid":{"rendered":"https:\/\/wp.muchomaas.com\/article-bertrand-badie-le-diplomate-essaie-de-toucher-l-adversaire-ou-le-partenaire-la\/"},"modified":"2023-06-23T23:42:00","modified_gmt":"2023-06-23T21:42:00","slug":"article-bertrand-badie-le-diplomate-essaie-de-toucher-l-adversaire-ou-le-partenaire-la","status":"publish","type":"post","link":"https:\/\/archives.regards.fr\/?p=11682","title":{"rendered":"Bertrand Badie : \u00ab Le diplomate essaie de toucher l\u2019adversaire ou le partenaire l\u00e0 o\u00f9 Trump essaie de toucher son \u00e9lectorat \u00bb"},"content":{"rendered":"<p class=\"post_excerpt\">\u00c0 bient\u00f4t 500 jours des \u00e9lections pr\u00e9sidentielles am\u00e9ricaines, le pr\u00e9sident Trump a lanc\u00e9 hier soir sa campagne \u00e0 coups de \u00ab Keep America Great \u00bb. L\u2019Am\u00e9rique est-elle toujours une grande puissance ? Bertrand Badie, professeur de science politique, sp\u00e9cialiste des relations internationales, est l\u2019invit\u00e9 de #LaMidinale.<\/p>\n<p><iframe loading=\"lazy\" width=\"490\" height=\"276\" src=\"https:\/\/www.youtube.com\/embed\/XiigqDuTTNg\" frameborder=\"0\" allow=\"accelerometer; autoplay; encrypted-media; gyroscope; picture-in-picture\" allowfullscreen><\/iframe><\/p>\n<p>&nbsp;<\/p>\n<p><h2>VERBATIM<\/h2>\n<p>&nbsp;<\/p>\n<p>\n<em>\u00a0<strong>Sur la puissance am\u00e9ricaine<\/em>\u00a0<\/strong><br \/>\n\u00ab Trump s\u2019adresse \u00e0 une fraction de l\u2019\u00e9lectorat qui est inqui\u00e8te de se voir en situation de r\u00e9gression. \u00bb<br \/>\n\u00ab Ce qu\u2019on appelle aux Etats-Unis \u201cle petit blanc am\u00e9ricain\u201d se consid\u00e8re menac\u00e9 par la mont\u00e9e des minorit\u00e9s et notamment hispanophone et la minorit\u00e9 noire. \u00bb<br \/>\n\u00ab La mondialisation commence \u00e0 \u00eatre per\u00e7ue dans beaucoup de secteurs de l\u2019\u00e9conomie am\u00e9ricain et de la soci\u00e9t\u00e9 am\u00e9ricaine comme une mauvaise affaire pour les Etats-Unis, n\u00e9gative et source de diminution des revenus. \u00bb<\/p>\n<p><em>\u00a0<strong>Sur la place des Etats-Unis dans le monde<\/em>\u00a0<\/strong><br \/>\n\u00ab Sur le plan international et g\u00e9ostrat\u00e9gique, le bilan est assez impressionnant : les Etats-Unis n\u2019ont pas gagn\u00e9 une guerre men\u00e9e \u00e0 leur initiative depuis 1945 ni le Vietnam, ni l\u2019Afghanistan, ni la Somalie, ni l\u2019Irak. \u00bb<br \/>\n\u00ab La force des Etats-Unis, ce qui faisait qu\u2019ils \u00e9taient les gendarmes du monde, est pass\u00e9e. \u00bb<\/p>\n<p><em>\u00a0<strong>Sur Trump et le m\u00e9pris du multilat\u00e9ralisme<\/em>\u00a0<\/strong><br \/>\n\u00ab D\u00e8s que vous vous en prenez \u00e0 l\u2019autre, d\u00e8s que vous d\u00e9noncez l\u2019\u00e9tranger &#8211; a fortiori si vous en faites un bouc \u00e9missaire &#8211; vous \u00eates gagnant. Lorsque vous cristallisez cette hostilit\u00e9 \u00e0 l\u2019\u00e9gard de l\u2019autre dans la critique du multilat\u00e9ralisme, vous vous rendez encore plus populaire. \u00bb<br \/>\n\u00ab La fibre nationaliste passe, d\u2019une mani\u00e8re ou d\u2019une autre, par une critique du multilat\u00e9ralisme. C\u2019est \u00e9lectoralement gagnant. C\u2019est l\u00e0-dessus que Trump a gagn\u00e9 en novembre 2016. \u00bb<\/p>\n<p><em>\u00a0<strong>Sur Trump et la guerre<\/em>\u00a0<\/strong><br \/>\n\u00ab Il y a ceux qui comprennent que le monde ne peut survivre que dans l\u2019interd\u00e9pendance et donc \u00e0 partir d\u2019une gestion des biens communs de l\u2019humanit\u00e9 &#8211; dont la paix fait partie &#8211; et ceux qui consid\u00e8rent que seule la carte nationale peut servir de guide \u00e0 la production d\u2019une diplomatie. Et quand vous suivez ce fil, qui est le fil trumpien, vous allez quelque part en direction de la guerre. \u00bb<br \/>\n\u00ab Les Etats-nations sont n\u00e9s pour se faire concurrence, pour rivaliser. Donc si vous partez de l\u2019hypoth\u00e8se nationaliste, vous \u00eates dans une logique concurrentielle, et si vous \u00eates dans cette logique concurrentielle, la guerre peut \u00eatre au bout de la rue. \u00bb<\/p>\n<p><em>\u00a0<strong>Sur la diplomatie par le tweet<\/em>\u00a0<\/strong><br \/>\n\u00ab Trump n\u2019a pas de diplomatie au sens classique du terme. \u00bb<br \/>\n\u00ab La diplomatie, c\u2019est \u00e9tablir des ponts, des passerelles, tenter de r\u00e9gler des diff\u00e9rends \u2013 une technique plut\u00f4t secr\u00e8te que publique. Avec Trump, nous avons affaire \u00e0 exactement le contraire : non pas une technique diplomatique mais une technique de communication, non pas une diplomatie orient\u00e9e vers la solution des probl\u00e8mes mais une diplomatie \u00e9lectorale, plus exactement une diplomatie d\u2019affichage. \u00bb<br \/>\n\u00ab Le diplomate essaye de toucher l\u2019adversaire ou le partenaire. Trump essaye de toucher son \u00e9lectorat. \u00bb<\/p>\n<p><em>\u00a0<strong>Sur la d\u00e9mission du secr\u00e9taire d\u2019Etat aux arm\u00e9es<\/em>\u00a0<\/strong><br \/>\n\u00ab Il y a un certainement un d\u00e9saccord [sur le dossier iranien au sein de l\u2019administration Trump]. \u00bb<br \/>\n\u00ab Dans l\u2019histoire contemporaine, m\u00eame du temps de George W. Bush, il y avait des tensions entre le Pentagone et la Maison Blanche. \u00bb<br \/>\n\u00ab Les arm\u00e9es ne sont pas les plus va-t-en-guerre dans nos syst\u00e8mes contemporains parce que les arm\u00e9es se rendent compte de l\u2019impossibilit\u00e9 technique de r\u00e9aliser les buts assign\u00e9s par les politiques. \u00bb<br \/>\n\u00ab Il n\u2019y a pas que le Pentagone qui a \u00e9t\u00e9 touch\u00e9 par cette instabilit\u00e9 : le d\u00e9partement d\u2019Etat, l\u2019\u00e9quipe de la Maison Blanche \u00e9galement. \u00bb<br \/>\n\u00ab La pr\u00e9sidence Trump est probablement recordman en mati\u00e8re d\u2019instabilit\u00e9 de personnel : \u00e7a veut dire que la ligne politique n\u2019est pas tr\u00e8s claire. \u00c7a veut dire aussi l\u2019inconstance du pr\u00e9sident, l\u2019effet de ses humeurs et le d\u00e9sir de gouverner en \u00e9tant le maitre des horloges et des personnes. \u00bb<br \/>\n\u00ab Comme l\u2019administration Trump est instable, comment voulez-vous que l\u2019administration am\u00e9ricaine soit cr\u00e9dible aupr\u00e8s de ses partenaires dans le monde ? \u00bb<\/p>\n<p><em>\u00a0<strong>Sur Trump et l\u2019Iran<\/em>\u00a0<\/strong><br \/>\n\u00ab C\u2019est une diplomatie d\u2019affichage : l\u2019id\u00e9e, c\u2019est de montrer que l\u2019on tient t\u00eate aux Iraniens &#8211; axe du mal. \u00bb<br \/>\n\u00ab Cette strat\u00e9gie d\u2019affichage est une strat\u00e9gie dangereuse car elle conduit \u00e0 jouer avec toutes les fibres bellicistes et imaginables, l\u2019augmentation de la pression militaire, les mises en \u00e9tat d\u2019alerte, le d\u00e9placement des forces am\u00e9ricaines vers le Golfe mais aussi jouer de l\u2019humiliation &#8211; qui pousse celui qui vous fait face \u00e0 la radicalit\u00e9 et donc \u00e0 des discours d\u2019escalade. \u00bb<br \/>\n\u00ab L\u2019un des r\u00eaves de Trump et de son entourage, c\u2019est de restructurer le Moyen-Orient (\u2026). Et cela s\u2019est renforc\u00e9 par l\u2019id\u00e9e qui, il y a quelques ann\u00e9es, aurait paru compl\u00e8tement farfelue, d\u2019un axe Riad-Tel-Aviv-Washington qui devient de plus en plus fondamental. \u00bb<br \/>\n\u00ab La seule fa\u00e7on de faire vivre cette alliance, c\u2019est de lui trouver un ennemi commun : l\u2019Iran, c\u2019est l\u2019ennemi id\u00e9al. Il soude contre lui l\u2019Arabie Saoudite, Isra\u00ebl, l\u2019Egypte, etc. \u00bb<\/p>\n<p><em>\u00a0<strong>Sur les Etats-Unis et la Chine<\/em>\u00a0<\/strong><br \/>\n\u00ab Il y a une \u00e9vidence qui s\u2019impose aux yeux des Etats-Unis, c\u2019est que la Chine est en train d\u2019installer une h\u00e9g\u00e9monie \u00e9conomique. \u00bb<br \/>\n\u00ab Le projet num\u00e9ro 1 de la Chine, c\u2019est non seulement de contr\u00f4ler le march\u00e9 mondial mais aussi de reconstruire les normes internationales d\u2019\u00e9changes \u00e9conomiques et sociaux. C\u2019est une rupture qui fait peur \u00e0 Washington que les Am\u00e9ricains tentent d\u2019endiguer en asphyxiant le g\u00e9ant \u00e9conomique chinois. \u00bb<br \/>\n\u00ab La pr\u00e9dominance \u00e9conomique des Etats-Unis et leur capacit\u00e9 \u00e0 d\u00e9finir les normes du commerce international se trouvent menac\u00e9es par la Chine. \u00bb<br \/>\n\u00ab En asphyxiant l\u2019\u00e9conomie chinoise, \u00e0 terme, on s\u2019auto-asphyxie. \u00bb<\/p>\n<p><em>\u00a0<strong>Sur les candidats d\u00e9mocrates<\/em>\u00a0<\/strong><br \/>\n\u00ab Il faut admettre que si Trump a \u00e9t\u00e9 \u00e9lu en 2016, c\u2019est par que la candidate du Parti d\u00e9mocrate \u00e9tait le mauvais candidat : un candidat qui de toute mani\u00e8re n\u2019avait que peu de chance de gagner. \u00bb<br \/>\n\u00ab Le probl\u00e8me est de savoir si on va commettre la m\u00eame erreur [que la candidature Clinton], c\u2019est-\u00e0-dire si le candidat d\u00e9mocrate va \u00e9pouser la forme classique du Parti d\u00e9mocrate et \u00eatre, de ce fait, tr\u00e8s vuln\u00e9rable, cible id\u00e9ale pour Trump. Ou si, au contraire, on renoue avec la candidature Obama, c\u2019est-\u00e0-dire chercher un candidat parmi les anciennes minorit\u00e9s culturelles des Etats-Unis qui aurait l\u2019avantage de mobiliser un \u00e9lectorat qui g\u00e9n\u00e9ralement ne vote pas et donc de renforcer le calme d\u00e9mocrate tout en d\u00e9sarmant quelque peu Trump qui ne pourrait pas accuser son adversaire de porter les couleurs d\u2019un establishment qu\u2019il d\u00e9nonce. \u00bb<br \/>\n\u00ab Derri\u00e8re cet enjeu de personne et d\u2019image, il y a un enjeu programmatique. \u00bb<div id='gallery-1' class='gallery galleryid-11682 gallery-columns-3 gallery-size-thumbnail'><figure class='gallery-item'>\n\t\t\t<div class='gallery-icon landscape'>\n\t\t\t\t<a href='https:\/\/archives.regards.fr\/wp-content\/uploads\/2019\/06\/capture_d_e_cran_2019-06-19_a_12-b4d.45.24.png'><img loading=\"lazy\" decoding=\"async\" width=\"150\" height=\"150\" src=\"https:\/\/archives.regards.fr\/wp-content\/uploads\/2019\/06\/capture_d_e_cran_2019-06-19_a_12-b4d.45.24-150x150.png\" class=\"attachment-thumbnail size-thumbnail\" alt=\"capture_d_e_cran_2019-06-19_a_12.45.24.png\" \/><\/a>\n\t\t\t<\/div><\/figure>\n\t\t<\/div>\n<\/p>\n","protected":false},"excerpt":{"rendered":"<p>\u00c0 bient\u00f4t 500 jours des \u00e9lections pr\u00e9sidentielles am\u00e9ricaines, le pr\u00e9sident Trump a lanc\u00e9 hier soir sa campagne \u00e0 coups de \u00ab Keep America Great \u00bb. L\u2019Am\u00e9rique est-elle toujours une grande puissance ? Bertrand Badie, professeur de science politique, sp\u00e9cialiste des relations internationales, est l\u2019invit\u00e9 de #LaMidinale.<\/p>\n","protected":false},"author":1039,"featured_media":27757,"comment_status":"open","ping_status":"open","sticky":false,"template":"","format":"standard","meta":{"_themeisle_gutenberg_block_has_review":false,"footnotes":""},"categories":[238],"tags":[293],"class_list":["post-11682","post","type-post","status-publish","format-standard","has-post-thumbnail","hentry","category-la-midinale","tag-entretien"],"_links":{"self":[{"href":"https:\/\/archives.regards.fr\/index.php?rest_route=\/wp\/v2\/posts\/11682","targetHints":{"allow":["GET"]}}],"collection":[{"href":"https:\/\/archives.regards.fr\/index.php?rest_route=\/wp\/v2\/posts"}],"about":[{"href":"https:\/\/archives.regards.fr\/index.php?rest_route=\/wp\/v2\/types\/post"}],"author":[{"embeddable":true,"href":"https:\/\/archives.regards.fr\/index.php?rest_route=\/wp\/v2\/users\/1039"}],"replies":[{"embeddable":true,"href":"https:\/\/archives.regards.fr\/index.php?rest_route=%2Fwp%2Fv2%2Fcomments&post=11682"}],"version-history":[{"count":0,"href":"https:\/\/archives.regards.fr\/index.php?rest_route=\/wp\/v2\/posts\/11682\/revisions"}],"wp:featuredmedia":[{"embeddable":true,"href":"https:\/\/archives.regards.fr\/index.php?rest_route=\/wp\/v2\/media\/27757"}],"wp:attachment":[{"href":"https:\/\/archives.regards.fr\/index.php?rest_route=%2Fwp%2Fv2%2Fmedia&parent=11682"}],"wp:term":[{"taxonomy":"category","embeddable":true,"href":"https:\/\/archives.regards.fr\/index.php?rest_route=%2Fwp%2Fv2%2Fcategories&post=11682"},{"taxonomy":"post_tag","embeddable":true,"href":"https:\/\/archives.regards.fr\/index.php?rest_route=%2Fwp%2Fv2%2Ftags&post=11682"}],"curies":[{"name":"wp","href":"https:\/\/api.w.org\/{rel}","templated":true}]}}