{"id":11679,"date":"2019-06-18T12:02:47","date_gmt":"2019-06-18T10:02:47","guid":{"rendered":"https:\/\/wp.muchomaas.com\/article-malika-zediri-la-gauche-a-abandonne-les-categories-populaires\/"},"modified":"2023-06-23T23:41:59","modified_gmt":"2023-06-23T21:41:59","slug":"article-malika-zediri-la-gauche-a-abandonne-les-categories-populaires","status":"publish","type":"post","link":"https:\/\/archives.regards.fr\/?p=11679","title":{"rendered":"Malika Zediri : \u00ab La gauche a abandonn\u00e9 les cat\u00e9gories populaires \u00bb"},"content":{"rendered":"<p class=\"post_excerpt\">Le gouvernement pr\u00e9sentait ce matin sa r\u00e9forme pour l\u2019assurance ch\u00f4mage. Malika Zediri, militante des droits des ch\u00f4meurs et des pr\u00e9caires, est l\u2019invit\u00e9e de #LaMidinale.<\/p>\n<p><iframe loading=\"lazy\" width=\"490\" height=\"276\" src=\"https:\/\/www.youtube.com\/embed\/CsnuGid484E\" frameborder=\"0\" allow=\"accelerometer; autoplay; encrypted-media; gyroscope; picture-in-picture\" allowfullscreen><\/iframe><\/p>\n<p>&nbsp;<\/p>\n<p><h2>VERBATIM<\/h2>\n<p>&nbsp;<\/p>\n<p>\n<em>\u00a0<strong>Sur la question du baccalaur\u00e9at de philosophie pour la fili\u00e8re ES : \u00ab le travail divise-t-il les hommes ? \u00bb<\/em>\u00a0<\/strong><br \/>\n\u00ab Oui, le travail &#8211; ou plut\u00f4t le non-travail &#8211; divise les hommes. \u00bb<br \/>\n\u00ab Quand on manque de travail, \u00e7a divise les hommes. \u00bb<br \/>\n\u00ab Il ne faut pas s\u2019habituer \u00e0 voir des gens travailler pour trois fois rien ou \u00e0 la t\u00e2che. \u00bb<br \/>\n\u00ab Le taux d\u2019acceptation dans la soci\u00e9t\u00e9 a sacr\u00e9ment recul\u00e9. \u00c7a ne choque plus personne de voir des gens pay\u00e9s quelques centaines d\u2019euros pour aller bosser dans n\u2019importe quelles conditions. \u00bb<br \/>\n\u00ab \u00c7a ne choque personne que les gens qui sont dits \u201cpas qualifi\u00e9s\u201d ou \u201cpas avec leur bac\u201d soient condamn\u00e9s \u00e0 la pr\u00e9carit\u00e9 \u00e0 perp\u00e9tuit\u00e9. \u00bb<\/p>\n<p><em>\u00a0<strong>Sur la r\u00e9signation des militants<\/em>\u00a0<\/strong><br \/>\n\u00ab On est le dos au mur. On ne sait plus comment faire, on a collectivement plus confiance en nous. \u00bb<\/p>\n<p><em>\u00a0<strong>Sur la r\u00e9forme de l\u2019assurance ch\u00f4mage<\/em>\u00a0<\/strong><br \/>\n\u00ab Moins d\u2019un ch\u00f4meur sur deux est indemnis\u00e9. \u00bb<br \/>\n\u00ab M\u00eame les boulots les plus pourris et les plus difficiles sont pris. \u00bb<br \/>\n\u00ab Chaque fois qu\u2019on met le doigts dans la d\u00e9gressivit\u00e9, on ouvre la porte \u00e0 quelque chose d\u2019autre. \u00bb<br \/>\n\u00ab On ne mesure pas ce que c\u2019est que de retrouver un emploi. \u00bb<br \/>\n\u00ab Il faudrait accepter de se sous-qualifier et de se disqualifier en permanence pour pouvoir passer au travers des fourches caudines du n\u2019importe quoi. \u00bb<br \/>\n\u00ab L\u2019objectif, c\u2019est de r\u00e9duire l\u2019indemnisation ch\u00f4mage comme peau de chagrin pour que les gens soient en situation d\u2019accepter n\u2019importe quoi. \u00bb<br \/>\n\u00ab Il faut accepter l\u2019id\u00e9e que chercher du travail, c\u2019est long. \u00bb<br \/>\n\u00ab J\u2019aurais aim\u00e9 que les cadres soient parfois plus solidaires pour ceux qui ne sont pas cadres. La moyenne de l\u2019allocation ch\u00f4mage n\u2019est que de 800\u20ac. \u00bb<br \/>\n\u00ab Les quatre milliards r\u00e9clam\u00e9s par le gouvernement, c\u2019est les quatre milliards perdus par l\u2019ISF : on tape encore sur les m\u00eames. \u00bb<\/p>\n<p><em>\u00a0<strong>Sur l\u2019accompagnement des ch\u00f4meurs<\/em>\u00a0<\/strong><br \/>\n\u00ab L\u2019accompagnement des ch\u00f4meurs passe par du monde \u00e0 P\u00f4le Emploi et un suivi qui ne se soit pas policier. \u00bb<br \/>\n\u00ab En dehors des contr\u00f4les, P\u00f4le Emploi ne met plus jamais en relation un ch\u00f4meur avec un emploi. \u00bb<\/p>\n<p><em>\u00a0<strong>Sur l\u2019alternative au ch\u00f4mage<\/em>\u00a0<\/strong><br \/>\n\u00ab Depuis des ann\u00e9es les associations de ch\u00f4meurs disent qu\u2019il faut tout remettre \u00e0 plat. \u00bb<br \/>\n\u00ab On est dans la reproduction de ce qui a d\u00e9j\u00e0 exist\u00e9 : la d\u00e9gressivit\u00e9 a d\u00e9j\u00e0 \u00e9t\u00e9 mise en place dans les ann\u00e9es 90 et c\u2019est une catastrophe pour les gens quand \u00e7a les touche. \u00bb<br \/>\n\u00ab Notre vie n\u2019est pas d\u00e9gressive. \u00bb<\/p>\n<p><em>\u00a0<strong>Sur le bonus\/malus des contrats courts<\/em>\u00a0<\/strong><br \/>\n\u00ab \u00c7a n\u2019est pas suffisant. \u00bb<br \/>\n\u00ab Les employeurs ont toujours \u00e9t\u00e9 tr\u00e8s en col\u00e8re sur le fait qu\u2019on indemnise les gens. \u00bb<br \/>\n\u00ab Le patronat a aussi quelque responsabilit\u00e9 dans la situation dans laquelle on est. \u00bb<\/p>\n<p><em>\u00a0<strong>Sur l\u2019\u00e9tat de la gauche<\/em>\u00a0<\/strong><br \/>\n\u00ab La gauche est en panne. \u00bb<br \/>\n\u00ab J\u2019ai l\u2019optimisme chevill\u00e9 au corps. Il n\u2019y a que les batailles que l\u2019on ne m\u00e8ne pas que l\u2019on est s\u00fbr de perdre. \u00bb<br \/>\n\u00ab Ce qui me fait surtout peur, c\u2019est les mondes qui ne se croisent plus. \u00bb<br \/>\n\u00ab Il y a une violence sociale qu\u2019on n\u2019a jamais vue. \u00bb<br \/>\n\u00ab Il faut fabriquer du commun. \u00bb<\/p>\n<p><em>\u00a0<strong>Sur le d\u00e9bat populisme versus gauche<\/em>\u00a0<\/strong><br \/>\n\u00ab Ce que je sais, c\u2019est que depuis longtemps, on p\u00eache sur la m\u00eame chose : les failles sont les m\u00eames dans la soci\u00e9t\u00e9. \u00bb<br \/>\n\u00ab Il y a un probl\u00e8me de repr\u00e9sentation des milieux populaires, partout. \u00bb<br \/>\n\u00ab Il y a plein de gens qui ignorent compl\u00e8tement ce qu\u2019il se passe au-del\u00e0 du p\u00e9riph\u00e9rique. \u00bb<br \/>\n\u00ab La gauche a abandonn\u00e9 les cat\u00e9gories populaires. \u00bb<\/p>\n<p><em>\u00a0<strong>Sur les \u00e9ch\u00e9ances \u00e9lectorales \u00e0 venir<\/em>\u00a0<\/strong><br \/>\n\u00ab Dans le mouvement social, on a toujours peur des p\u00e9riodes \u00e9lectorales. \u00bb<br \/>\n\u00ab Attaquer les \u00e9ch\u00e9ances \u00e9lectorales en \u00e9tant en panne dans toute une partie de la soci\u00e9t\u00e9, c\u2019est toujours tr\u00e8s inqui\u00e9tant. \u00bb<br \/>\n\u00ab Il faut que la gauche r\u00e9investisse le champ des luttes. \u00bb<br \/>\n\u00ab Il faut arr\u00eater, \u00e0 gauche, avec la machine \u00e0 se taper dessus. \u00bb<br \/>\n\u00ab Il faut qu\u2019on arr\u00eate de perdre. Il faut r\u00e9apprendre \u00e0 faire mouvement ensemble. \u00bb<br \/>\n\u00ab Je ne dis pas \u201cil faut sauver la gauche\u201d, je dis \u201cil faut inventer autre chose\u201d. \u00bb<div id='gallery-1' class='gallery galleryid-11679 gallery-columns-3 gallery-size-thumbnail'><figure class='gallery-item'>\n\t\t\t<div class='gallery-icon landscape'>\n\t\t\t\t<a href='https:\/\/archives.regards.fr\/wp-content\/uploads\/2019\/06\/capture_d_e_cran_2019-06-18_a_11-324.24.38.png'><img loading=\"lazy\" decoding=\"async\" width=\"150\" height=\"150\" src=\"https:\/\/archives.regards.fr\/wp-content\/uploads\/2019\/06\/capture_d_e_cran_2019-06-18_a_11-324.24.38-150x150.png\" class=\"attachment-thumbnail size-thumbnail\" alt=\"capture_d_e_cran_2019-06-18_a_11.24.38.png\" \/><\/a>\n\t\t\t<\/div><\/figure>\n\t\t<\/div>\n<\/p>\n","protected":false},"excerpt":{"rendered":"<p>Le gouvernement pr\u00e9sentait ce matin sa r\u00e9forme pour l\u2019assurance ch\u00f4mage. Malika Zediri, militante des droits des ch\u00f4meurs et des pr\u00e9caires, est l\u2019invit\u00e9e de #LaMidinale.<\/p>\n","protected":false},"author":1039,"featured_media":27755,"comment_status":"open","ping_status":"open","sticky":false,"template":"","format":"standard","meta":{"_themeisle_gutenberg_block_has_review":false,"footnotes":""},"categories":[238],"tags":[293],"class_list":["post-11679","post","type-post","status-publish","format-standard","has-post-thumbnail","hentry","category-la-midinale","tag-entretien"],"_links":{"self":[{"href":"https:\/\/archives.regards.fr\/index.php?rest_route=\/wp\/v2\/posts\/11679","targetHints":{"allow":["GET"]}}],"collection":[{"href":"https:\/\/archives.regards.fr\/index.php?rest_route=\/wp\/v2\/posts"}],"about":[{"href":"https:\/\/archives.regards.fr\/index.php?rest_route=\/wp\/v2\/types\/post"}],"author":[{"embeddable":true,"href":"https:\/\/archives.regards.fr\/index.php?rest_route=\/wp\/v2\/users\/1039"}],"replies":[{"embeddable":true,"href":"https:\/\/archives.regards.fr\/index.php?rest_route=%2Fwp%2Fv2%2Fcomments&post=11679"}],"version-history":[{"count":0,"href":"https:\/\/archives.regards.fr\/index.php?rest_route=\/wp\/v2\/posts\/11679\/revisions"}],"wp:featuredmedia":[{"embeddable":true,"href":"https:\/\/archives.regards.fr\/index.php?rest_route=\/wp\/v2\/media\/27755"}],"wp:attachment":[{"href":"https:\/\/archives.regards.fr\/index.php?rest_route=%2Fwp%2Fv2%2Fmedia&parent=11679"}],"wp:term":[{"taxonomy":"category","embeddable":true,"href":"https:\/\/archives.regards.fr\/index.php?rest_route=%2Fwp%2Fv2%2Fcategories&post=11679"},{"taxonomy":"post_tag","embeddable":true,"href":"https:\/\/archives.regards.fr\/index.php?rest_route=%2Fwp%2Fv2%2Ftags&post=11679"}],"curies":[{"name":"wp","href":"https:\/\/api.w.org\/{rel}","templated":true}]}}