{"id":11678,"date":"2019-06-17T12:28:46","date_gmt":"2019-06-17T10:28:46","guid":{"rendered":"https:\/\/wp.muchomaas.com\/article-taha-bouhafs-je-ne-suis-pas-plus-journaliste-militant-qu-un-journaliste-du\/"},"modified":"2023-06-23T23:41:58","modified_gmt":"2023-06-23T21:41:58","slug":"article-taha-bouhafs-je-ne-suis-pas-plus-journaliste-militant-qu-un-journaliste-du","status":"publish","type":"post","link":"https:\/\/archives.regards.fr\/?p=11678","title":{"rendered":"Taha Bouhafs : \u00ab Je ne suis pas plus journaliste militant qu\u2019un journaliste du Point ou de BFMTV \u00bb"},"content":{"rendered":"<p class=\"post_excerpt\">Le 11 juin, Taha Bouhafs a \u00e9t\u00e9 maintenu en garde \u00e0 vue pendant 24h apr\u00e8s une violente interpellation par les forces de l\u2019ordre, alors qu\u2019il couvrait une manifestation de soutien \u00e0 des travailleurs sans papiers. Poursuivi pour \u00ab outrage et r\u00e9bellion sur une personne d\u00e9positaire de l&#8217;autorit\u00e9 publique \u00bb, le journaliste \u00e0 L\u00e0-bas si j\u2019y suis est l\u2019invit\u00e9 de #LaMidinale.<\/p>\n<p><iframe loading=\"lazy\" width=\"490\" height=\"276\" src=\"https:\/\/www.youtube.com\/embed\/oSrzuzqdUGE\" frameborder=\"0\" allow=\"accelerometer; autoplay; encrypted-media; gyroscope; picture-in-picture\" allowfullscreen><\/iframe><\/p>\n<p>&nbsp;<\/p>\n<p><h2>VERBATIM<\/h2>\n<p>&nbsp;<\/p>\n<p>\n<em>\u00a0<strong>Sur l\u2019interpellation de Taha Bouhafs<\/em>\u00a0<\/strong><br \/>\n\u00ab Ce qui s\u2019est pass\u00e9 (son interpellation, NDLR) est assez syst\u00e9matique : quand je vais au boulot, je sais que \u00e7a peut arriver. \u00bb<br \/>\n\u00ab Quand on va en manifestation ou en piquet de gr\u00e8ve, on a syst\u00e9matiquement des policiers qui essaient de nous emp\u00eacher de faire notre boulot. \u00bb<br \/>\n\u00ab Il y a un ciblage particulier [des journalistes] qui est assez insidieux. \u00bb<br \/>\n\u00ab Il y a un moment donn\u00e9 o\u00f9 on n\u2019accepte plus parce qu\u2019on est juste en train de faire notre boulot. \u00bb<\/p>\n<p><em>\u00a0<strong>Sur le soutien des r\u00e9dactions<\/em>\u00a0<\/strong><br \/>\n\u00ab Il y a une violation en r\u00e8gle du secret des sources. \u00bb<br \/>\n\u00ab On m\u2019emp\u00eache de faire mon boulot mais on s\u2019attaque aussi \u00e0 la profession : quand on met mon t\u00e9l\u00e9phone sous scell\u00e9s et qu\u2019il est envoy\u00e9 au parquet de Cr\u00e9teil pour \u00eatre exploit\u00e9, c\u2019est une attaque contre la profession. Si les informateurs &#8211; les sources &#8211; n\u2019ont plus confiance dans le fait que les t\u00e9l\u00e9phones ou les ordinateurs des journalistes sont s\u00e9curis\u00e9s et prot\u00e9g\u00e9s, il n\u2019y a plus d\u2019information. \u00bb<\/p>\n<p><em>\u00a0<strong>Sur les motifs de la plainte contre Taha Bouhafs<\/em>\u00a0<\/strong><br \/>\n\u00ab J\u2019ai d\u00e9j\u00e0 \u00e9t\u00e9 accus\u00e9 plusieurs fois, plus jeunes, d\u2019outrage et r\u00e9bellion. C\u2019est un motif qu\u2019on utilise beaucoup dans les quartiers populaires. A partir du moment o\u00f9 on a un jeune en face, qui n\u2019a commis aucune infraction, et dont la gueule ne revient pas, on lui fout un \u201coutrage et r\u00e9bellion\u201d. \u00bb<br \/>\n\u00ab Quand on n\u2019a rien \u00e0 reprocher \u00e0 quelqu\u2019un, on l\u2019emm\u00e8ne au trou pour \u201coutrage et r\u00e9bellion\u201d. \u00bb<\/p>\n<p><em>\u00a0<strong>Sur les violences polici\u00e8res<\/em>\u00a0<\/strong><br \/>\n\u00ab Ces gens l\u00e0 [la cheffe IGPN et Christophe Castaner] ne sont pas dans le d\u00e9ni : ils savent tr\u00e8s bien ce qu\u2019ils font. \u00bb<br \/>\n\u00ab L\u2019institution polici\u00e8re est extr\u00eamement puissante et la v\u00e9rit\u00e9, c\u2019est qu\u2019on a un pr\u00e9sident de la R\u00e9publique qui se chie dessus devant les syndicats de police. \u00bb<br \/>\n\u00ab Aujourd\u2019hui, les syndicats de police ont plus de pouvoir que Castaner. \u00bb<br \/>\n\u00ab Le pouvoir de la police est un pouvoir politique \u00e0 part enti\u00e8re et c\u2019est un pouvoir fascisant. \u00bb<\/p>\n<p><em>\u00a0<strong>Sur le m\u00e9tier de journaliste<\/em>\u00a0<\/strong><br \/>\n\u00ab La d\u00e9finition de \u201cjournaliste militant\u201d m\u2019irait si on la collait \u00e0 tout le monde. \u00bb<br \/>\n\u00ab Militant, pour moi, \u00e7a n\u2019a jamais \u00e9t\u00e9 une insulte. \u00bb<br \/>\n\u00ab C\u2019est faux de dire qu\u2019aujourd\u2019hui, il y a des journalistes neutres ou objectifs. \u00bb<br \/>\n\u00ab Je ne suis pas plus journaliste militant qu\u2019un journaliste du Point ou de BFMTV. \u00bb<br \/>\n\u00ab Jean Quatremer annonce qu\u2019il soutient Emmanuel Macron sur Twitter publiquement et on ne lui dit pas qu\u2019il est un journaliste militant. \u00bb<br \/>\n\u00ab Je crois que le journalisme que je pratique raconte quelque chose sur leur fa\u00e7on \u00e0 eux de faire du journalisme : ils ont quitt\u00e9 le terrain depuis bien longtemps. \u00bb<\/p>\n<p><em>\u00a0<strong>Sur les rumeurs du bless\u00e9 grave de Tolbiac<\/em>\u00a0<\/strong><br \/>\n\u00ab \u00c0 ma d\u00e9charge, je n\u2019\u00e9tais pas journaliste \u00e0 ce moment-l\u00e0, j\u2019\u00e9tais \u00e9tudiant. \u00bb<br \/>\n\u00ab Je n\u2019\u00e9tais pas dans une d\u00e9marche journalistique, j\u2019ai relay\u00e9 sur Twitter des t\u00e9moignages &#8211; comme Marianne, comme Le M\u00e9dia et d\u2019autres &#8211; je me suis tromp\u00e9 et j\u2019ai fait une erreur. \u00bb<br \/>\n\u00ab J\u2019ai fait une erreur, \u00e7a m\u2019a fait une bonne le\u00e7on. \u00bb<br \/>\n\u00ab Depuis, je suis rentr\u00e9 dans une d\u00e9marche journalistique, de me documenter, de recouper mes informations et \u00e0 ne pas tomber dans la facilit\u00e9. \u00bb<br \/>\n\u00ab Il est malhonn\u00eate de continuer \u00e0 me le reprocher aujourd\u2019hui comme si d\u2019autres journalistes n\u2019avaient jamais fait cette erreur : les journalistes qui ont relay\u00e9 la fake news de Castaner sur l\u2019h\u00f4pital de la Salp\u00eatri\u00e8re, les images effac\u00e9es et falsifi\u00e9es avec la pancarte \u201cMacron d\u00e9gage\u201d et o\u00f9 \u201cd\u00e9gage\u201d a \u00e9t\u00e9 enlev\u00e9 ou encore des journalistes de l\u2019AFP qui annoncent que Bouygues est mort\u2026 \u00e7a arrive. \u00bb<div id='gallery-1' class='gallery galleryid-11678 gallery-columns-3 gallery-size-thumbnail'><figure class='gallery-item'>\n\t\t\t<div class='gallery-icon landscape'>\n\t\t\t\t<a href='https:\/\/archives.regards.fr\/wp-content\/uploads\/2019\/06\/capture_d_e_cran_2019-06-17_a_12-ead.12.30.png'><img loading=\"lazy\" decoding=\"async\" width=\"150\" height=\"150\" src=\"https:\/\/archives.regards.fr\/wp-content\/uploads\/2019\/06\/capture_d_e_cran_2019-06-17_a_12-ead.12.30-150x150.png\" class=\"attachment-thumbnail size-thumbnail\" alt=\"capture_d_e_cran_2019-06-17_a_12.12.30.png\" \/><\/a>\n\t\t\t<\/div><\/figure>\n\t\t<\/div>\n<\/p>\n","protected":false},"excerpt":{"rendered":"<p>Le 11 juin, Taha Bouhafs a \u00e9t\u00e9 maintenu en garde \u00e0 vue pendant 24h apr\u00e8s une violente interpellation par les forces de l\u2019ordre, alors qu\u2019il couvrait une manifestation de soutien \u00e0 des travailleurs sans papiers. Poursuivi pour \u00ab outrage et r\u00e9bellion sur une personne d\u00e9positaire de l&#8217;autorit\u00e9 publique \u00bb, le journaliste \u00e0 L\u00e0-bas si j\u2019y suis est l\u2019invit\u00e9 de #LaMidinale.<\/p>\n","protected":false},"author":1039,"featured_media":27753,"comment_status":"open","ping_status":"open","sticky":false,"template":"","format":"standard","meta":{"_themeisle_gutenberg_block_has_review":false,"footnotes":""},"categories":[238],"tags":[293],"class_list":["post-11678","post","type-post","status-publish","format-standard","has-post-thumbnail","hentry","category-la-midinale","tag-entretien"],"_links":{"self":[{"href":"https:\/\/archives.regards.fr\/index.php?rest_route=\/wp\/v2\/posts\/11678","targetHints":{"allow":["GET"]}}],"collection":[{"href":"https:\/\/archives.regards.fr\/index.php?rest_route=\/wp\/v2\/posts"}],"about":[{"href":"https:\/\/archives.regards.fr\/index.php?rest_route=\/wp\/v2\/types\/post"}],"author":[{"embeddable":true,"href":"https:\/\/archives.regards.fr\/index.php?rest_route=\/wp\/v2\/users\/1039"}],"replies":[{"embeddable":true,"href":"https:\/\/archives.regards.fr\/index.php?rest_route=%2Fwp%2Fv2%2Fcomments&post=11678"}],"version-history":[{"count":0,"href":"https:\/\/archives.regards.fr\/index.php?rest_route=\/wp\/v2\/posts\/11678\/revisions"}],"wp:featuredmedia":[{"embeddable":true,"href":"https:\/\/archives.regards.fr\/index.php?rest_route=\/wp\/v2\/media\/27753"}],"wp:attachment":[{"href":"https:\/\/archives.regards.fr\/index.php?rest_route=%2Fwp%2Fv2%2Fmedia&parent=11678"}],"wp:term":[{"taxonomy":"category","embeddable":true,"href":"https:\/\/archives.regards.fr\/index.php?rest_route=%2Fwp%2Fv2%2Fcategories&post=11678"},{"taxonomy":"post_tag","embeddable":true,"href":"https:\/\/archives.regards.fr\/index.php?rest_route=%2Fwp%2Fv2%2Ftags&post=11678"}],"curies":[{"name":"wp","href":"https:\/\/api.w.org\/{rel}","templated":true}]}}