{"id":11675,"date":"2019-06-13T12:12:11","date_gmt":"2019-06-13T10:12:11","guid":{"rendered":"https:\/\/wp.muchomaas.com\/article-cecile-blonquonsblanquer-blanquer-veut-construire-une-societe-aux-ordres\/"},"modified":"2023-06-23T23:41:51","modified_gmt":"2023-06-23T21:41:51","slug":"article-cecile-blonquonsblanquer-blanquer-veut-construire-une-societe-aux-ordres","status":"publish","type":"post","link":"https:\/\/archives.regards.fr\/?p=11675","title":{"rendered":"C\u00e9cile (#BlonquonsBlanquer) : \u00ab Blanquer veut construire une soci\u00e9t\u00e9 aux ordres \u00bb"},"content":{"rendered":"<p class=\"post_excerpt\">Ils ont lanc\u00e9 cette initiative #BloquonsBlanquer pour rassembler toute les contributions qui luttent contre les r\u00e9formes de Jean-Michel Blanquer et \u00ab le monde marchandis\u00e9 promu par l\u2019actuel gouvernement \u00bb comme ils l&#8217;\u00e9crivent sur leur site bloquonsblanquer.fr. En gr\u00e8ve \u00e0 nouveau aujourd\u2019hui, de nombreuses actions sont pr\u00e9vues dans les semaines \u00e0 venir : blocage du BAC, arr\u00eat des corrections, organisation d\u2019une \u00ab semaine d\u2019enfer \u00e0 Blanquer \u00bb. C\u00e9cile, professeur d\u2019art plastique, est l\u2019invit\u00e9e de #LaMidinale.<\/p>\n<p><iframe loading=\"lazy\" width=\"490\" height=\"276\" src=\"https:\/\/www.youtube.com\/embed\/2ZGEcSwnVbs\" frameborder=\"0\" allow=\"accelerometer; autoplay; encrypted-media; gyroscope; picture-in-picture\" allowfullscreen><\/iframe><\/p>\n<p>&nbsp;<\/p>\n<p><h2>VERBATIM<\/h2>\n<p>&nbsp;<\/p>\n<p>\n<em>\u00a0<strong>Sur le lib\u00e9ralisme \u00e9conomique appliqu\u00e9 \u00e0 l\u2019\u00e9cole<\/em>\u00a0<\/strong><br \/>\n\u00ab L\u2019Education nationale est vue comme quelque chose qui co\u00fbte. Et pour r\u00e9duire les co\u00fbts, on op\u00e8re des transferts du public vers le priv\u00e9, on trie les \u00e9l\u00e8ves de la maternelle jusqu\u2019\u00e0 l\u2019universit\u00e9 et ceux qui ont le droit ou pas d\u2019\u00e9tudier en France. \u00bb<br \/>\n\u00ab Ce tri est fait pour choisir qui aura acc\u00e8s au savoir et qui sera petite main pour faire marcher la machine. \u00bb<\/p>\n<p><em>\u00a0<strong>Sur la m\u00e9thode Blanquer<\/em>\u00a0<\/strong><br \/>\n\u00ab Le gouvernement actuel a promu l\u2019id\u00e9e de la disruption donc il y a une rupture dans l\u2019acc\u00e9l\u00e9ration [des r\u00e9formes] et le fait qu\u2019il est sourd \u00e0 toute contestation. Le gouvernement ne consulte pas et ment. \u00bb<br \/>\n\u00ab Ce gouvernement fait la guerre \u00e0 ceux au service duquel il devrait \u00eatre. \u00bb<br \/>\n\u00ab La confiance, \u00e7a ne s\u2019exige pas, \u00e7a se construit. \u00bb<br \/>\n\u00ab On a un ministre qui a choisi un mot qui \u00e9teint la pens\u00e9e, qui nous emp\u00eache de penser ce qui arrive. \u00bb<\/p>\n<p><em>\u00a0<strong>Sur le niveau des \u00e9l\u00e8ves<\/em>\u00a0<\/strong><br \/>\n\u00ab La baisse du niveau des \u00e9l\u00e8ves est un mensonge. \u00bb<br \/>\n\u00ab Dans les r\u00e9formes mises en place, il y a une distinction entre les \u00e9l\u00e8ves qui ont m\u00e9rit\u00e9 d\u2019acc\u00e9der au savoir et ceux pour qui on va cr\u00e9er une \u00e9cole dite du socle qui consiste \u00e0 lire, \u00e9crire, compter. Lire non pas comme comprendre mais juste d\u00e9chiffrer. \u00bb<br \/>\n\u00ab Avec des voies d\u2019excellence d\u00e8s la maternelle, on va augmenter les in\u00e9galit\u00e9s sociales. \u00bb<br \/>\n\u00ab Ce projet de loi va \u00eatre attaqu\u00e9 au Conseil constitutionnel pour rupture d\u2019\u00e9galit\u00e9. \u00bb<\/p>\n<p><em>\u00a0<strong>Sur les mobilisations \u00e0 venir<\/em>\u00a0<\/strong><br \/>\n\u00ab On a pr\u00e9vu de faire une semaine d\u2019enfer \u00e0 Blanquer qui doit se poursuivre jusqu\u2019au 22 et sans doute au-del\u00e0. \u00bb<br \/>\n\u00ab Il y a eu des gr\u00e8ves massives dans le premier degr\u00e9 et l\u00e0 c\u2019est le second degr\u00e9 qui prend le relai et qui bloque le f\u00e9tiche que constitue le bac (\u2026). En bloquant le bac, on a des chances que \u00e7a perce dans le d\u00e9bat public. \u00bb<br \/>\n\u00ab C\u2019est M. Blanquer qui prend en otage les \u00e9l\u00e8ves. \u00bb<\/p>\n<p><em>\u00a0<strong>Sur les revendications des enseignants<\/em>\u00a0<\/strong><br \/>\n\u00ab On r\u00e9clame des Etats g\u00e9n\u00e9raux de l\u2019\u00e9ducation, il faut tout remettre \u00e0 plat. \u00bb<br \/>\n\u00ab L\u2019\u00e9cole n\u2019est d\u00e9j\u00e0 pas g\u00e9niale aujourd\u2019hui mais l\u00e0, ce qu\u2019il y a de s\u00fbr, c\u2019est qu\u2019elle va \u00eatre totalement d\u00e9truite. \u00bb<br \/>\n\u00ab La d\u00e9mocratie est en train d\u2019\u00eatre attaqu\u00e9e. \u00bb<br \/>\n\u00ab L\u2019objectif est de faire une soci\u00e9t\u00e9 aux ordres. \u00bb<br \/>\n\u00ab On veut cr\u00e9er des petits citoyens, jusqu\u2019aux profs, jusqu\u2019aux parents, qui n\u2019ont plus les mots pour penser, pour le dire et qui ne peuvent plus contester. \u00bb<\/p>\n<p><em>\u00a0<strong>Sur les liens avec les autres luttes<\/em>\u00a0<\/strong><br \/>\n\u00ab Il y a un travail de fourmi qui est exerc\u00e9 depuis tr\u00e8s longtemps avec des assembl\u00e9es g\u00e9n\u00e9rales interprofessionnelles. \u00bb<br \/>\n\u00ab Ce m\u00eame gouvernement fait la guerre \u00e0 tout le monde : les gilets jaunes, les urgentistes\u2026\u00bb<br \/>\n\u00ab La mobilisation des profs a un caract\u00e8re hyper mobilisateur. \u00bb<\/p>\n<p><em>\u00a0<strong>Sur la place des syndicats<\/em>\u00a0<\/strong><br \/>\n\u00ab On est tr\u00e8s nombreux \u00e0 \u00eatre syndiqu\u00e9s (\u2026) mais les syndicats ne sont pas \u00e0 l\u2019initiative de cette tentative d\u2019alerter la population plus g\u00e9n\u00e9ralement sur quelque chose qui n\u2019est pas corporatiste. Mais ils sont avec nous et on les soutient. \u00bb<div id='gallery-1' class='gallery galleryid-11675 gallery-columns-3 gallery-size-thumbnail'><figure class='gallery-item'>\n\t\t\t<div class='gallery-icon landscape'>\n\t\t\t\t<a href='https:\/\/archives.regards.fr\/wp-content\/uploads\/2019\/06\/capture_d_e_cran_2019-06-13_a_10-895.22.50.png'><img loading=\"lazy\" decoding=\"async\" width=\"150\" height=\"150\" src=\"https:\/\/archives.regards.fr\/wp-content\/uploads\/2019\/06\/capture_d_e_cran_2019-06-13_a_10-895.22.50-150x150.png\" class=\"attachment-thumbnail size-thumbnail\" alt=\"capture_d_e_cran_2019-06-13_a_10.22.50.png\" \/><\/a>\n\t\t\t<\/div><\/figure>\n\t\t<\/div>\n<\/p>\n","protected":false},"excerpt":{"rendered":"<p>Ils ont lanc\u00e9 cette initiative #BloquonsBlanquer pour rassembler toute les contributions qui luttent contre les r\u00e9formes de Jean-Michel Blanquer et \u00ab le monde marchandis\u00e9 promu par l\u2019actuel gouvernement \u00bb comme ils l&#8217;\u00e9crivent sur leur site bloquonsblanquer.fr. En gr\u00e8ve \u00e0 nouveau aujourd\u2019hui, de nombreuses actions sont pr\u00e9vues dans les semaines \u00e0 venir : blocage du BAC, arr\u00eat des corrections, organisation d\u2019une \u00ab semaine d\u2019enfer \u00e0 Blanquer \u00bb. C\u00e9cile, professeur d\u2019art plastique, est l\u2019invit\u00e9e de #LaMidinale.<\/p>\n","protected":false},"author":1039,"featured_media":27747,"comment_status":"open","ping_status":"open","sticky":false,"template":"","format":"standard","meta":{"_themeisle_gutenberg_block_has_review":false,"footnotes":""},"categories":[238],"tags":[293],"class_list":["post-11675","post","type-post","status-publish","format-standard","has-post-thumbnail","hentry","category-la-midinale","tag-entretien"],"_links":{"self":[{"href":"https:\/\/archives.regards.fr\/index.php?rest_route=\/wp\/v2\/posts\/11675","targetHints":{"allow":["GET"]}}],"collection":[{"href":"https:\/\/archives.regards.fr\/index.php?rest_route=\/wp\/v2\/posts"}],"about":[{"href":"https:\/\/archives.regards.fr\/index.php?rest_route=\/wp\/v2\/types\/post"}],"author":[{"embeddable":true,"href":"https:\/\/archives.regards.fr\/index.php?rest_route=\/wp\/v2\/users\/1039"}],"replies":[{"embeddable":true,"href":"https:\/\/archives.regards.fr\/index.php?rest_route=%2Fwp%2Fv2%2Fcomments&post=11675"}],"version-history":[{"count":0,"href":"https:\/\/archives.regards.fr\/index.php?rest_route=\/wp\/v2\/posts\/11675\/revisions"}],"wp:featuredmedia":[{"embeddable":true,"href":"https:\/\/archives.regards.fr\/index.php?rest_route=\/wp\/v2\/media\/27747"}],"wp:attachment":[{"href":"https:\/\/archives.regards.fr\/index.php?rest_route=%2Fwp%2Fv2%2Fmedia&parent=11675"}],"wp:term":[{"taxonomy":"category","embeddable":true,"href":"https:\/\/archives.regards.fr\/index.php?rest_route=%2Fwp%2Fv2%2Fcategories&post=11675"},{"taxonomy":"post_tag","embeddable":true,"href":"https:\/\/archives.regards.fr\/index.php?rest_route=%2Fwp%2Fv2%2Ftags&post=11675"}],"curies":[{"name":"wp","href":"https:\/\/api.w.org\/{rel}","templated":true}]}}