{"id":11666,"date":"2019-06-06T12:13:30","date_gmt":"2019-06-06T10:13:30","guid":{"rendered":"https:\/\/wp.muchomaas.com\/article-sabrina-ali-benali-si-on-ne-fait-rien-on-va-faire-face-a-une-crise-sanitaire\/"},"modified":"2023-06-23T23:41:37","modified_gmt":"2023-06-23T21:41:37","slug":"article-sabrina-ali-benali-si-on-ne-fait-rien-on-va-faire-face-a-une-crise-sanitaire","status":"publish","type":"post","link":"https:\/\/archives.regards.fr\/?p=11666","title":{"rendered":"Sabrina Ali Benali : \u00ab Si on ne fait rien, on va faire face \u00e0 une crise sanitaire cet \u00e9t\u00e9 \u00bb"},"content":{"rendered":"<p class=\"post_excerpt\">Pr\u00e8s de 70 services d\u2019urgence sont en gr\u00e8ve depuis plusieurs semaines. Une manifestation des m\u00e9decins urgentistes a lieu aujourd\u2019hui. Pour en parler, Sabrina Ali Benali, m\u00e9decin, membre de l\u2019association Permanence de Soins, sympathisante LFI et auteure de &#8220;La r\u00e9volte d\u2019une interne&#8221; (Cherche Midi), est l\u2019invit\u00e9e de #LaMidinale.<\/p>\n<p><iframe loading=\"lazy\" width=\"490\" height=\"276\" src=\"https:\/\/www.youtube.com\/embed\/NoLnA8kz518\" frameborder=\"0\" allow=\"accelerometer; autoplay; encrypted-media; gyroscope; picture-in-picture\" allowfullscreen><\/iframe><\/p>\n<p>&nbsp;<\/p>\n<p><h2>VERBATIM<\/h2>\n<p>&nbsp;<\/p>\n<p>\n<em>\u00a0<strong>Sur l\u2019\u00e9tat de la gauche<\/em>\u00a0<\/strong><br \/>\n\u00ab Ce qui est d\u00e9sesp\u00e9rant, c\u2019est surtout le fait qu\u2019on n\u2019arrive pas \u00e0 donner confiance aux gens dans ce qu\u2019est la politique. \u00bb<br \/>\n\u00ab Tout le monde paye 40 ans de mensonges et de trahisons. \u00bb<br \/>\n\u00ab On a assist\u00e9 \u00e0 un soul\u00e8vement populaire d\u2019une immense ampleur. \u00bb<br \/>\n\u00ab On a, dans le secteur de la sant\u00e9, un mouvement de gr\u00e8ve d\u2019une ampleur in\u00e9dite sous la Ve R\u00e9publique. \u00bb<br \/>\n\u00ab Ne pas aller voter est aussi une forme d\u2019insurrection civique. \u00bb<br \/>\n\u00ab Il y a de la col\u00e8re et de la r\u00e9signation et c\u2019est aux progressistes, f\u00e9ministes, humanistes de savoir comment faire naitre de cette col\u00e8re, un espoir. \u00bb<\/p>\n<p><em>\u00a0<strong>Sur la convergence des luttes<\/em>\u00a0<\/strong><br \/>\n\u00ab On est en train de monter un collectif qui va traverser tous les corps de soignants et les \u00e9tablissements de soins, avec les citoyens, pour cr\u00e9er une convergence globale. \u00bb<br \/>\n\u00ab Je crois toujours que la lutte est une longue histoire. Il y a eu beaucoup de stupeur et de sid\u00e9ration (\u2026) : il y a une peur d\u2019aller manifester. \u00bb<br \/>\n\u00ab Il y a beaucoup de gens pour qui \u00e7a ne va pas et qui ne sont pas pr\u00eats \u00e0 risquer de perdre un \u0153il, une main ou d\u2019avoir un arr\u00eate de travail suite \u00e0 une blessure en manifestation. \u00bb<br \/>\n\u00ab Il est difficile de contester sous un pouvoir aussi autoritaire. \u00bb<\/p>\n<p><em>\u00a0<strong>Sur la manifestation des m\u00e9decins urgentistes<\/em>\u00a0<\/strong><br \/>\n\u00ab On va faire face \u00e0 une crise sanitaire cet \u00e9t\u00e9 si on ne fait rien. \u00bb<br \/>\n\u00ab Le gouvernement ne va pas pouvoir g\u00e9rer d\u2019avoir 70 services d\u2019urgences en arr\u00eat maladie cet \u00e9t\u00e9. \u00bb<br \/>\n\u00ab Il faut engager un rapport de force pour sortir de ces contraintes budg\u00e9taires qui nous \u00e9touffent. \u00bb<\/p>\n<p><em>\u00a0<strong>Sur les propos d\u2019Agn\u00e8s Buzyn \u00e0 propos des arr\u00eats maladie des soignants<\/em>\u00a0<\/strong><br \/>\n\u00ab Agn\u00e8s Buzyn cherche \u00e0 diviser, \u00e0 culpabiliser, comme si la culpabilit\u00e9 n\u2019\u00e9tait d\u00e9j\u00e0 pas assez grande. \u00bb<br \/>\n\u00ab On a \u00e9t\u00e9 nombreux \u00e0 \u00eatre dans un \u00e9tat de sid\u00e9ration en entendant ses propos. \u00bb<\/p>\n<p><em>\u00a0<strong>Sur la d\u00e9gradation des conditions de travail des soignants<\/em>\u00a0<\/strong><br \/>\n\u00ab Ce qui est s\u00fbr, c\u2019est que nous sommes la profession, au dessus de tous les autres services publics, la plus entam\u00e9e psychologiquement par son travail. \u00bb<br \/>\n\u00ab [A cause de la d\u00e9gradation des conditions de travail, de l\u2019attente des patients, etc.,] on fait dace \u00e0 des agressions et des incivilit\u00e9s. \u00bb<\/p>\n<p><em>\u00a0<strong>Sur l\u2019organisation des urgences<\/em>\u00a0<\/strong><br \/>\n\u00ab Les urgences r\u00e9pondent bien \u00e0 leurs missions. \u00bb<br \/>\n\u00ab On fait croire au mythe que les gens viennent pour rien aux urgences ; or, la r\u00e9alit\u00e9, c\u2019est que c\u2019est extr\u00eamement minoritaire. \u00bb<br \/>\n\u00ab Les gens ne viennent pas pour rien aux urgences, ils viennent \u00e0 d\u00e9faut d\u2019avoir trouv\u00e9 une autre solution. \u00bb<br \/>\n\u00ab Les urgences sont devenues le premier recours de plein de gens donc \u00e7a engorge \u00e9norm\u00e9ment (\u2026). Mais le probl\u00e8me, c\u2019est qu\u2019on n\u2019arrive pas \u00e0 avoir suffisamment de lits disponibles pour ne pas engorger les urgences (\u2026). On a ferm\u00e9 100.000 lits en 10 ans. \u00bb<\/p>\n<p><em>\u00a0<strong>Sur la privatisation de l\u2019h\u00f4pital public<\/em>\u00a0<\/strong><br \/>\n\u00ab On va vers une m\u00e9decine \u00e0 deux vitesses. \u00bb<br \/>\n\u00ab C\u2019est l\u2019ouverture au priv\u00e9 de structures et de start-ups qui offrent des services au sein m\u00eame de l\u2019h\u00f4pital (\u2026) puisque l\u2019administration et le personnel soignant n\u2019ont plus le temps de faire ces missions premi\u00e8res et de prendre soin des patients. \u00bb<\/p>\n<p><em>\u00a0<strong>Sur le moratoire des fermetures d\u2019h\u00f4pitaux<\/em>\u00a0<\/strong><br \/>\n\u00ab Laisser la pancarte \u00ab h\u00f4pital \u00bb et le vider de l\u2019int\u00e9rieur, c\u2019est sympa mais il faut arr\u00eater de se moquer de nous. \u00bb<br \/>\n\u00ab On continue \u00e0 l\u2019int\u00e9rieur des h\u00f4pitaux les politiques de contraintes budg\u00e9taires. \u00bb<br \/>\n\u00ab On est en train de tuer l\u2019h\u00f4pital de l\u2019int\u00e9rieur. \u00bb<\/p>\n<p><em>\u00a0<strong>Sur la prise de conscience de la d\u00e9gradation du syst\u00e8me de sant\u00e9<\/em>\u00a0<\/strong><br \/>\n\u00ab Pour beaucoup de monde, la situation se porte uniquement sur la focale des urgences. \u00bb<br \/>\n\u00ab Il y a un d\u00e9vouement du personnel hospitalier qui essaie de cacher les manquements. \u00bb<br \/>\n\u00ab Il n\u2019y a pas de prise de conscience r\u00e9elle de la gravit\u00e9 de la situation : aujourd\u2019hui, on peut d\u00e9c\u00e9der en salle d\u2019attente. La mortalit\u00e9 augmente avec les heures d\u2019attentes et l\u2019absence de lits \u00e0 destination. Oui, aujourd\u2019hui, nous, d\u2019\u00e9puisement, on peut faire une erreur m\u00e9dicale. \u00bb<br \/>\n\u00ab On a du mal \u00e0 alerter et \u00e0 faire prendre conscience. Il faut que notre message soit plus entendu. Il y a un probl\u00e8me de relais m\u00e9diatiques. \u00bb<br \/>\n\u00ab Les m\u00e9dias dominants ne passent pas la r\u00e9alit\u00e9 de notre message. \u00bb<div id='gallery-1' class='gallery galleryid-11666 gallery-columns-3 gallery-size-thumbnail'><figure class='gallery-item'>\n\t\t\t<div class='gallery-icon landscape'>\n\t\t\t\t<a href='https:\/\/archives.regards.fr\/wp-content\/uploads\/2019\/06\/capture_d_e_cran_2019-06-06_a_12-022.12.03.png'><img loading=\"lazy\" decoding=\"async\" width=\"150\" height=\"150\" src=\"https:\/\/archives.regards.fr\/wp-content\/uploads\/2019\/06\/capture_d_e_cran_2019-06-06_a_12-022.12.03-150x150.png\" class=\"attachment-thumbnail size-thumbnail\" alt=\"capture_d_e_cran_2019-06-06_a_12.12.03.png\" \/><\/a>\n\t\t\t<\/div><\/figure>\n\t\t<\/div>\n<\/p>\n","protected":false},"excerpt":{"rendered":"<p>Pr\u00e8s de 70 services d\u2019urgence sont en gr\u00e8ve depuis plusieurs semaines. Une manifestation des m\u00e9decins urgentistes a lieu aujourd\u2019hui. Pour en parler, Sabrina Ali Benali, m\u00e9decin, membre de l\u2019association Permanence de Soins, sympathisante LFI et auteure de &#8220;La r\u00e9volte d\u2019une interne&#8221; (Cherche Midi), est l\u2019invit\u00e9e de #LaMidinale.<\/p>\n","protected":false},"author":1039,"featured_media":27731,"comment_status":"open","ping_status":"open","sticky":false,"template":"","format":"standard","meta":{"_themeisle_gutenberg_block_has_review":false,"footnotes":""},"categories":[238],"tags":[293],"class_list":["post-11666","post","type-post","status-publish","format-standard","has-post-thumbnail","hentry","category-la-midinale","tag-entretien"],"_links":{"self":[{"href":"https:\/\/archives.regards.fr\/index.php?rest_route=\/wp\/v2\/posts\/11666","targetHints":{"allow":["GET"]}}],"collection":[{"href":"https:\/\/archives.regards.fr\/index.php?rest_route=\/wp\/v2\/posts"}],"about":[{"href":"https:\/\/archives.regards.fr\/index.php?rest_route=\/wp\/v2\/types\/post"}],"author":[{"embeddable":true,"href":"https:\/\/archives.regards.fr\/index.php?rest_route=\/wp\/v2\/users\/1039"}],"replies":[{"embeddable":true,"href":"https:\/\/archives.regards.fr\/index.php?rest_route=%2Fwp%2Fv2%2Fcomments&post=11666"}],"version-history":[{"count":0,"href":"https:\/\/archives.regards.fr\/index.php?rest_route=\/wp\/v2\/posts\/11666\/revisions"}],"wp:featuredmedia":[{"embeddable":true,"href":"https:\/\/archives.regards.fr\/index.php?rest_route=\/wp\/v2\/media\/27731"}],"wp:attachment":[{"href":"https:\/\/archives.regards.fr\/index.php?rest_route=%2Fwp%2Fv2%2Fmedia&parent=11666"}],"wp:term":[{"taxonomy":"category","embeddable":true,"href":"https:\/\/archives.regards.fr\/index.php?rest_route=%2Fwp%2Fv2%2Fcategories&post=11666"},{"taxonomy":"post_tag","embeddable":true,"href":"https:\/\/archives.regards.fr\/index.php?rest_route=%2Fwp%2Fv2%2Ftags&post=11666"}],"curies":[{"name":"wp","href":"https:\/\/api.w.org\/{rel}","templated":true}]}}