{"id":11662,"date":"2019-06-05T12:27:01","date_gmt":"2019-06-05T10:27:01","guid":{"rendered":"https:\/\/wp.muchomaas.com\/article-clementine-autain-je-ne-veux-pas-d-un-cartel-electoral-je-veux-federer-dans-la\/"},"modified":"2023-06-23T23:41:26","modified_gmt":"2023-06-23T21:41:26","slug":"article-clementine-autain-je-ne-veux-pas-d-un-cartel-electoral-je-veux-federer-dans-la","status":"publish","type":"post","link":"https:\/\/archives.regards.fr\/?p=11662","title":{"rendered":"Cl\u00e9mentine Autain : \u00ab Je ne veux pas d&#8217;un cartel \u00e9lectoral. Je veux f\u00e9d\u00e9rer dans la soci\u00e9t\u00e9 \u00bb"},"content":{"rendered":"<p class=\"post_excerpt\">Avec plus d\u2019un millier de signataires, la d\u00e9put\u00e9e de la France insoumise Cl\u00e9mentine Autain appelle \u00e0 un <em>\u00ab big bang \u00bb<\/em> de la gauche dans une tribune publi\u00e9e dans <em>Le Monde<\/em> le 4 juin dernier. Elle pointe les erreurs strat\u00e9giques de la FI lors des \u00e9lections europ\u00e9ennes et entend d\u00e9sormais <em>\u00ab ouvrir les portes et les fen\u00eatres \u00bb<\/em> du mouvement. Elle est l\u2019invit\u00e9e de #LaMidinale. <\/p>\n<p><iframe loading=\"lazy\" width=\"490\" height=\"276\" src=\"https:\/\/www.youtube.com\/embed\/7WWv6HjcmQ4\" frameborder=\"0\" allow=\"accelerometer; autoplay; encrypted-media; gyroscope; picture-in-picture\" allowfullscreen><\/iframe><\/p>\n<p>&nbsp;<\/p>\n<p><h2>VERBATIM<\/h2>\n<p>&nbsp;<\/p>\n<p>\n<em>\u00a0<strong>Sur la \u00ab ligne Autain \u00bb et les \u00e9lections europ\u00e9ennes<\/em>\u00a0<\/strong><br \/>\n\u00ab C\u2019est une th\u00e8se surr\u00e9aliste. \u00bb<br \/>\n\u00ab Le r\u00e9sultat de la France insoumise est d\u2019abord le r\u00e9sultat de deux ann\u00e9es o\u00f9 nous avons envoy\u00e9 des signaux, donn\u00e9 \u00e0 voir un profil politique qui \u00e9tait tr\u00e8s \u00e9loign\u00e9 de ce qui avait fait la force de Jean-Luc M\u00e9lenchon en 2017 et qui avait r\u00e9ussi \u00e0 f\u00e9d\u00e9rer le peuple de gauche. \u00bb<br \/>\n\u00ab M\u00e9lenchon avait r\u00e9ussi en 2017 \u00e0 remplir le terme de gauche dans un discours de haut vol qui portait la col\u00e8re mais qui portait aussi une forme d\u2019esp\u00e9rance dans une transformation sociale et \u00e9cologiste. Ce profil-l\u00e0 s\u2019est progressivement estomp\u00e9, amoindri, au profit d\u2019un air du clash permanent. \u00bb<br \/>\n\u00ab Au total, nous avons perdu des plumes dans ce changement politique. \u00bb<br \/>\n\u00ab J\u2019avais soutenu la candidature de Manon Aubry (\u2026) ; son profil \u00e9tait un bon choix. \u00bb<br \/>\n\u00ab Ce qui a fait la force en 2017, c\u2019est un profil tel que je le plaide aujourd\u2019hui. Mais ce qui nous a progressivement \u00e9loign\u00e9 de cette dynamique et de cette r\u00e9ussite, c\u2019est le fait d\u2019avoir un profil moins rassembleur et trop clivant. \u00bb<\/p>\n<p><em>\u00a0<strong>Sur l\u2019autocritique de la France insoumise<\/em>\u00a0<\/strong><br \/>\n\u00ab Ce que j\u2019ai fait est assez banal (\u2026) : les leaders politiques sont amen\u00e9s \u00e0 s\u2019exprimer et \u00e0 donner des \u00e9l\u00e9ments d\u2019explication du r\u00e9sultat et des \u00e9l\u00e9ments pour pouvoir se relancer. \u00bb<br \/>\n\u00ab J\u2019avais d\u00e9j\u00e0 pos\u00e9 cette question dans Politis et \u00e7a m\u2019avait valu une sacr\u00e9e vol\u00e9e de bois vert. \u00bb<br \/>\n\u00ab Je continue de penser que ce qui r\u00e9tr\u00e9cit notre espace, c\u2019est de ne pas avoir une culture du pluralisme suffisamment affirm\u00e9e pour que tout le monde puisse se retrouver dans le grand espace commun que doit \u00eatre la France insoumise. \u00bb<br \/>\n\u00ab Il faut essayer de trouver des formes renouvel\u00e9es mais on a perdu en capacit\u00e9 de d\u00e9lib\u00e9rations collectives. \u00bb<br \/>\n\u00ab Je ne crois pas que \u00e7a soit les d\u00e9put\u00e9s qui puissent diriger le mouvement politique de la France insoumise donc je pose la question : o\u00f9 est ce cadre [d\u00e9mocratique] ? \u00bb<\/p>\n<p><em>\u00a0<strong>Sur les annonces de Jean-Luc M\u00e9lenchon le 6 juin<\/em>\u00a0<\/strong><br \/>\n\u00ab Je n\u2019ai pas de le\u00e7on \u00e0 donner \u00e0 Jean-Luc M\u00e9lenchon ni lui dire ce qu\u2019il doit faire. C\u2019est un leader qui nous a hiss\u00e9 \u00e0 haut niveau. \u00bb<br \/>\n\u00ab Il y a une question d\u2019orientation g\u00e9n\u00e9rale qui int\u00e9resse tout le monde dans le mouvement et le pire pour moi serait un repli. \u00bb<br \/>\n\u00ab Il faut ouvrir les portes et les fen\u00eatres sur la soci\u00e9t\u00e9 et essayer de rebondir en ayant en t\u00eate ce qui a fait le succ\u00e8s de 2017 : pour moi, \u00e7a a \u00e9t\u00e9 cette capacit\u00e9 de rassemblement. \u00bb<\/p>\n<p><em>\u00a0<strong>Sur le mot gauche<\/em>\u00a0<\/strong><br \/>\n\u00ab J\u2019ai vu dans ma circonscription \u00e0 quel point le mot gauche \u00e9tait associ\u00e9 \u00e0 l\u2019\u00e8re Hollande et donc \u00e0 un bilan catastrophique pour le monde populaire. \u00bb<br \/>\n\u00ab Beaucoup de gens continuent de se r\u00e9f\u00e9rer au clivage droite\/gauche. Si on retire ce clivage, je veux savoir avec quoi on rompt. Et c\u2019est l\u00e0 o\u00f9 la question devient compliqu\u00e9e. \u00bb<br \/>\n\u00ab J\u2019assume \u00eatre dans une coh\u00e9rence, une tradition et une histoire politique qui s\u2019inscrit bien dans l\u2019histoire de la gauche. \u00bb<\/p>\n<p><em>\u00a0<strong>Sur la tribune et le big bang<\/em>\u00a0<\/strong><br \/>\n\u00ab L\u2019objectif de la tribune n\u2019est pas de cr\u00e9er un nouveau parti. \u00bb<br \/>\n\u00ab On est dans un moment o\u00f9 l\u2019urgence est sous nos yeux avec, en face, des n\u00e9olib\u00e9raux et des n\u00e9ofascistes. Le probl\u00e8me, c\u2019est que l\u2019on voudrait r\u00e9duire le d\u00e9bat politique et ses issues politiques \u00e0 ce couple infernal. \u00bb<br \/>\n\u00ab On est sorti de cette \u00e9ch\u00e9ance [europ\u00e9enne] atomis\u00e9s et pas en \u00e9tat de repr\u00e9senter une voie, un chemin. \u00bb<\/p>\n<p><em>\u00a0<strong>Sur l\u2019union de la gauche<\/em>\u00a0<\/strong><br \/>\n\u00ab \u00c7a m\u2019agace d\u2019autant plus que ceux qui m\u2019accusent de \u00e7a [c\u2019est-\u00e0-dire de vouloir refaire l\u2019union de la gauche] ont, pour certains, \u00e9t\u00e9 au Parti socialiste ou particip\u00e9 \u00e0 des majorit\u00e9 gouvernementales quand moi j\u2019\u00e9tais bien camp\u00e9e dans la gauche radicale. \u00bb<br \/>\n\u00ab D\u2019autres m\u2019accusent de vouloir faire un truc gauchiste. Donc il faudrait savoir\u2026 \u00bb<br \/>\n\u00ab Moi, je veux rassembler dans les luttes et dans les urnes sur une gauche de transformation sociale et \u00e9cologiste. \u00bb<br \/>\n\u00ab Je ne veux pas du cartel \u00e9lectoral (\u2026). Je ne suis pas pour l\u2019effacement [des partis]. \u00bb<br \/>\n\u00ab Ce qu\u2019il faut unir, rassembler, f\u00e9d\u00e9rer, c\u2019est dans la soci\u00e9t\u00e9. Beaucoup de gens luttent au quotidien et ne se retrouvent pas dans nos espaces politiques. \u00bb<br \/>\n\u00ab La col\u00e8re est l\u00e0 : il y a bien des gens qui ne veulent ni des n\u00e9olib\u00e9raux ni des n\u00e9ofachos mais, pour l\u2019instant, ils sont \u00e0 distance de la politique institutionnelle. C\u2019est ce foss\u00e9-l\u00e0 qu\u2019il faut combler. \u00bb<br \/>\n\u00ab Quand nous disons qu\u2019il faut f\u00e9d\u00e9rer, c\u2019est tout ce monde-l\u00e0 : des syndicalistes, des militants d\u2019ATTAC, des jeunes que j\u2019ai rencontr\u00e9s dans la manif pour le climat ou des intellectuels critiques. \u00bb<\/p>\n<p><em>\u00a0<strong>Sur les strat\u00e9gies \u00e0 gauche<\/em>\u00a0<\/strong><br \/>\n\u00ab Ce qui compte, c\u2019est qu\u2019au bout d\u2019un moment, \u00e7a converge. \u00bb<br \/>\n\u00ab Les \u00e9cologistes et Yannick Jadot se sont mis pour l\u2019instant \u00e0 distance de la gauche, m\u00eame si tous leurs d\u00e9bats ne sont pas tranch\u00e9s. \u00bb<br \/>\n\u00ab Penser qu\u2019on peut r\u00e9gler la question environnementale sans s\u2019attaquer \u00e0 la loi du march\u00e9 et au capitalisme me parait dingue. \u00bb<br \/>\n\u00ab Si on prend le populisme \u00e0 l\u2019\u00e9chelle internationale, on observe un d\u00e9clin. On ne voit pas de grandes r\u00e9ussites de ce populisme de gauche. \u00bb<br \/>\n\u00ab Il faut un profil rassembleur qui s\u2019appuie sur des m\u00e9diations et qui cherche \u00e0 parler du c\u00f4t\u00e9 de l\u2019esp\u00e9rance davantage que par le clivage. \u00bb<br \/>\n\u00ab Je ne crois pas au \u201ceux\u201d et au \u201cnous\u201d. Autant \u00e9videment il y a une oligarchie face \u00e0 laquelle il faut \u00eatre tr\u00e8s fort mais mettre toutes les \u00e9lites dans le m\u00eame sac, je ne suis pas d\u2019accord. En 1789, ce qui a permis de changer de r\u00e9gime et ce qui a donn\u00e9 forme \u00e0 1789, c\u2019est aussi que \u00e7a s\u2019adossait \u00e0 une pens\u00e9e des Lumi\u00e8res. \u00bb<\/p>\n<p><em>\u00a0<strong>Sur les d\u00e9saccords de fonds<\/em>\u00a0<\/strong><br \/>\n\u00ab Tous les d\u00e9saccords ne sont pas tous surmontables \u2013 et il va falloir vivre avec des d\u00e9saccords. \u00bb<br \/>\n\u00ab Qui peut penser qu\u2019on aurait une force \u00e0 vocation majoritaire dans laquelle tout le monde penserait la m\u00eame chose sur tous les sujets ? \u00bb<br \/>\n\u00ab Il faut trouver ce qui fait commun, ce qui fait moteur et qui permettent \u00e0 chaque sensibilit\u00e9 de vivre. \u00bb<br \/>\n\u00ab Il faut bien s\u00fbr un minimum de coh\u00e9rence mais une fois qu\u2019il y a un bloc commun, une base commune sur des choses aussi substantielles que les questions de d\u00e9mocratie &#8211; une nouvelle R\u00e9publique -, sur notre opposition \u00e0 la domination du capital et \u00e0 la loi du profit, sur la transition \u00e9nerg\u00e9tique ou sur les droits et l\u2019\u00e9galit\u00e9. Rien qu\u2019avec ces chantiers-l\u00e0, vous avez une mine d\u2019or pour faire vivre un projet politique qui nous rassemble. \u00bb<\/p>\n<p><em>\u00a0<strong>Sur Autain 2022<\/em>\u00a0<\/strong><br \/>\n\u00ab L\u2019appel est un appel collectif qu\u2019on a impuls\u00e9 avec Elsa Faucillon et qui est sign\u00e9 par de tr\u00e8s nombreux citoyens donc cet appel appartient \u00e0 tous. \u00bb<br \/>\n\u00ab Pour 2022, pour moi la question aujourd\u2019hui est d\u2019abord du quoi : avant de savoir qui va incarner une candidature en 2022, il faut savoir d\u2019abord de quel espace politique. Et quand on aura r\u00e9gl\u00e9 la question de l\u2019espace politique, se posera l\u2019enjeu de savoir qui est le mieux ou la mieux plac\u00e9e pour l\u2019incarner. \u00bb<br \/>\n\u00ab Je trouve dommage de toujours commencer par l\u2019enjeu du leadership et ensuite d\u2019essayer de remplir. Il faut d\u2019abord construire le meilleur outil qui sera le plus propulsif. Et 2022, c\u2019est \u00e0 la fois demain matin et en m\u00eame temps, c\u2019est encore loin. \u00bb<br \/>\n<div id='gallery-1' class='gallery galleryid-11662 gallery-columns-3 gallery-size-thumbnail'><figure class='gallery-item'>\n\t\t\t<div class='gallery-icon landscape'>\n\t\t\t\t<a href='https:\/\/archives.regards.fr\/wp-content\/uploads\/2019\/06\/capture_d_e_cran_2019-06-05_a_12-fe2.08.46.png'><img loading=\"lazy\" decoding=\"async\" width=\"150\" height=\"150\" src=\"https:\/\/archives.regards.fr\/wp-content\/uploads\/2019\/06\/capture_d_e_cran_2019-06-05_a_12-fe2.08.46-150x150.png\" class=\"attachment-thumbnail size-thumbnail\" alt=\"capture_d_e_cran_2019-06-05_a_12.08.46.png\" \/><\/a>\n\t\t\t<\/div><\/figure>\n\t\t<\/div>\n<\/p>\n","protected":false},"excerpt":{"rendered":"<p>Avec plus d\u2019un millier de signataires, la d\u00e9put\u00e9e de la France insoumise Cl\u00e9mentine Autain appelle \u00e0 un <em>\u00ab big bang \u00bb<\/em> de la gauche dans une tribune publi\u00e9e dans <em>Le Monde<\/em> le 4 juin dernier. Elle pointe les erreurs strat\u00e9giques de la FI lors des \u00e9lections europ\u00e9ennes et entend d\u00e9sormais <em>\u00ab ouvrir les portes et les fen\u00eatres \u00bb<\/em> du mouvement. Elle est l\u2019invit\u00e9e de #LaMidinale. <\/p>\n","protected":false},"author":1039,"featured_media":27723,"comment_status":"open","ping_status":"open","sticky":false,"template":"","format":"standard","meta":{"_themeisle_gutenberg_block_has_review":false,"footnotes":""},"categories":[238],"tags":[293],"class_list":["post-11662","post","type-post","status-publish","format-standard","has-post-thumbnail","hentry","category-la-midinale","tag-entretien"],"_links":{"self":[{"href":"https:\/\/archives.regards.fr\/index.php?rest_route=\/wp\/v2\/posts\/11662","targetHints":{"allow":["GET"]}}],"collection":[{"href":"https:\/\/archives.regards.fr\/index.php?rest_route=\/wp\/v2\/posts"}],"about":[{"href":"https:\/\/archives.regards.fr\/index.php?rest_route=\/wp\/v2\/types\/post"}],"author":[{"embeddable":true,"href":"https:\/\/archives.regards.fr\/index.php?rest_route=\/wp\/v2\/users\/1039"}],"replies":[{"embeddable":true,"href":"https:\/\/archives.regards.fr\/index.php?rest_route=%2Fwp%2Fv2%2Fcomments&post=11662"}],"version-history":[{"count":0,"href":"https:\/\/archives.regards.fr\/index.php?rest_route=\/wp\/v2\/posts\/11662\/revisions"}],"wp:featuredmedia":[{"embeddable":true,"href":"https:\/\/archives.regards.fr\/index.php?rest_route=\/wp\/v2\/media\/27723"}],"wp:attachment":[{"href":"https:\/\/archives.regards.fr\/index.php?rest_route=%2Fwp%2Fv2%2Fmedia&parent=11662"}],"wp:term":[{"taxonomy":"category","embeddable":true,"href":"https:\/\/archives.regards.fr\/index.php?rest_route=%2Fwp%2Fv2%2Fcategories&post=11662"},{"taxonomy":"post_tag","embeddable":true,"href":"https:\/\/archives.regards.fr\/index.php?rest_route=%2Fwp%2Fv2%2Ftags&post=11662"}],"curies":[{"name":"wp","href":"https:\/\/api.w.org\/{rel}","templated":true}]}}