{"id":11658,"date":"2019-06-03T13:10:19","date_gmt":"2019-06-03T11:10:19","guid":{"rendered":"https:\/\/wp.muchomaas.com\/article-olivier-besancenot-un-courant-ne-peut-incarner-seul-toutes-les-radicalites\/"},"modified":"2023-06-23T23:41:20","modified_gmt":"2023-06-23T21:41:20","slug":"article-olivier-besancenot-un-courant-ne-peut-incarner-seul-toutes-les-radicalites","status":"publish","type":"post","link":"https:\/\/archives.regards.fr\/?p=11658","title":{"rendered":"Olivier Besancenot : \u00ab Un courant ne peut incarner seul toutes les radicalit\u00e9s sociales et politiques \u00bb"},"content":{"rendered":"<p class=\"post_excerpt\">D\u00e8s le soir des \u00e9lections europ\u00e9ennes, il avait d\u00e9clar\u00e9 que \u00ab la gauche de la gauche \u00e9tait un champ de ruine \u00bb. Mais du coup, que faire ? Olivier Besancenot, ancien porte-parole du NPA, est l\u2019invit\u00e9 de la Midinale.<\/p>\n<p><iframe loading=\"lazy\" width=\"490\" height=\"276\" src=\"https:\/\/www.youtube.com\/embed\/doHXkgh3jWI\" frameborder=\"0\" allow=\"accelerometer; autoplay; encrypted-media; gyroscope; picture-in-picture\" allowfullscreen><\/iframe><\/p>\n<p>&nbsp;<\/p>\n<p><h2>VERBATIM<\/h2>\n<p>&nbsp;<\/p>\n<p>\n<em>\u00a0<strong>Sur les mobilisations sociales<\/strong> <\/em><br \/>\n\u00ab Les exploit\u00e9s et les opprim\u00e9s n\u2019ont pas forc\u00e9ment besoin d\u2019organisations pour se d\u00e9fendre ; ils peuvent se d\u00e9fendre eux-m\u00eames. \u00bb<br \/>\n\u00ab On est dans un s\u00e9quence o\u00f9 il y a des luttes, mais des luttes \u00e9parpill\u00e9es. \u00bb<br \/>\n\u00ab Le probl\u00e8me, c\u2019est le d\u00e9calage politique, et notamment \u00e9lectoral, avec la s\u00e9quence europ\u00e9enne qu\u2019on vient de connaitre. La gauche de la gauche est en ruine. Le dilemme est l\u00e0. \u00bb<br \/>\n\u00ab Le temps social et le temps politique ne sont raccord. L\u2019enjeu, c\u2019est de faire en sorte d\u2019en faire, au minimum, une synth\u00e8se. \u00bb<\/p>\n<p><em>\u00a0<strong>Sur la victoire de Le Pen et Macron<\/em>\u00a0<\/strong><br \/>\n\u00ab La force de tous ceux-l\u00e0 [Emmanuel Macron, Marine Le Pen], c\u2019est notre faiblesse \u00e0 nous. C\u2019est notre faiblesse au niveau politique, le fait que les organisations soient all\u00e9es dans les gilets jaunes en ordre dispers\u00e9. Il y a eu un rendez-vous loup\u00e9 qui \u00e9tait un rendez-vous social avant d\u2019\u00eatre un rendez-vous politique. \u00bb<\/p>\n<p><em>\u00a0<strong>Sur la gauche<\/em>\u00a0<\/strong><br \/>\n\u00ab Il y a des volont\u00e9s h\u00e9g\u00e9moniques qui planaient et planent encore sur une partie de la gauche radicale. \u00bb<br \/>\n\u00ab Le mot gauche a un sens parce qu\u2019historiquement, \u00e7a en a un. C\u2019est une notion discr\u00e9dit\u00e9e du fait des politiques de gauche qui ont \u00e9t\u00e9 men\u00e9es et qui \u00e9taient en fait des politiques de droite. \u00bb<br \/>\n\u00ab On ne peut pas effacer les fractures politiques qui ont un sens depuis des d\u00e9cennies. \u00bb<br \/>\n\u00ab Il y a eu une volont\u00e9 de faire des raccourcis : de penser qu\u2019on pouvait enjamber la lutte de classes, enjamber les fractures de classe, \u00e0 ne plus parler que d\u2019un seul sujet qui serait homog\u00e8ne, qui est celui du peuple contre les \u00e9lites. Ca, je crois que \u00e7a ne fonctionne pas non plus. \u00bb<\/p>\n<p><em>\u00a0<strong>Sur l\u2019union des gauches et populisme de gauche<\/em>\u00a0<\/strong><br \/>\n\u00ab Il y a des centaines de milliers de personnes &#8211; des militants politiques, syndicaux, associatifs, \u00e9cologistes, de quartiers &#8211; qui se sentent dans un espace politique que j\u2019appelle anticapitaliste et internationaliste. \u00bb<br \/>\n\u00ab Il y a une r\u00e9alit\u00e9 de classe dans ce pays. \u00bb<br \/>\n\u00ab La proposition unitaire a du sens et peu importe qui la m\u00e8ne : tous ceux qui disent qu\u2019il faut apprendre \u00e0 se reparler et \u00e0 rediscuter, ont raison. Mais il faut le faire sur la base d\u2019une pratique d\u2019o\u00f9 cette proposition d\u2019une coordination permanente. \u00bb<br \/>\n\u00ab Il faut tout remettre \u00e0 plat. Il y a un cycle de luttes qui a v\u00e9cu. \u00bb<br \/>\n\u00ab Quand bien m\u00eame il n\u2019y a plus de perspective politique, ou que ces perspectives politiques ont du plomb dans l\u2019aile, la lutte de classe continue d\u2019exister. \u00bb<\/p>\n<p><em>\u00a0<strong>Sur les initiatives \u00e0 gauche<\/em>\u00a0<\/strong><br \/>\n\u00ab EELV veut refaire le coup qu\u2019avait fait Cohn-Bendit \u00e0 l\u2019\u00e9poque : et bien bonne route. Le probl\u00e8me, c\u2019est que sur le fond, il y a un d\u00e9saccord politique majeur. Est-ce que oui ou non la lutte contre le r\u00e9chauffement climatique, la survie de la plan\u00e8te, des espaces animales, c\u2019est compatible avec l\u2019\u00e9conomie de march\u00e9 ? Nous, on pense que non et on n\u2019est pas les seuls \u00e0 le penser. \u00bb<br \/>\n\u00ab Quitte \u00e0 rester un peu optimiste, la convergence des luttes n\u2019est plus simplement un concept, il y a des tas d\u2019\u00e9quipes, des syndicats, des militants de quartiers, des militants anti-racistes, \u00e9cologistes qui ont appris \u00e0 se connaitre et apprendre \u00e0 se conna\u00eetre, c\u2019est passer par des clashs, des engueulades et se dire des v\u00e9rit\u00e9s. \u00bb<br \/>\n\u00ab Nous, on ne fait pas une proposition unitaire, on fait une proposition de m\u00e9thodologie pour coordonner la gauche de luttes. \u00bb<br \/>\n\u00ab Soit on b\u00e9gaye et on est chacun dans notre coin, soit on se voit chaque semaine. \u00bb<br \/>\n\u00ab Pourquoi ne pas faire ce qu\u2019on avait fait au moment du Trait\u00e9 europ\u00e9en : on fait des estrades communes du bas jusqu\u2019au plus haut pour redonner un peu de confiance. \u00bb<br \/>\n\u00ab Qui, \u00e0 la gauche de la gauche, peut se sentir le vent en poupe dans les s\u00e9quences qu\u2019on est en train de conna\u00eetre ? Tout le monde est en d\u00e9sarroi et notre volont\u00e9, c\u2019est d\u2019avoir une discussion fraternelle, honn\u00eate, sinc\u00e8re, unitaire avec tout ce milieu l\u00e0. \u00bb<\/p>\n<p><em>\u00a0<strong>Sur les \u00ab anti \u00bb : anticapitaliste, antilib\u00e9ralisme, antimacronisme\u2026<\/em>\u00a0<\/strong><br \/>\n\u00ab On se fout du bon terme. Le probl\u00e8me, c\u2019est d\u2019essayer de rassembler ceux qui cherchent \u00e0 imaginer une autre soci\u00e9t\u00e9 que la soci\u00e9t\u00e9 actuelle. \u00bb<br \/>\n\u00ab On a un peut-\u00eatre sous-estim\u00e9 &#8211; y compris au NPA &#8211; le fait que le capitalisme mondialis\u00e9 est en train de rentrer dans une nouvelle \u00e8re de son d\u00e9veloppement. \u00bb<\/p>\n<p><em>\u00a0<strong>Sur l\u2019extr\u00eame droite<\/em>\u00a0<\/strong><br \/>\n\u00ab On comprend peut-\u00eatre que la mondialisation capitaliste a d\u00e9j\u00e0 fait le tour du monde, que ce n\u2019\u00e9tait pas sans fin (\u2026). \u00c7a fait naitre plein de contradictions, \u00e7a d\u00e9stabilise, \u00e7a fragilise et le probl\u00e8me, c\u2019est que pour l\u2019instant \u00e7a b\u00e9n\u00e9ficie \u00e0 des courants populistes, de droite, d\u2019extr\u00eame droite, voire fascistes, donc il y a le feu au lac. \u00bb<br \/>\n\u00ab On peut avoir une perspective o\u00f9 Marine Le Pen arrive au pouvoir. \u00bb<\/p>\n<p><em>\u00a0<strong>Sur la question de la souverainet\u00e9 populaire<\/em>\u00a0<\/strong><br \/>\n\u00ab Il y a des discussions qui font encore d\u00e9saccord [\u00e0 gauche]. \u00bb<br \/>\n\u00ab La question du souverainiste, si c\u2019est pour parler de souverainet\u00e9 populaire, \u00e7a ne me g\u00eane pas. La souverainet\u00e9 populaire, c\u2019est la possibilit\u00e9 d\u2019avoir une incursion de centaine de milliers de personnes pour reprendre le pouvoir d\u00e9mocratique, \u00e9conomique et r\u00e9partir les richesses. \u00bb<br \/>\n\u00ab Est-ce que l\u2019\u00e9chelle de la souverainet\u00e9 populaire est forc\u00e9ment pr\u00e9-\u00e9tablie, d\u00e9j\u00e0 configur\u00e9e \u00e0 l\u2019\u00e9chelle nationale ? Historiquement, \u00e7a n\u2019est pas vrai et \u00e7a n\u2019est pas le cas aujourd\u2019hui : elle peut \u00eatre \u00e0 l\u2019\u00e9chelle locale, r\u00e9gionale, \u00e0 l\u2019\u00e9chelle nationale, europ\u00e9enne, mondiale. \u00bb<br \/>\n\u00ab Derri\u00e8re la question du souverainisme, le protectionnisme et la question des fronti\u00e8res, il y a eu aussi ces discussions un peu chaudes, que j\u2019ai eu notamment avec une partie de la France insoumise, sur ce que signifie la libert\u00e9 ou non d\u2019installation et de circulation des individus. \u00bb<\/p>\n<p><em>\u00a0<strong>Sur l\u2019\u00e9ch\u00e9ance pr\u00e9sidentielle de 2022<\/em>\u00a0<\/strong><br \/>\n\u00ab C\u2019est un grand pi\u00e8ge pour la gauche radicale. Si on repart comme \u00e7a, c\u2019est mort. \u00bb<br \/>\n\u00ab Tout le monde est capable de comprendre qu\u2019il n\u2019y a pas un courant \u00e0 lui seul qui peut incarner l\u2019ensemble des radicalit\u00e9s sociales et politiques qui s\u2019expriment \u00e0 la gauche de la gauche. \u00bb<br \/>\n\u00ab Est-ce qu\u2019on peut se dire qu\u2019au sein de la gauche radicale, le moyen de nous rassembler, \u00e7a ne va pas d\u2019abord \u00eatre les \u00e9ch\u00e9ances \u00e9lectorales ? \u00bb<div id='gallery-1' class='gallery galleryid-11658 gallery-columns-3 gallery-size-thumbnail'><figure class='gallery-item'>\n\t\t\t<div class='gallery-icon landscape'>\n\t\t\t\t<a href='https:\/\/archives.regards.fr\/wp-content\/uploads\/2019\/06\/capture_d_e_cran_2019-06-03_a_12-408.56.41.png'><img loading=\"lazy\" decoding=\"async\" width=\"150\" height=\"150\" src=\"https:\/\/archives.regards.fr\/wp-content\/uploads\/2019\/06\/capture_d_e_cran_2019-06-03_a_12-408.56.41-150x150.png\" class=\"attachment-thumbnail size-thumbnail\" alt=\"capture_d_e_cran_2019-06-03_a_12.56.41.png\" \/><\/a>\n\t\t\t<\/div><\/figure>\n\t\t<\/div>\n<\/p>\n","protected":false},"excerpt":{"rendered":"<p>D\u00e8s le soir des \u00e9lections europ\u00e9ennes, il avait d\u00e9clar\u00e9 que \u00ab la gauche de la gauche \u00e9tait un champ de ruine \u00bb. Mais du coup, que faire ? Olivier Besancenot, ancien porte-parole du NPA, est l\u2019invit\u00e9 de la Midinale.<\/p>\n","protected":false},"author":1039,"featured_media":27715,"comment_status":"open","ping_status":"open","sticky":false,"template":"","format":"standard","meta":{"_themeisle_gutenberg_block_has_review":false,"footnotes":""},"categories":[238],"tags":[293],"class_list":["post-11658","post","type-post","status-publish","format-standard","has-post-thumbnail","hentry","category-la-midinale","tag-entretien"],"_links":{"self":[{"href":"https:\/\/archives.regards.fr\/index.php?rest_route=\/wp\/v2\/posts\/11658","targetHints":{"allow":["GET"]}}],"collection":[{"href":"https:\/\/archives.regards.fr\/index.php?rest_route=\/wp\/v2\/posts"}],"about":[{"href":"https:\/\/archives.regards.fr\/index.php?rest_route=\/wp\/v2\/types\/post"}],"author":[{"embeddable":true,"href":"https:\/\/archives.regards.fr\/index.php?rest_route=\/wp\/v2\/users\/1039"}],"replies":[{"embeddable":true,"href":"https:\/\/archives.regards.fr\/index.php?rest_route=%2Fwp%2Fv2%2Fcomments&post=11658"}],"version-history":[{"count":0,"href":"https:\/\/archives.regards.fr\/index.php?rest_route=\/wp\/v2\/posts\/11658\/revisions"}],"wp:featuredmedia":[{"embeddable":true,"href":"https:\/\/archives.regards.fr\/index.php?rest_route=\/wp\/v2\/media\/27715"}],"wp:attachment":[{"href":"https:\/\/archives.regards.fr\/index.php?rest_route=%2Fwp%2Fv2%2Fmedia&parent=11658"}],"wp:term":[{"taxonomy":"category","embeddable":true,"href":"https:\/\/archives.regards.fr\/index.php?rest_route=%2Fwp%2Fv2%2Fcategories&post=11658"},{"taxonomy":"post_tag","embeddable":true,"href":"https:\/\/archives.regards.fr\/index.php?rest_route=%2Fwp%2Fv2%2Ftags&post=11658"}],"curies":[{"name":"wp","href":"https:\/\/api.w.org\/{rel}","templated":true}]}}