{"id":11651,"date":"2019-05-30T14:18:42","date_gmt":"2019-05-30T12:18:42","guid":{"rendered":"https:\/\/wp.muchomaas.com\/article-sur-la-main-tendue-de-lrem-a-eelv-arretez-de-prendre-vos-reves-pour-des\/"},"modified":"2023-06-23T23:41:12","modified_gmt":"2023-06-23T21:41:12","slug":"article-sur-la-main-tendue-de-lrem-a-eelv-arretez-de-prendre-vos-reves-pour-des","status":"publish","type":"post","link":"https:\/\/archives.regards.fr\/?p=11651","title":{"rendered":"Sur la main tendue de LREM \u00e0 EELV : \u00ab Arr\u00eatez de prendre vos r\u00eaves pour des r\u00e9alit\u00e9s \u00bb (Karima Delli)"},"content":{"rendered":"<p class=\"post_excerpt\">En Europe et en France, les \u00e9cologistes ont cr\u00e9\u00e9 la surprise lors des \u00e9lections europ\u00e9ennes. Quelles alliances ? Quelles perspectives politiques ? Quels rapports \u00e0 gauche et quelles responsabilit\u00e9s d\u2019ici 2022 ? La d\u00e9put\u00e9e europ\u00e9enne EELV tout juste r\u00e9\u00e9lue, Karima Delli, est l\u2019invit\u00e9e de #LaMidinale.<\/p>\n<p><iframe loading=\"lazy\" width=\"490\" height=\"276\" src=\"https:\/\/www.youtube.com\/embed\/HnFkI4IYOok\" frameborder=\"0\" allow=\"accelerometer; autoplay; encrypted-media; gyroscope; picture-in-picture\" allowfullscreen><\/iframe><\/p>\n<p>&nbsp;<\/p>\n<p><h2>VERBATIM<\/h2>\n<p>&nbsp;<\/p>\n<p>\n<em>\u00a0<strong>Sur les \u00e9lections europ\u00e9ennes<\/em>\u00a0<\/strong><br \/>\n\u00ab On ne s\u2019est pas tromp\u00e9 d\u2019\u00e9lection donc on a parl\u00e9 d\u2019Europe et d\u2019\u00e9cologie. On n\u2019est pas rentr\u00e9 dans des logiques nationales. \u00bb<br \/>\n\u00ab On n\u2019entre pas au Parlement europ\u00e9en avec un programme national. \u00bb<br \/>\n\u00ab Aujourd\u2019hui, tout le monde a conscience de l\u2019urgence \u00e9cologique. \u00bb<br \/>\n\u00ab On a une g\u00e9n\u00e9ration qui vit pour le premi\u00e8re fois le d\u00e9r\u00e8glement climatique et elle demande d\u2019agir vite. \u00bb<br \/>\n\u00ab La priorit\u00e9 c\u2019est de sauver le climat parce que tout le monde nous dit \u201don a moins de dix ans\u201d. \u00bb<br \/>\n\u00ab Certes, on a fait un bon score mais on reste humble parce que tout n\u2019est pas gagn\u00e9 mais tout reste possible. \u00bb<\/p>\n<p><em>\u00a0<strong>Sur \u00e9cologie et social<\/em>\u00a0<\/strong><br \/>\n\u00ab Lorsqu\u2019on parle d\u2019\u00e9cologie, on parle d\u2019un projet de soci\u00e9t\u00e9 : on ne r\u00e8glera pas la question de l\u2019injustice environnementale si on ne s\u2019occupe pas de l\u2019injustice sociale. \u00bb<br \/>\n\u00ab L\u2019\u00e9cologie, c\u2019est d\u2019abord pour les plus faibles et notamment les classes populaires. \u00bb<br \/>\n\u00ab Il ne faut jamais oublier que le bien vivre et le bien \u00eatre, c\u2019est aussi pour les classes populaires. \u00bb<\/p>\n<p><em>\u00a0<strong>Sur l\u2019\u00e9cologie et la gauche<\/em>\u00a0<\/strong><br \/>\n\u00ab On n\u2019a pas fait d\u2019alliance pour ces \u00e9lections parce qu\u2019on est coh\u00e9rent : notre colonne vert\u00e9brale est claire. \u00bb<br \/>\n\u00ab Quand on regarde le groupe Socialistes et D\u00e9mocrates, ce n\u2019est pas notre ligne : elle est pro-glyphosate, pro-trait\u00e9s de libre \u00e9change, agriculture intensive alors que notre parti pris \u00e0 nous est coh\u00e9rent et clair. \u00bb<br \/>\n\u00ab Cette vague europ\u00e9enne \u00e9cologiste nous dit qu\u2019il est grand temps de sortir des logiques productivistes et du lib\u00e9ralisme et de lutter contre les pr\u00e9dateurs de notre patrimoine naturel, notre bien commun. \u00bb<br \/>\n\u00ab Le paradigme de la gauche dans le 21\u00e8me si\u00e8cle, \u00e7a sera de travailler le paradigme de l\u2019\u00e9cologie. \u00bb<\/p>\n<p><em>\u00a0<strong>Sur la tentation h\u00e9g\u00e9monique de EELV<\/em>\u00a0<\/strong><br \/>\n\u00ab On reste tr\u00e8s humble et on est tr\u00e8s attrist\u00e9 que le RN fasse des scores aussi hauts. \u00bb<br \/>\n\u00ab Face \u00e0 l\u2019extr\u00eame droite, aux cyniques et au \u201dc\u2019\u00e9tait bien avant\u201d, la seule r\u00e9ponse, c\u2019est l\u2019\u00e9cologie. \u00bb<br \/>\n\u00ab Les Fran\u00e7ais aiment l\u2019\u00e9cologie (\u2026), tout le monde est en mouvement vers cette soci\u00e9t\u00e9 \u00e9colo mais cette soci\u00e9t\u00e9 \u00e9colo doit prendre de l\u2019ampleur et nous, on veut en ouvrir les portes et les fen\u00eatres. \u00bb<br \/>\n\u00ab On n\u2019est pas l\u00e0 pour parler avec des chapelles. C\u2019est fini. On doit parler avec les Fran\u00e7ais et les citoyens europ\u00e9ens. \u00bb<br \/>\n\u00ab Il faut dire que la soci\u00e9t\u00e9 de demain, c\u2019est la soci\u00e9t\u00e9 de partage et de conscience des valeurs. \u00bb<br \/>\n\u00ab Il ne faut pas voler l\u2019avenir de la jeunesse. Le temps nous est compt\u00e9. \u00bb<\/p>\n<p><em>\u00a0<strong>Sur la main tendue de LREM<\/em>\u00a0<\/strong><br \/>\n\u00ab Il faut leur dire \u201darr\u00eatez de prendre vos r\u00eaves pour des r\u00e9alit\u00e9s\u201d. \u00bb<br \/>\n\u00ab La majorit\u00e9 et le gouvernement ne sont pas \u00e0 la hauteur de l\u2019enjeu [\u00e9cologique]. \u00bb<br \/>\n\u00ab Le d\u00e9part de Nicolas Hulot a \u00e9t\u00e9 tr\u00e8s r\u00e9v\u00e9lateur : tout seul dans ce gouvernement, il n\u2019y a pas de marge de man\u0153uvre. \u00bb<br \/>\n\u00ab Le lib\u00e9ralisme n\u2019est pas compatible avec l\u2019\u00e9cologie mais r\u00e9sister contre les lobbies est tr\u00e8s difficile. \u00bb<br \/>\n\u00ab Je suis fich\u00e9e par Monsanto mais les lobbies ne font pas loi. Ils d\u00e9truisent la d\u00e9mocratie parce qu\u2019ils s\u2019infiltrent dans les lieux de pouvoir. Il faut siffler la fin de la r\u00e9cr\u00e9 \u00e0 ces lobbies et mettre fin \u00e0 leur impunit\u00e9. \u00bb<\/p>\n<p><em>\u00a0<strong>Sur la ligne des \u00e9cologistes au Parlement europ\u00e9en<\/em>\u00a0<\/strong><br \/>\n\u00ab Aucun groupe au Parlement europ\u00e9en n\u2019a la majorit\u00e9. Aujourd\u2019hui, le groupe des Verts et des \u00e9colos peut faire et d\u00e9faire des majorit\u00e9s. Donc on a de vraies responsabilit\u00e9s. \u00bb<br \/>\n\u00ab Si notre feuille de route et nos marqueurs sont accept\u00e9s, tant mieux. Mais s\u2019ils ne sont pas accept\u00e9s, je peux vous assurer qu\u2019on ne l\u00e2chera pas et j\u2019esp\u00e8re que les autres partis viendront nous soutenir. \u00bb<br \/>\n\u00ab Nous avons cette force aujourd\u2019hui qui fera tout pour imposer la transition \u00e9cologique parce que nous n\u2019avons plus le temps et que nous sommes dans un syst\u00e8me g\u00e9opolitique : l\u2019Europe doit redevenir leader en mati\u00e8re de climat. \u00bb<br \/>\n\u00ab Entre la Chine, Poutine et les Etats-Unis, on peut montrer que c\u2019est possible. \u00bb<br \/>\n\u00ab L\u2019\u00e9cologie, ce n\u2019est pas la contrainte, c\u2019est une opportunit\u00e9. \u00bb<\/p>\n<p><em>\u00a0<strong>Sur l\u2019anticapitalisme<\/em>\u00a0<\/strong><br \/>\n\u00ab On s\u2019est toujours oppos\u00e9 aux accords de libre \u00e9change. \u00bb<br \/>\n\u00ab Il est hors de question aujourd\u2019hui de pr\u00f4ner cette mondialisation \u00e0 outrance, au-dessus des normes sociales et environnementales. \u00bb<br \/>\n\u00ab Il y a des populations tr\u00e8s pr\u00e9caires qui se serrent le porte monnaie pour compter leurs centimes  et s\u2019acheter \u00e0 manger. Moi, je suis dans une logique de post-croissance. \u00bb<br \/>\n\u00ab Il faut sortir de cette logique du plus, toujours plus : on exploite plus pour faire quoi ? \u00bb<br \/>\n\u00ab Je suis pour la sobri\u00e9t\u00e9, c\u2019est-\u00e0-dire r\u00e9pondre aux enjeux fondamentaux d\u2019abord pour les classes les plus pr\u00e9caires. \u00bb<br \/>\n\u00ab Il faut parler des in\u00e9galit\u00e9s sociales et de la r\u00e9partition des richesses : il y a ceux d\u2019en haut qui profitent plus que ceux d\u2019en bas qui n\u2019ont plus rien. Il faut r\u00e9\u00e9quilibrer tout \u00e7a. \u00bb<br \/>\n\u00ab La croissance, c\u2019est le probl\u00e8me, ce n\u2019est pas la solution. \u00bb<br \/>\n\u00ab Il faut changer le vocabulaire : la croissance ne prend en jeu que les questions \u00e9conomiques. Il faut passer aux crit\u00e8res sociaux et environnementaux. \u00bb<\/p>\n<p><em>\u00a0<strong>Sur Yannick Jadot et 2022<\/em>\u00a0<\/strong><br \/>\n\u00ab Yannick Jadot n\u2019est pas dans cette logique-l\u00e0. Nous, on est dans une logique de montrer que la soci\u00e9t\u00e9 a besoin de nous et nous, on a besoin d\u2019elle. \u00bb<br \/>\n\u00ab Ma priorit\u00e9 et ma finalit\u00e9 c\u2019est de mettre le paquet sur les enjeux environnementaux, sauver le climat et ne laisser personne sur le bord de la route. \u00bb<br \/>\n\u00ab Je fais un clin d\u2019\u0153il \u00e0 la compagne de Yannick Jadot (NDLR : Isabelle Saporta, ancienne journaliste \u00e0 RTL) parce qu\u2019elle a fait un choix tr\u00e8s courageux. \u00bb<br \/>\n\u00ab Il faut faire confiance aux femmes : elles ont droit et elles sont capables de faire le propre jugement. \u00bb<div id='gallery-1' class='gallery galleryid-11651 gallery-columns-3 gallery-size-thumbnail'><figure class='gallery-item'>\n\t\t\t<div class='gallery-icon landscape'>\n\t\t\t\t<a href='https:\/\/archives.regards.fr\/wp-content\/uploads\/2019\/05\/capture_d_e_cran_2019-05-30_a_14-42c.16.05.png'><img loading=\"lazy\" decoding=\"async\" width=\"150\" height=\"150\" src=\"https:\/\/archives.regards.fr\/wp-content\/uploads\/2019\/05\/capture_d_e_cran_2019-05-30_a_14-42c.16.05-150x150.png\" class=\"attachment-thumbnail size-thumbnail\" alt=\"capture_d_e_cran_2019-05-30_a_14.16.05.png\" \/><\/a>\n\t\t\t<\/div><\/figure>\n\t\t<\/div>\n<\/p>\n","protected":false},"excerpt":{"rendered":"<p>En Europe et en France, les \u00e9cologistes ont cr\u00e9\u00e9 la surprise lors des \u00e9lections europ\u00e9ennes. Quelles alliances ? Quelles perspectives politiques ? Quels rapports \u00e0 gauche et quelles responsabilit\u00e9s d\u2019ici 2022 ? La d\u00e9put\u00e9e europ\u00e9enne EELV tout juste r\u00e9\u00e9lue, Karima Delli, est l\u2019invit\u00e9e de #LaMidinale.<\/p>\n","protected":false},"author":1039,"featured_media":27701,"comment_status":"open","ping_status":"open","sticky":false,"template":"","format":"standard","meta":{"_themeisle_gutenberg_block_has_review":false,"footnotes":""},"categories":[238],"tags":[293],"class_list":["post-11651","post","type-post","status-publish","format-standard","has-post-thumbnail","hentry","category-la-midinale","tag-entretien"],"_links":{"self":[{"href":"https:\/\/archives.regards.fr\/index.php?rest_route=\/wp\/v2\/posts\/11651","targetHints":{"allow":["GET"]}}],"collection":[{"href":"https:\/\/archives.regards.fr\/index.php?rest_route=\/wp\/v2\/posts"}],"about":[{"href":"https:\/\/archives.regards.fr\/index.php?rest_route=\/wp\/v2\/types\/post"}],"author":[{"embeddable":true,"href":"https:\/\/archives.regards.fr\/index.php?rest_route=\/wp\/v2\/users\/1039"}],"replies":[{"embeddable":true,"href":"https:\/\/archives.regards.fr\/index.php?rest_route=%2Fwp%2Fv2%2Fcomments&post=11651"}],"version-history":[{"count":0,"href":"https:\/\/archives.regards.fr\/index.php?rest_route=\/wp\/v2\/posts\/11651\/revisions"}],"wp:featuredmedia":[{"embeddable":true,"href":"https:\/\/archives.regards.fr\/index.php?rest_route=\/wp\/v2\/media\/27701"}],"wp:attachment":[{"href":"https:\/\/archives.regards.fr\/index.php?rest_route=%2Fwp%2Fv2%2Fmedia&parent=11651"}],"wp:term":[{"taxonomy":"category","embeddable":true,"href":"https:\/\/archives.regards.fr\/index.php?rest_route=%2Fwp%2Fv2%2Fcategories&post=11651"},{"taxonomy":"post_tag","embeddable":true,"href":"https:\/\/archives.regards.fr\/index.php?rest_route=%2Fwp%2Fv2%2Ftags&post=11651"}],"curies":[{"name":"wp","href":"https:\/\/api.w.org\/{rel}","templated":true}]}}