{"id":11646,"date":"2019-05-28T15:15:48","date_gmt":"2019-05-28T13:15:48","guid":{"rendered":"https:\/\/wp.muchomaas.com\/article-raquel-garrido-clementine-autain-a-ouvert-la-discussion-alors-discutons\/"},"modified":"2023-06-23T23:41:05","modified_gmt":"2023-06-23T21:41:05","slug":"article-raquel-garrido-clementine-autain-a-ouvert-la-discussion-alors-discutons","status":"publish","type":"post","link":"https:\/\/archives.regards.fr\/?p=11646","title":{"rendered":"Raquel Garrido : \u00ab Cl\u00e9mentine Autain a ouvert la discussion, alors discutons \u00bb"},"content":{"rendered":"<p class=\"post_excerpt\">Raquel Garrido ne m\u00e2che pas ses mots au lendemain des \u00e9lections europ\u00e9ennes. Au menu : la ligne politique de la France insoumise. L\u2019avocate, \u00e9ditorialiste \u00e0 la t\u00e9l\u00e9vision, est l\u2019invit\u00e9e de #LaMidinale.<\/p>\n<p><iframe loading=\"lazy\" width=\"490\" height=\"276\" src=\"https:\/\/www.youtube.com\/embed\/GxQC4dUj7uI\" frameborder=\"0\" allow=\"accelerometer; autoplay; encrypted-media; gyroscope; picture-in-picture\" allowfullscreen><\/iframe><\/p>\n<p>&nbsp;<\/p>\n<p><h2>VERBATIM<\/h2>\n<p>&nbsp;<\/p>\n<p>\n<em>\u00a0<strong>Sur l\u2019\u00e9lection europ\u00e9enne de dimanche 26 mai<\/em>\u00a0<\/strong><br \/>\n\u00ab L\u2019\u00e9lection europ\u00e9enne laisse toute la classe politique un peu pantoise parce qu\u2019elle s\u2019est r\u00e9v\u00e9l\u00e9e plus surprenante que les \u00e9lections europ\u00e9ennes pr\u00e9c\u00e9dentes. \u00bb<br \/>\n\u00ab La progression de 10 points de l\u2019abstention montre l\u2019incapacit\u00e9 d\u2019abord des sondeurs \u00e0 comprendre ce qui se passe r\u00e9ellement en France. \u00bb<br \/>\n\u00ab Les campagnes [des diff\u00e9rents candidats] n\u2019\u00e9taient pas orient\u00e9es vers les abstentionnistes pour les ramener dans le corps \u00e9lectoral. Or on voit bien que c\u2019\u00e9tait possible. \u00bb<\/p>\n<p><em>\u00a0<strong>Sur la victoire d\u2019Emmanuel Macron et de Marine Le Pen aux \u00e9lections europ\u00e9ennes<\/em>\u00a0<\/strong><br \/>\n\u00ab Sur le papier, quand on regarde les chiffres, on a un pouvoir gouvernant qui est r\u00e9duit \u00e0 11% des inscrits (ce qui est quand m\u00eame tr\u00e8s bas), et avec le RN, le duo de t\u00eate repr\u00e9sente 22% des inscrits, ce qui, \u00e9galement, est extr\u00eamement minoritaire. \u00bb<br \/>\n\u00ab La grande masse des Fran\u00e7ais est exclue du jeu pour le pouvoir. \u00bb<br \/>\n\u00ab Si les citoyens n\u2019ont pas les moyens de pouvoir peser sur la politique, c\u2019est un probl\u00e8me de nature d\u00e9mocratique. \u00bb<\/p>\n<p><em>\u00a0<strong>Sur la campagne de la France insoumise aux \u00e9lections europ\u00e9ennes<\/em>\u00a0<\/strong><br \/>\n\u00ab La campagne de la France insoumise n\u2019\u00e9tait pas orient\u00e9e vers la grande masse abstentionniste. \u00bb<br \/>\n\u00ab Il y a eu un travail fait pour parler \u00e0 des socialistes qui d\u00e9crochaient, pour cr\u00e9er une diversit\u00e9 de provenance des candidats qui les Verts, qui le PC, qui la soci\u00e9t\u00e9 civile non partisane\u2026 Cela restait dans des sch\u00e9mas tr\u00e8s classiques d\u2019une France d\u00e9j\u00e0 tr\u00e8s ins\u00e9r\u00e9e civiquement \u2013 et je pense que c\u2019est une erreur d\u2019aiguillage. \u00bb<br \/>\n\u00ab La campagne de la France insoumise n\u2019\u00e9tait pas format\u00e9e pour \u00e9pouser cette grande aspiration au pouvoir populaire qui est arriv\u00e9e avec fracas avec les gilets jaunes. \u00bb<\/p>\n<p><em>\u00a0<strong>Sur la gauche<\/em>\u00a0<\/strong><br \/>\n\u00ab Dans la pens\u00e9e de Cl\u00e9mentine Autain, il y a une sorte de r\u00e9flexe d\u2019extr\u00eame gauche. \u00bb<br \/>\n\u00ab Ian Brossat a fait une campagne tr\u00e8s identitaire avec le PCF, Beno\u00eet Hamon tr\u00e8s identitaire \u00e0 gauche : cette ligne identitaire a \u00e9t\u00e9 \u00e9prouv\u00e9e et elle s\u2019est ramass\u00e9e dans les grandes largeurs. \u00bb<br \/>\n\u00ab Moi, Raquel Garrido, ce qui m\u2019int\u00e9resse, c\u2019est de gouverner et de gagner les \u00e9lections. \u00bb<br \/>\n\u00ab Je mesure le fait d\u2019\u00eatre retourn\u00e9 au score du Front de Gauche \u2013 et il faut le prendre tr\u00e8s au s\u00e9rieux. \u00bb<\/p>\n<p><em>\u00a0<strong>Sur les perspectives pour la France insoumise<\/em>\u00a0<\/strong><br \/>\n\u00ab La bataille face \u00e0 Macron est engag\u00e9e victorieusement et on en sent les germes : 10% des inscrits pour Macron, une \u00e9rosion au profit de Jadot\u2026 Le sort de Macron, \u00e9lectoralement, il commence \u00e0 \u00eatre scell\u00e9. Le gros morceau maintenant, c\u2019est le Rassemblement national. \u00bb<br \/>\n\u00ab Il faut \u00eatre assez basique : un score, \u00e7a vient sanctionner une campagne. \u00bb<br \/>\n\u00ab Faire du Manon Aubry, c\u2019est c\u00e9der au qu\u2019en-dira-t-on en mode \u201cvous \u00eates la haine\u201d alors qu\u2019il n\u2019y a jamais rien eu de haineux dans la campagne de mai 2017. \u00bb<br \/>\n\u00ab Il y a un probl\u00e8me quant \u00e0 la ligne de sortie ou non de l\u2019Union europ\u00e9enne pendant cette campagne. \u00bb<br \/>\n\u00ab On a \u00e9t\u00e9 victime d\u2019une gauche bobo parisienne qui n\u2019arr\u00eate pas de vouloir corneriser la France insoumise. \u00bb<br \/>\n\u00ab Le r\u00f4le historique de la France insoumise, s\u2019il ne devait y en avoir qu\u2019un seul, c\u2019est d\u2019abolir la monarchie pr\u00e9sidentielle et de semer les germes dans la soci\u00e9t\u00e9 fran\u00e7aise d\u2019un d\u00e9sir d\u2019assembl\u00e9e constituante pour faire la 6\u00e8me R\u00e9publique. \u00bb<br \/>\n\u00ab Rester dans le vase clos des gens qui se disent de gauche, c\u2019est petit bras. \u00bb<br \/>\n\u00ab Ce qui me chagrine, c\u2019est que la France insoumise puisse appara\u00eetre comme sectaire alors que la perspective d\u2019une construction d\u2019une d\u00e9mocratie nouvelle, il n\u2019y a rien de plus f\u00e9d\u00e9rateur. \u00bb<br \/>\n\u00ab J\u2019ai honte pour les chroniqueurs politiques qui ont \u00e9crit qu\u2019il se passait quelque chose avec le PCF : il ne se passait rien du tout. C\u2019est juste un hype parisien. \u00bb<br \/>\n\u00ab Discuter du p\u00e9rim\u00e8tre de la gauche, c\u2019est une discussion mortif\u00e8re. \u00bb<\/p>\n<p><em>\u00a0<strong>Sur le projet de la gauche<\/em>\u00a0<\/strong><br \/>\n\u00ab La question n\u2019est pas de savoir si les propositions sont de gauche, la question est de savoir si le programme est f\u00e9d\u00e9rateur &#8211; sur des principes d\u2019\u00e9mancipation, de redistribution des richesses, de protection de l\u2019environnement, de construction d\u2019une d\u00e9mocratie nouvelle. \u00bb<br \/>\n\u00ab La France insoumise p\u00eache parce qu\u2019elle a trop de choses \u00e0 dire (\u2026) elle devrait se concentrer sur la question de la souverainet\u00e9 populaire et de la d\u00e9mocratie. \u00bb<br \/>\n\u00ab Parler de la gauche, c\u2019est minorisant et rebutant. \u00bb<br \/>\n\u00ab Le score de la France insoumise alerte sur notre capacit\u00e9 \u00e0 devenir rebutant. S\u2019accrocher \u00e0 l\u2019ancien monde est rebutant. \u00bb<\/p>\n<p><em>\u00a0<strong>Sur la strat\u00e9gie de la France insoumise<\/em>\u00a0<\/strong><br \/>\n\u00ab Cl\u00e9mentine Autain nous a fait perdre une semaine pour savoir s\u2019il fallait soutenir ou non les gilets jaunes. \u00bb<br \/>\n\u00ab La ligne Autain a \u00e9t\u00e9 mise en \u0153uvre lors de cette \u00e9lection europ\u00e9enne. Et elle a pris 6%. \u00bb<br \/>\n\u00ab La France insoumise a \u00e9t\u00e9 salement frapp\u00e9e \u00e0 cette \u00e9lection mais elle n\u2019est pas \u00e0 terre. \u00bb<br \/>\n\u00ab Ce que fait Cl\u00e9mentine Autain est d\u00e9loyal mais, comme elle ouvre la discussion, discutons. \u00bb<\/p>\n<p><em>\u00a0<strong>Sur les \u00e9cologistes<\/em>\u00a0<\/strong><br \/>\n\u00ab Jadot confirme l\u2019int\u00e9r\u00eat de se tenir \u00e0 distance du mot gauche et de ce que \u00e7a repr\u00e9sente de fatiguant. Mais en revanche, \u00e7a ne permet pas d\u2019\u00eatre un pole rassembleur \u00e0 gauche. \u00bb<br \/>\n\u00ab En aucun cas, Jadot n\u2019a acquis une l\u00e9gitimit\u00e9 \u00e0 ce stade d\u2019\u00eatre un p\u00f4le de refondation \u00e0 gauche puisque les \u00e9cologistes ne r\u00e9ussissent que des macronistes. \u00bb<br \/>\n\u00ab Culturellement, EELV est un parti macronis\u00e9. \u00bb<\/p>\n<p><em>\u00a0<strong>Sur Jean-Luc M\u00e9lenchon et 2022<\/em>\u00a0<\/strong><br \/>\n\u00ab Sur 2022, il y a le temps de voir. M\u00e9lenchon ou pas M\u00e9lenchon, si c\u2019est la m\u00eame ligne que les europ\u00e9ennes qui est appliqu\u00e9e, ce n\u2019est pas la peine d\u2019y aller. \u00bb<br \/>\n\u00ab Quel que soit le candidat, il faudra avoir un profil disruptif. \u00bb<\/p>\n<p><em>\u00a0<strong>Sur l\u2019avenir de Raquel Garrido<\/em>\u00a0<\/strong><br \/>\n\u00ab La t\u00e9l\u00e9vision n\u2019est pas finie pour moi. \u00bb<br \/>\n\u00ab Ce que j\u2019ai construit m\u00e9diatiquement m\u2019a permis d\u2019avoir une ant\u00e9riorit\u00e9 et une l\u00e9gitimit\u00e9 pour parler politique \u00e0 la t\u00e9l\u00e9vision, incarner la mouvance insoumise, et il y a besoin de le faire. \u00bb<br \/>\n\u00ab J\u2019habite \u00e0 Bagnolet, je pense que la Seine-Saint-Denis est un bastion de la France insoumise, et la France insoumise doit faire des d\u00e9monstrations sur le terrain. \u00bb<br \/>\n\u00ab Dans le 93, les gens pr\u00e9f\u00e8rent s\u2019abstenir plut\u00f4t que de voter \u00e0 droite ou \u00e0 l\u2019extr\u00eame droite m\u00eame si \u00e7a commence \u00e0 bouger. \u00bb<br \/>\n\u00ab Pour les municipales, il faut se mouiller un peu et faire des d\u00e9monstrations sur le terrain. Je ne sais pas si je vais concourir ou aider \u00e0 \u00e7a dans la mesure o\u00f9 je peux. Il faut que je prenne des d\u00e9cisions. \u00bb<div id='gallery-1' class='gallery galleryid-11646 gallery-columns-3 gallery-size-thumbnail'><figure class='gallery-item'>\n\t\t\t<div class='gallery-icon landscape'>\n\t\t\t\t<a href='https:\/\/archives.regards.fr\/wp-content\/uploads\/2019\/05\/capture_d_e_cran_2019-05-28_a_14-279.50.26.png'><img loading=\"lazy\" decoding=\"async\" width=\"150\" height=\"150\" src=\"https:\/\/archives.regards.fr\/wp-content\/uploads\/2019\/05\/capture_d_e_cran_2019-05-28_a_14-279.50.26-150x150.png\" class=\"attachment-thumbnail size-thumbnail\" alt=\"capture_d_e_cran_2019-05-28_a_14.50.26.png\" \/><\/a>\n\t\t\t<\/div><\/figure>\n\t\t<\/div>\n<\/p>\n","protected":false},"excerpt":{"rendered":"<p>Raquel Garrido ne m\u00e2che pas ses mots au lendemain des \u00e9lections europ\u00e9ennes. Au menu : la ligne politique de la France insoumise. L\u2019avocate, \u00e9ditorialiste \u00e0 la t\u00e9l\u00e9vision, est l\u2019invit\u00e9e de #LaMidinale.<\/p>\n","protected":false},"author":1204,"featured_media":27681,"comment_status":"open","ping_status":"open","sticky":false,"template":"","format":"standard","meta":{"_themeisle_gutenberg_block_has_review":false,"footnotes":""},"categories":[238],"tags":[293],"class_list":["post-11646","post","type-post","status-publish","format-standard","has-post-thumbnail","hentry","category-la-midinale","tag-entretien"],"_links":{"self":[{"href":"https:\/\/archives.regards.fr\/index.php?rest_route=\/wp\/v2\/posts\/11646","targetHints":{"allow":["GET"]}}],"collection":[{"href":"https:\/\/archives.regards.fr\/index.php?rest_route=\/wp\/v2\/posts"}],"about":[{"href":"https:\/\/archives.regards.fr\/index.php?rest_route=\/wp\/v2\/types\/post"}],"author":[{"embeddable":true,"href":"https:\/\/archives.regards.fr\/index.php?rest_route=\/wp\/v2\/users\/1204"}],"replies":[{"embeddable":true,"href":"https:\/\/archives.regards.fr\/index.php?rest_route=%2Fwp%2Fv2%2Fcomments&post=11646"}],"version-history":[{"count":0,"href":"https:\/\/archives.regards.fr\/index.php?rest_route=\/wp\/v2\/posts\/11646\/revisions"}],"wp:featuredmedia":[{"embeddable":true,"href":"https:\/\/archives.regards.fr\/index.php?rest_route=\/wp\/v2\/media\/27681"}],"wp:attachment":[{"href":"https:\/\/archives.regards.fr\/index.php?rest_route=%2Fwp%2Fv2%2Fmedia&parent=11646"}],"wp:term":[{"taxonomy":"category","embeddable":true,"href":"https:\/\/archives.regards.fr\/index.php?rest_route=%2Fwp%2Fv2%2Fcategories&post=11646"},{"taxonomy":"post_tag","embeddable":true,"href":"https:\/\/archives.regards.fr\/index.php?rest_route=%2Fwp%2Fv2%2Ftags&post=11646"}],"curies":[{"name":"wp","href":"https:\/\/api.w.org\/{rel}","templated":true}]}}