{"id":11641,"date":"2019-05-27T12:27:38","date_gmt":"2019-05-27T10:27:38","guid":{"rendered":"https:\/\/wp.muchomaas.com\/article-catherine-tricot-depuis-deux-ans-melenchon-a-tout-fracasse\/"},"modified":"2023-06-23T23:40:58","modified_gmt":"2023-06-23T21:40:58","slug":"article-catherine-tricot-depuis-deux-ans-melenchon-a-tout-fracasse","status":"publish","type":"post","link":"https:\/\/archives.regards.fr\/?p=11641","title":{"rendered":"Catherine Tricot : \u00ab Depuis deux ans, M\u00e9lenchon a tout fracass\u00e9 \u00bb"},"content":{"rendered":"<p class=\"post_excerpt\">Lendemain de vote : que retenir des r\u00e9sultats du scrutin europ\u00e9en ? La gauche est-elle morte ? Le populisme de gauche est-il condamn\u00e9 ? Que faire et comment comprendre le r\u00e9sultat de l\u2019extr\u00eame droite ? Les \u00e9cologistes sont-ils la nouvelle matrice de la gauche ? Catherine Tricot, \u00e9ditorialiste Regards, est l\u2019invit\u00e9e de #LaMidinale. <\/p>\n<p><iframe loading=\"lazy\" width=\"490\" height=\"276\" src=\"https:\/\/www.youtube.com\/embed\/juKGx7a1P7w\" frameborder=\"0\" allow=\"accelerometer; autoplay; encrypted-media; gyroscope; picture-in-picture\" allowfullscreen><\/iframe><\/p>\n<p>&nbsp;<\/p>\n<p><h2>VERBATIM<\/h2>\n<p>&nbsp;<\/p>\n<p>\n<em>\u00a0<strong>Sur la participation aux \u00e9lections<\/em>\u00a0<\/strong><br \/>\n\u00ab Il y a une mont\u00e9e de la participation des jeunes qui \u00e9tait pourtant attendue tr\u00e8s basse. \u00bb<br \/>\n\u00ab Les enjeux environnementaux ont conduit les jeunes \u00e0 se mobiliser. \u00bb<br \/>\n\u00ab L\u2019enjeu europ\u00e9en et la dramatisation sur l\u2019avenir de l\u2019Europe ont conduit les \u00e9lecteurs \u00e0 s\u2019int\u00e9resser \u00e0 cette \u00e9lection. \u00bb<\/p>\n<p><em>\u00a0<strong>Sur l\u2019extr\u00eame droite<\/em>\u00a0<\/strong><br \/>\n\u00ab Ce n\u2019est pas la premi\u00e8re fois que l\u2019extr\u00eame droite est en t\u00eate : elle l\u2019\u00e9tait d\u00e9j\u00e0 il y a cinq ans. \u00bb<br \/>\n\u00ab La place que prend l\u2019extr\u00eame droite en France est tr\u00e8s pr\u00e9occupante. \u00bb<br \/>\n\u00ab De nouvelles t\u00eates ont \u00e9merg\u00e9 au RN qui n\u2019est plus simplement la succursale de la famille Le Pen. \u00bb<br \/>\n\u00ab Le RN a vraiment fait une conversion : sur le socle \u00ab les Fran\u00e7ais d\u2019abord \u00bb qui est son fond de commerce et structure son id\u00e9ologie, il a r\u00e9ussi \u00e0 le remplir d\u2019un projet global, au plan social, au plan du f\u00e9minisme, de la la\u00efcit\u00e9, des libert\u00e9s\u2026 Le discours autour de ce socle s\u2019est \u00e9paissi pour devenir un projet de soci\u00e9t\u00e9. \u00bb<br \/>\n\u00ab En 2017, tout le monde a cru que c\u2019\u00e9tait un d\u00e9gagisme des partis et du personnel politique qui s\u2019\u00e9tait op\u00e9r\u00e9. C\u2019est bien plus que \u00e7a qui s\u2019est pass\u00e9. Il y avait une attente pour de nouvelles propositions politiques et le RN s\u2019y est attel\u00e9. \u00bb<\/p>\n<p><em>\u00a0<strong>Sur Les R\u00e9publicains<\/em>\u00a0<\/strong><br \/>\n\u00ab Il n\u2019y a aucun avenir pour une droite bourgeoise et conservatrice. Le pari de Wauquiez est compl\u00e8tement dingue. \u00bb<br \/>\n\u00ab Emmanuel Macron a r\u00e9ussi \u00e0 mobiliser l\u2019\u00e9lectorat de droite qui se reconnait dans les transformations lib\u00e9rales, r\u00e9gressives et qui s\u2019est mobilis\u00e9 pour lui donner les moyens de pouvoir continuer cette transformation. \u00bb<br \/>\n\u00ab Macron a siphonn\u00e9 la droite. \u00bb<\/p>\n<p><em>\u00a0<strong>Sur les \u00e9cologistes<\/em>\u00a0<\/strong><br \/>\n\u00ab Le r\u00e9sultat des \u00e9cologistes est la seule bonne nouvelle de cette \u00e9lection. \u00bb<br \/>\n\u00ab \u00c7a fait tr\u00e8s longtemps que les \u00e9cologistes ont cette id\u00e9e d\u2019\u00eatre la rel\u00e8ve de la gauche \u00e0 l\u2019\u00e9chelle europ\u00e9enne et nationale. \u00bb<br \/>\n\u00ab Yannick Jadot a \u00e9t\u00e9 tr\u00e8s convaincant et v\u00e9h\u00e9ment sur l\u2019accueil des r\u00e9fugi\u00e9s et c\u2019\u00e9tait coh\u00e9rent avec son discours sur l\u2019\u00e9cologie mais le reste du projet n\u2019est pas encore construit. \u00bb<br \/>\n\u00ab Je ne vois pas comment ils peuvent ne pas trancher la question du rapport au march\u00e9. \u00bb<\/p>\n<p><em>\u00a0<strong>Sur la France insoumise<\/em>\u00a0<\/strong><br \/>\n\u00ab On passe d\u2019une situation o\u00f9 on avait une h\u00e9g\u00e9monie \u00e0 gauche de la France insoumise &#8211; avec 75% des \u00e9lecteurs de gauche qui avaient vot\u00e9 Jean-Luc M\u00e9lenchon -, \u00e0 deux forces ridicules. \u00bb<br \/>\n\u00ab Depuis deux ans, M\u00e9lenchon a tout fracass\u00e9. Il a suscit\u00e9 un vrai \u00e9lan en 2017, il a redonn\u00e9 \u00e0 voir une France rouge \u2013 et pas simplement une France de t\u00eates dures. \u00bb<br \/>\n\u00ab M\u00e9lenchon analyse simplement ses succ\u00e8s au travers le prisme de l\u2019insoumission, des t\u00eates dures. Il n\u2019a pas rempli sa proposition d\u2019un projet. En s\u2019en tenant simplement \u00e0 cette proposition populiste et d\u00e9gagiste, il ne dit plus dans quelle direction il veut aller. \u00bb<br \/>\n\u00ab Il n\u2019y a plus d\u2019identifiant tr\u00e8s fort du c\u00f4t\u00e9 de la France insoumise pour savoir dans quel monde ils veulent nous conduire. C\u2019est tr\u00e8s h\u00e9t\u00e9rog\u00e8ne au sein de la France insoumise sur des sujets fondamentaux. \u00bb<br \/>\n\u00ab La question des cat\u00e9gories populaires doit \u00eatre repens\u00e9e : les cat\u00e9gories populaires ne sont pas simplement les gilets jaunes. M\u00e9lenchon recule beaucoup dans les cat\u00e9gories populaires qui lui avaient donn\u00e9 son soutien. \u00bb<br \/>\n\u00ab M\u00e9lenchon a \u00e9chou\u00e9 sur le fond. \u00bb<\/p>\n<p><em>\u00a0<strong>Sur le d\u00e9gagisme<\/em>\u00a0<\/strong><br \/>\n\u00ab L\u2019enjeu n\u2019est pas simplement un probl\u00e8me de personnalit\u00e9 politique. \u00bb<br \/>\n\u00ab La droite et la France insoumise sont les deux grands perdants de cette \u00e9lection europ\u00e9enne. \u00bb<br \/>\n\u00ab Pour la droite comme pour la France insoumise, j\u2019esp\u00e8re que des discussions vont s\u2019ouvrir. \u00bb<br \/>\n\u00ab L\u2019enjeu est un enjeu de reconfiguration de la proposition politique. \u00bb<br \/>\n\u00ab Je ne sais pas si la France insoumise va s\u2019ouvrir au d\u00e9bat et je ne sais pas comment elle va l\u2019organiser puisqu\u2019il n\u2019y a pas de lieu de discussion collective au sein de la France insoumise. \u00bb<\/p>\n<p><em>\u00a0<strong>Sur le Parti socialiste<\/em>\u00a0<\/strong><br \/>\n\u00ab Macron a r\u00e9cup\u00e9r\u00e9 les \u00e9gar\u00e9s du socialisme. \u00bb<br \/>\n\u00ab Olivier Faure a fait il y a quelques mois un discours assez fort de critique du bilan de Fran\u00e7ois Hollande qui a \u00e9t\u00e9 repris par les candidats Rapha\u00ebl Glucksmann et Claire Nouvian &#8211; qui ont port\u00e9 des critiques tr\u00e8s fortes. \u00bb<br \/>\n\u00ab Cette \u00e9lection n\u2019est pas une d\u00e9route pour le PS. \u00bb<\/p>\n<p><em>\u00a0<strong>Sur le Parti communiste fran\u00e7ais<\/em>\u00a0<\/strong><br \/>\n\u00ab Les militants sont tr\u00e8s d\u00e9\u00e7us : ils avaient retrouv\u00e9 de la fiert\u00e9 et de l\u2019enthousiasme dans cette campagne. \u00bb<br \/>\n\u00ab Les communistes ont \u00e9t\u00e9 tr\u00e8s maltrait\u00e9s par Jean-Luc M\u00e9lenchon et la France insoumise. \u00bb<br \/>\n\u00ab Le PCF n\u2019a pas fait, et peut-\u00eatre ne peut-il plus faire, de mise \u00e0 jour programmatique sur le fond. \u00bb<\/p>\n<p><em>\u00a0<strong>Sur la perspective de 2022<\/em>\u00a0<\/strong><br \/>\n\u00ab Il faut absolument que la gauche de transformation sociale reconstitue son socle et qu\u2019elle fasse place et droit \u00e0 l\u2019\u00e9cologie mais qu\u2019elle fasse un vrai projet global et qui soit un projet qui a ses r\u00e9percussions sur la pens\u00e9e du social, du public, la question des libert\u00e9s, la place des individus : c\u2019est cela qu\u2019on attend d\u2019elle. \u00bb<\/p>\n<p><em>\u00a0<strong>Sur l\u2019alternative au populisme de gauche et \u00e0 l\u2019union de la gauche<\/em>\u00a0<\/strong><br \/>\n\u00ab Le populisme n\u2019a aucune r\u00e9alit\u00e9, en particulier en France o\u00f9 on attend un projet politique et pas simplement une somme de col\u00e8res. \u00bb<br \/>\n\u00ab La gauche ne peut pas diriger si elle est \u00e9clat\u00e9e donc il y a bien des convergences mais il faudra bien qu\u2019il y ait des projets y compris \u00e0 l\u2019int\u00e9rieur de la gauche qui s\u2019affinent et qui se modernisent. \u00bb<div id='gallery-1' class='gallery galleryid-11641 gallery-columns-3 gallery-size-thumbnail'><figure class='gallery-item'>\n\t\t\t<div class='gallery-icon landscape'>\n\t\t\t\t<a href='https:\/\/archives.regards.fr\/wp-content\/uploads\/2019\/05\/capture_d_e_cran_2019-05-27_a_12-f85.15.44.png'><img loading=\"lazy\" decoding=\"async\" width=\"150\" height=\"150\" src=\"https:\/\/archives.regards.fr\/wp-content\/uploads\/2019\/05\/capture_d_e_cran_2019-05-27_a_12-f85.15.44-150x150.png\" class=\"attachment-thumbnail size-thumbnail\" alt=\"capture_d_e_cran_2019-05-27_a_12.15.44.png\" \/><\/a>\n\t\t\t<\/div><\/figure>\n\t\t<\/div>\n<\/p>\n","protected":false},"excerpt":{"rendered":"<p>Lendemain de vote : que retenir des r\u00e9sultats du scrutin europ\u00e9en ? La gauche est-elle morte ? Le populisme de gauche est-il condamn\u00e9 ? Que faire et comment comprendre le r\u00e9sultat de l\u2019extr\u00eame droite ? Les \u00e9cologistes sont-ils la nouvelle matrice de la gauche ? Catherine Tricot, \u00e9ditorialiste Regards, est l\u2019invit\u00e9e de #LaMidinale. <\/p>\n","protected":false},"author":1039,"featured_media":27667,"comment_status":"open","ping_status":"open","sticky":false,"template":"","format":"standard","meta":{"_themeisle_gutenberg_block_has_review":false,"footnotes":""},"categories":[238],"tags":[293],"class_list":["post-11641","post","type-post","status-publish","format-standard","has-post-thumbnail","hentry","category-la-midinale","tag-entretien"],"_links":{"self":[{"href":"https:\/\/archives.regards.fr\/index.php?rest_route=\/wp\/v2\/posts\/11641","targetHints":{"allow":["GET"]}}],"collection":[{"href":"https:\/\/archives.regards.fr\/index.php?rest_route=\/wp\/v2\/posts"}],"about":[{"href":"https:\/\/archives.regards.fr\/index.php?rest_route=\/wp\/v2\/types\/post"}],"author":[{"embeddable":true,"href":"https:\/\/archives.regards.fr\/index.php?rest_route=\/wp\/v2\/users\/1039"}],"replies":[{"embeddable":true,"href":"https:\/\/archives.regards.fr\/index.php?rest_route=%2Fwp%2Fv2%2Fcomments&post=11641"}],"version-history":[{"count":0,"href":"https:\/\/archives.regards.fr\/index.php?rest_route=\/wp\/v2\/posts\/11641\/revisions"}],"wp:featuredmedia":[{"embeddable":true,"href":"https:\/\/archives.regards.fr\/index.php?rest_route=\/wp\/v2\/media\/27667"}],"wp:attachment":[{"href":"https:\/\/archives.regards.fr\/index.php?rest_route=%2Fwp%2Fv2%2Fmedia&parent=11641"}],"wp:term":[{"taxonomy":"category","embeddable":true,"href":"https:\/\/archives.regards.fr\/index.php?rest_route=%2Fwp%2Fv2%2Fcategories&post=11641"},{"taxonomy":"post_tag","embeddable":true,"href":"https:\/\/archives.regards.fr\/index.php?rest_route=%2Fwp%2Fv2%2Ftags&post=11641"}],"curies":[{"name":"wp","href":"https:\/\/api.w.org\/{rel}","templated":true}]}}