{"id":11639,"date":"2019-05-24T15:39:16","date_gmt":"2019-05-24T13:39:16","guid":{"rendered":"https:\/\/wp.muchomaas.com\/article-pierre-khalfa-il-faut-donner-du-contenu-au-clivage-droite-gauche\/"},"modified":"2023-06-23T23:40:57","modified_gmt":"2023-06-23T21:40:57","slug":"article-pierre-khalfa-il-faut-donner-du-contenu-au-clivage-droite-gauche","status":"publish","type":"post","link":"https:\/\/archives.regards.fr\/?p=11639","title":{"rendered":"Pierre Khalfa : \u00ab Il faut donner du contenu au clivage droite\/gauche \u00bb"},"content":{"rendered":"<p class=\"post_excerpt\">L\u2019apr\u00e8s \u00e9lections europ\u00e9ennes s\u2019annonce cataclysmique pour la gauche. Des militant-es, chercheur-ses et syndicalistes lancent un appel dans M\u00e9diapart \u00ab Gauche : un sursaut n\u00e9cessaire \u00bb. Pierre Khalfa, membre de la Fondation Copernic et du conseil scientifique d\u2019ATTAC, est l\u2019invit\u00e9 de #LaMidinale.<\/p>\n<p><iframe loading=\"lazy\" width=\"490\" height=\"276\" src=\"https:\/\/www.youtube.com\/embed\/dZ8S4ITo1eM\" frameborder=\"0\" allow=\"accelerometer; autoplay; encrypted-media; gyroscope; picture-in-picture\" allowfullscreen><\/iframe><\/p>\n<p>&nbsp;<\/p>\n<p><h2>VERBATIM<\/h2>\n<p>&nbsp;<\/p>\n<p>\n<em>\u00a0<strong>Sur les enjeux des \u00e9lections europ\u00e9ennes<\/em>\u00a0<\/strong><br \/>\n\u00ab Il y a d\u2019abord un enjeu national &#8211; qui renvoie au rapport de forces entre les forces politiques en France et dans ce cadre-l\u00e0 tous les sondages montrent que la gauche est en piteux \u00e9tat &#8211; et il y a un enjeu europ\u00e9en, car le Parlement europ\u00e9en est tout sauf un Parlement croupion. \u00bb<br \/>\n\u00ab Quand on compare les pouvoirs du Parlement europ\u00e9en et du Parlement fran\u00e7ais, le plus croupion n\u2019est pas celui qu\u2019on croit, c\u2019est-\u00e0-dire le Parlement europ\u00e9en, le plus croupion, c\u2019est le Parlement Fran\u00e7ais. \u00bb<\/p>\n<p><em>\u00a0<strong>Sur les listes de gauche aux \u00e9lections europ\u00e9ennes<\/em>\u00a0<\/strong><br \/>\n\u00ab Sur le fond, on pouvait avoir un accord entre les listes de gauche &#8211; \u00e0 l\u2019exception du PS &#8211; sur les questions europ\u00e9ennes. \u00bb<br \/>\n\u00ab Les questions de programmes ne sont jamais un vrai probl\u00e8me : quand il y a une volont\u00e9 politique, on trouve toujours un point d\u2019accord sur les questions de programme. Quand on ne veut pas passer d\u2019accord politique, on justifie cela par des divergences programmatiques mais, en r\u00e9alit\u00e9, \u00e7a n\u2019est jamais \u00e7a. \u00bb<\/p>\n<p><em>\u00a0<strong>Sur l\u2019\u00e9tat de la gauche<\/em>\u00a0<\/strong><br \/>\n\u00ab Il y a une perte de cr\u00e9dibilit\u00e9 de la gauche et des occasions ont \u00e9t\u00e9 manqu\u00e9es &#8211; particuli\u00e8rement par la France insoumise. \u00bb<br \/>\n\u00ab Il y a un probl\u00e8me majeur qui renvoie \u00e0 l\u2019incapacit\u00e9 de la gauche de faire vivre une esp\u00e9rance, un espoir d\u2019une soci\u00e9t\u00e9 d\u00e9sirable. \u00bb<br \/>\n\u00ab La gauche s\u2019est stratifi\u00e9e et a d\u00e9p\u00e9ri. \u00bb<\/p>\n<p><em>\u00a0<strong>Sur la gauche et l\u2019Europe<\/em>\u00a0<\/strong><br \/>\n\u00ab Ce qui me frappe, c\u2019est que la question de la sortie de l\u2019euro et de l\u2019Union europ\u00e9enne est une question qui ne revient pas dans le d\u00e9bat public \u2013 contrairement \u00e0 2014. \u00bb<br \/>\n\u00ab Les forces politiques qui pr\u00f4nent la sortie de l\u2019euro restent des forces marginales en France et probablement dans tous les pays europ\u00e9ens. \u00bb<\/p>\n<p><em>\u00a0<strong>Sur l\u2019appel \u00ab Gauche : un sursaut n\u00e9cessaire \u00bb<\/em>\u00a0<\/strong><br \/>\n\u00ab Le mot gauche a \u00e9t\u00e9 abim\u00e9 par des d\u00e9cennies de n\u00e9olib\u00e9ralisme dont le quinquennat de Hollande a \u00e9t\u00e9 l\u2019aboutissement. \u00bb<br \/>\n\u00ab Pour une grande partie de la population, le mot gauche a perdu de son sens. \u00bb<br \/>\n\u00ab Il y a une responsabilit\u00e9 de la gauche radicale ou de transformation sociale et \u00e9cologique qui a \u00e9t\u00e9 incapable de faire vivre un espoir politique, un nouvel imaginaire qui projette dans l\u2019avenir, l\u2019id\u00e9e qu\u2019une autre soci\u00e9t\u00e9 est possible. La gauche est forte quand elle permet de faire vivre cet espoir l\u00e0. \u00bb<\/p>\n<p><em>\u00a0<strong>Sur le clivage droite\/gauche<\/em>\u00a0<\/strong><br \/>\n\u00ab S\u2019il y a une droite, \u00e7a veut dire qu\u2019il y a une gauche. \u00bb<br \/>\n\u00ab Il faut donner du contenu au clivage droite\/gauche. \u00bb<br \/>\n\u00ab L\u2019expression \u00ab f\u00e9d\u00e9rer le peuple \u00bb est oxymorique parce que : comment f\u00e9d\u00e9rer quelque chose qui est d\u00e9j\u00e0 un (\u2026) ? F\u00e9d\u00e9rer une entit\u00e9 qui pr\u00e9-existe est bizarre. \u00bb<br \/>\n\u00ab Le clivage qui est mis en avant, c\u2019est-\u00e0-dire peuple contre oligarchie ou peuple contre \u00e9lite, n\u2019est pas porteur d\u2019un projet politique. Evidemment, il faut d\u00e9signer un adversaire car il n\u2019y a pas de politique sans adversaire. Mais la politique ne se r\u00e9duit pas au rapport de forces et \u00e0 la d\u00e9signation d\u2019un adversaire. La politique, c\u2019est d\u2019abord construire du commun, faire partager un imaginaire commun. \u00bb<br \/>\n\u00ab Le clivage peuple\/\u00e9lite n\u2019est porteur d\u2019aucun projet d\u2019o\u00f9 le fait qu\u2019il peut \u00eatre r\u00e9cup\u00e9r\u00e9 par l\u2019extr\u00eame droite. \u00bb<br \/>\n\u00ab Le peuple peut d\u00e9signer des r\u00e9alit\u00e9s radicalement diff\u00e9rentes. \u00bb<\/p>\n<p><em>\u00a0<strong>Sur le projet de f\u00e9d\u00e9ration populaire de Jean-Luc M\u00e9lenchon<\/em>\u00a0<\/strong><br \/>\n\u00ab Il faut cr\u00e9er un processus constituant qui associe et d\u00e9passe largement les forces politiques existantes en permettant l\u2019existence d\u2019un mouvement politique qui soit pluraliste et d\u00e9mocratique. \u00bb<br \/>\n\u00ab La FI, qui va rester la force dominante \u00e0 gauche, a une responsabilit\u00e9 extr\u00eamement importante. Les clefs sont dans les mains de Jean-Luc M\u00e9lenchon. \u00bb <div id='gallery-1' class='gallery galleryid-11639 gallery-columns-3 gallery-size-thumbnail'><figure class='gallery-item'>\n\t\t\t<div class='gallery-icon landscape'>\n\t\t\t\t<a href='https:\/\/archives.regards.fr\/wp-content\/uploads\/2019\/05\/capture_d_e_cran_2019-05-24_a_15-1cf.20.18.png'><img loading=\"lazy\" decoding=\"async\" width=\"150\" height=\"150\" src=\"https:\/\/archives.regards.fr\/wp-content\/uploads\/2019\/05\/capture_d_e_cran_2019-05-24_a_15-1cf.20.18-150x150.png\" class=\"attachment-thumbnail size-thumbnail\" alt=\"capture_d_e_cran_2019-05-24_a_15.20.18.png\" \/><\/a>\n\t\t\t<\/div><\/figure>\n\t\t<\/div>\n<\/p>\n","protected":false},"excerpt":{"rendered":"<p>L\u2019apr\u00e8s \u00e9lections europ\u00e9ennes s\u2019annonce cataclysmique pour la gauche. Des militant-es, chercheur-ses et syndicalistes lancent un appel dans M\u00e9diapart \u00ab Gauche : un sursaut n\u00e9cessaire \u00bb. Pierre Khalfa, membre de la Fondation Copernic et du conseil scientifique d\u2019ATTAC, est l\u2019invit\u00e9 de #LaMidinale.<\/p>\n","protected":false},"author":1039,"featured_media":27660,"comment_status":"open","ping_status":"open","sticky":false,"template":"","format":"standard","meta":{"_themeisle_gutenberg_block_has_review":false,"footnotes":""},"categories":[238],"tags":[293],"class_list":["post-11639","post","type-post","status-publish","format-standard","has-post-thumbnail","hentry","category-la-midinale","tag-entretien"],"_links":{"self":[{"href":"https:\/\/archives.regards.fr\/index.php?rest_route=\/wp\/v2\/posts\/11639","targetHints":{"allow":["GET"]}}],"collection":[{"href":"https:\/\/archives.regards.fr\/index.php?rest_route=\/wp\/v2\/posts"}],"about":[{"href":"https:\/\/archives.regards.fr\/index.php?rest_route=\/wp\/v2\/types\/post"}],"author":[{"embeddable":true,"href":"https:\/\/archives.regards.fr\/index.php?rest_route=\/wp\/v2\/users\/1039"}],"replies":[{"embeddable":true,"href":"https:\/\/archives.regards.fr\/index.php?rest_route=%2Fwp%2Fv2%2Fcomments&post=11639"}],"version-history":[{"count":0,"href":"https:\/\/archives.regards.fr\/index.php?rest_route=\/wp\/v2\/posts\/11639\/revisions"}],"wp:featuredmedia":[{"embeddable":true,"href":"https:\/\/archives.regards.fr\/index.php?rest_route=\/wp\/v2\/media\/27660"}],"wp:attachment":[{"href":"https:\/\/archives.regards.fr\/index.php?rest_route=%2Fwp%2Fv2%2Fmedia&parent=11639"}],"wp:term":[{"taxonomy":"category","embeddable":true,"href":"https:\/\/archives.regards.fr\/index.php?rest_route=%2Fwp%2Fv2%2Fcategories&post=11639"},{"taxonomy":"post_tag","embeddable":true,"href":"https:\/\/archives.regards.fr\/index.php?rest_route=%2Fwp%2Fv2%2Ftags&post=11639"}],"curies":[{"name":"wp","href":"https:\/\/api.w.org\/{rel}","templated":true}]}}