{"id":11633,"date":"2019-05-22T13:53:00","date_gmt":"2019-05-22T11:53:00","guid":{"rendered":"https:\/\/wp.muchomaas.com\/article-dominique-vidal-les-nationalistes-ne-sont-plus-une-force-marginale-mais-une\/"},"modified":"2023-06-23T23:40:41","modified_gmt":"2023-06-23T21:40:41","slug":"article-dominique-vidal-les-nationalistes-ne-sont-plus-une-force-marginale-mais-une","status":"publish","type":"post","link":"https:\/\/archives.regards.fr\/?p=11633","title":{"rendered":"Dominique Vidal : \u00ab Les nationalistes ne sont plus une force marginale mais une force mena\u00e7ante \u00bb"},"content":{"rendered":"<p class=\"post_excerpt\">Ils sont 20 chercheurs \u00e0 avoir scrut\u00e9 et analys\u00e9 la progression de l\u2019extr\u00eame droite dans 24 pays de l\u2019Europe. L\u2019extr\u00eame droite est-elle au porte du pouvoir ? Dominique Vidal, journaliste et co-auteur de &#8220;Les Nationalistes \u00e0 l\u2019assaut de l\u2019Europe&#8221; (Editions Demopolis), est l\u2019invit\u00e9 de La Midinale.<\/p>\n<p><iframe loading=\"lazy\" width=\"490\" height=\"276\" src=\"https:\/\/www.youtube.com\/embed\/QpV1xC1a3ms\" frameborder=\"0\" allow=\"accelerometer; autoplay; encrypted-media; gyroscope; picture-in-picture\" allowfullscreen><\/iframe><\/p>\n<p>&nbsp;<\/p>\n<p><h2>VERBATIM<\/h2>\n<p>&nbsp;<\/p>\n<p>\n<em>\u00a0<strong>Sur les \u00e9lections europ\u00e9ennes et l\u2019extr\u00eame droite<\/em>\u00a0<\/strong><br \/>\n\u00ab L\u2019enjeu principal des \u00e9lections europ\u00e9ennes, c\u2019est de faire en sorte que la politique europ\u00e9enne change mais, dans cet enjeu, il y a un sous-enjeu important qui est d\u2019emp\u00eacher les forces nationalistes, d\u2019extr\u00eame droite, populiste, de marquer des points importants pour faire basculer le Parti populaire europ\u00e9en. \u00bb<\/p>\n<p><em>\u00a0<strong>Sur la progression de l\u2019extr\u00eame droite en Europe<\/em>\u00a0<\/strong><br \/>\n\u00ab Il y a 17 pays en Europe o\u00f9 l\u2019extr\u00eame droite fait plus de 10%, 9 pays o\u00f9 elle fait plus de 20% et 5 pays o\u00f9 elle fait de 30 \u00e0 40%, donc \u00e7a n\u2019est pas du tout marginal.<br \/>\n\u00ab Les nationalistes dirigent seuls deux pays : la Pologne et la Hongrie et participent \u00e0 la coalition au pouvoir dans 10 autres Etats. \u00bb<br \/>\n\u00ab Les nationalistes ne sont plus une force marginale ; ils sont une force mena\u00e7ante. \u00bb<\/p>\n<p><em>\u00a0<strong>Sur le terreau commun des nationalismes<\/em>\u00a0<\/strong><br \/>\n\u00ab Il y a une dimension \u00e9conomique et sociale mais il y a aussi la dimension psychosoci\u00e9tale : le ch\u00f4mage, la pr\u00e9carit\u00e9 et la retraite forc\u00e9e d\u00e9truisent l\u2019estime de soi de millions d\u2019individus. Ces gens sont beaucoup plus mall\u00e9ables, sensibles, manipulables par des forces qui font jouer ensuite d\u2019autres \u00e9l\u00e9ments de crises objectifs, par exemple l\u2019Europe. \u00bb<br \/>\n\u00ab Il y a une esp\u00e8ce d\u2019obsession des migrants chez les nationalistes qui am\u00e8nent une x\u00e9nophobie g\u00e9n\u00e9ralis\u00e9e, violente. \u00bb<br \/>\n\u00ab Il y a des h\u00e9sitations dans certaines forces de gauche. On entend parfois des arguments d\u2019extr\u00eame droite repris par des forces de gauche &#8211; surtout quand elles se pr\u00e9tendent populistes. <\/p>\n<p><em>\u00a0<strong>Sur l\u2019unit\u00e9 du bloc des nationalistes en Europe<\/em>\u00a0<\/strong><br \/>\n\u00ab On ne peut absolument pas parler de bloc uni de l\u2019extr\u00eame droite europ\u00e9enne. C\u2019est d\u2019ailleurs l\u2019un des points de faiblesse de la strat\u00e9gie qui est la leur. \u00bb<br \/>\n\u00ab Les nationalistes sont divis\u00e9s en quatre groupes : il y a un \u00e9clatement de ces forces traditionnelles et ils sont d\u2019accord sur pas grand chose en r\u00e9alit\u00e9. \u00bb<\/p>\n<p><em>\u00a0<strong>Sur l\u2019extr\u00eame droite et le Parti populaire europ\u00e9en (PPE)<\/em>\u00a0<\/strong><br \/>\n\u00ab M\u00eame divis\u00e9s, les rapports de force peuvent faire bouger le PPE. \u00bb<br \/>\n\u00ab Le droit \u00e0 l\u2019avortement et le mariage gay sont en danger. \u00bb<br \/>\n\u00ab La caract\u00e9ristique de ces forces, d\u00e8s qu\u2019elles arrivent au pouvoir, c\u2019est de remettre en cause les libert\u00e9s civiles qui sont les n\u00f4tres. \u00bb<\/p>\n<p><em>\u00a0<strong>Sur l\u2019\u00e9volution programmatique de l\u2019extr\u00eame droite<\/em>\u00a0<\/strong><br \/>\n\u00ab Il y a une m\u00e9connaissance d\u2019un tournant fondamental de ces forces nationalistes qui, hier, voulaient quitter l\u2019Europe et qui, aujourd\u2019hui, veulent s\u2019en emparer. \u00bb<br \/>\n\u00ab Il y a le feuilleton d\u00e9sastreux du Brexit : ce n\u2019est pas par hasard, \u00e0 part chez Asselineau et Philippot, qu\u2019on n\u2019entende plus parler de Frexit. Le Brexit est un spectacle \u00e9pouvantable. \u00bb<\/p>\n<p><em>\u00a0<strong>Sur l\u2019opposition progressistes versus nationalistes propos\u00e9e par Emmanuel Macron<\/em>\u00a0<\/strong><br \/>\n\u00ab On ne peut pas \u00eatre celui qui pousse les \u00e9lecteurs vers Marine Le Pen par sa propre politique en France et, en m\u00eame temps, se pr\u00e9senter comme un rempart. \u00bb<br \/>\n\u00ab Les derniers sondages font peur. L\u2019ensemble des forces d\u2019extr\u00eame droite sont \u00e0 plus de 30%. C\u2019est une force consid\u00e9rable. \u00bb<br \/>\n\u00ab Je crains que Macron ne passe dans l\u2019histoire comme celui qui aura cr\u00e9\u00e9 les conditions de l\u2019arriv\u00e9e au pouvoir de l\u2019extr\u00eame droite en France. \u00bb<\/p>\n<p><em>\u00a0<strong>Sur le populisme et l\u2019extr\u00eame droite<\/em>\u00a0<\/strong><br \/>\n\u00ab Je n\u2019aime pas l\u2019utilisation du terme fasciste ou du terme nazi dans un contexte qui n\u2019est pas celui des ann\u00e9es 30. \u00bb<br \/>\n\u00ab Le populisme n\u2019est pas une doctrine et n\u2019est pas une pens\u00e9e. Il s\u2019agit d\u2019un discours et de pratiques politiques qui varient d\u2019une p\u00e9riode \u00e0 l\u2019autre, de gauche \u00e0 droite avec des points communs : le culte du chef, le m\u00e9pris de la d\u00e9mocratie, le refus de la souverainet\u00e9 internationale mondialis\u00e9e ou encore la mise en avant du peuple contre les \u00e9lites. \u00bb<br \/>\n\u00ab On n\u2019est pas dans les ann\u00e9es 30 du 20\u00e8me si\u00e8cle et nous n\u2019aurons pas, demain, la prise du pouvoir violente par un parti nazi ou fasciste, et encore moins une guerre mondiale ou un g\u00e9nocide mais, \u00e0 force de dire que nous ne sommes pas dans les ann\u00e9es 30, j\u2019ai peur qu\u2019on sous-estime le danger. \u00bb<br \/>\n\u00ab Il y a deux le\u00e7ons \u00e0 retenir : la premi\u00e8re, c\u2019est la l\u00e2chet\u00e9 de la droite &#8211; c\u2019est-\u00e0-dire quand la droite c\u00e8de et donne le pouvoir \u00e0 ces forces-l\u00e0 &#8211; et la deuxi\u00e8me, c\u2019est la division de la gauche. Si le Parti communiste allemand et le Parti social-d\u00e9mocrate allemand n\u2019avaient pas consacr\u00e9 l\u2019essentiel de leurs forces \u00e0 se combattre entre eux plut\u00f4t que de combattre le nazisme, on aurait \u00e9vit\u00e9 50 \u00e0 60 millions de morts pour l\u2019Europe. \u00bb<br \/>\n<div id='gallery-1' class='gallery galleryid-11633 gallery-columns-3 gallery-size-thumbnail'><figure class='gallery-item'>\n\t\t\t<div class='gallery-icon landscape'>\n\t\t\t\t<a href='https:\/\/archives.regards.fr\/wp-content\/uploads\/2019\/05\/capture_d_e_cran_2019-05-22_a_13-a14.45.19.png'><img loading=\"lazy\" decoding=\"async\" width=\"150\" height=\"150\" src=\"https:\/\/archives.regards.fr\/wp-content\/uploads\/2019\/05\/capture_d_e_cran_2019-05-22_a_13-a14.45.19-150x150.png\" class=\"attachment-thumbnail size-thumbnail\" alt=\"capture_d_e_cran_2019-05-22_a_13.45.19.png\" \/><\/a>\n\t\t\t<\/div><\/figure>\n\t\t<\/div>\n<\/p>\n","protected":false},"excerpt":{"rendered":"<p>Ils sont 20 chercheurs \u00e0 avoir scrut\u00e9 et analys\u00e9 la progression de l\u2019extr\u00eame droite dans 24 pays de l\u2019Europe. L\u2019extr\u00eame droite est-elle au porte du pouvoir ? Dominique Vidal, journaliste et co-auteur de &#8220;Les Nationalistes \u00e0 l\u2019assaut de l\u2019Europe&#8221; (Editions Demopolis), est l\u2019invit\u00e9 de La Midinale.<\/p>\n","protected":false},"author":1039,"featured_media":27647,"comment_status":"open","ping_status":"open","sticky":false,"template":"","format":"standard","meta":{"_themeisle_gutenberg_block_has_review":false,"footnotes":""},"categories":[238],"tags":[293],"class_list":["post-11633","post","type-post","status-publish","format-standard","has-post-thumbnail","hentry","category-la-midinale","tag-entretien"],"_links":{"self":[{"href":"https:\/\/archives.regards.fr\/index.php?rest_route=\/wp\/v2\/posts\/11633","targetHints":{"allow":["GET"]}}],"collection":[{"href":"https:\/\/archives.regards.fr\/index.php?rest_route=\/wp\/v2\/posts"}],"about":[{"href":"https:\/\/archives.regards.fr\/index.php?rest_route=\/wp\/v2\/types\/post"}],"author":[{"embeddable":true,"href":"https:\/\/archives.regards.fr\/index.php?rest_route=\/wp\/v2\/users\/1039"}],"replies":[{"embeddable":true,"href":"https:\/\/archives.regards.fr\/index.php?rest_route=%2Fwp%2Fv2%2Fcomments&post=11633"}],"version-history":[{"count":0,"href":"https:\/\/archives.regards.fr\/index.php?rest_route=\/wp\/v2\/posts\/11633\/revisions"}],"wp:featuredmedia":[{"embeddable":true,"href":"https:\/\/archives.regards.fr\/index.php?rest_route=\/wp\/v2\/media\/27647"}],"wp:attachment":[{"href":"https:\/\/archives.regards.fr\/index.php?rest_route=%2Fwp%2Fv2%2Fmedia&parent=11633"}],"wp:term":[{"taxonomy":"category","embeddable":true,"href":"https:\/\/archives.regards.fr\/index.php?rest_route=%2Fwp%2Fv2%2Fcategories&post=11633"},{"taxonomy":"post_tag","embeddable":true,"href":"https:\/\/archives.regards.fr\/index.php?rest_route=%2Fwp%2Fv2%2Ftags&post=11633"}],"curies":[{"name":"wp","href":"https:\/\/api.w.org\/{rel}","templated":true}]}}