{"id":11631,"date":"2019-05-21T12:00:00","date_gmt":"2019-05-21T10:00:00","guid":{"rendered":"https:\/\/wp.muchomaas.com\/article-louise-ylla-sumers-il-y-a-sur-les-ecrans-de-plus-en-plus-de-regards-differents\/"},"modified":"2023-06-23T23:40:39","modified_gmt":"2023-06-23T21:40:39","slug":"article-louise-ylla-sumers-il-y-a-sur-les-ecrans-de-plus-en-plus-de-regards-differents","status":"publish","type":"post","link":"https:\/\/archives.regards.fr\/?p=11631","title":{"rendered":"Louise Ylla-Somers : \u00ab Il y a, sur les \u00e9crans, de plus en plus de regards diff\u00e9rents sur la banlieue \u00bb"},"content":{"rendered":"<p class=\"post_excerpt\">Cette ann\u00e9e, le dispositif la Quinzaine en actions, qui permet de rendre le cin\u00e9ma et le Festival de Cannes accessibles au plus grand nombre en accueillant les habitants en exclusion sociale aux projections de la Quinzaine des R\u00e9alisateurs, f\u00eate ses 10 ans. L&#8217;occasion de recevoir, sa coordinatrice, Louise Ylla-Somers.<\/p>\n<p><iframe loading=\"lazy\" width=\"490\" height=\"276\" src=\"https:\/\/www.youtube.com\/embed\/hlA06jTQDZk\" frameborder=\"0\" allow=\"accelerometer; autoplay; encrypted-media; gyroscope; picture-in-picture\" allowfullscreen><\/iframe><\/p>\n<p>&nbsp;<\/p>\n<p><h2>VERBATIM<\/h2>\n<p>&nbsp;<\/p>\n<p>\n<em>\u00a0<strong>Sur les publics du Festival de Cannes<\/em>\u00a0<\/strong><br \/>\n\u00ab Le Festival de Cannes appartient aux professionnels du cin\u00e9ma. Il y a tr\u00e8s peu de publics. \u00bb<br \/>\n\u00ab La Quinzaine des R\u00e9alisateurs est la seule s\u00e9lection qui offre une billetterie, la seule section o\u00f9 le public peut acheter son ticket. \u00bb<br \/>\n\u00ab C\u2019est toujours les classes sociales les plus favoris\u00e9es qui vont au cin\u00e9ma. \u00bb<br \/>\n\u00ab Il y a plus de 50% de la population qui n\u2019a pas acc\u00e8s \u00e0 la culture. \u00bb<br \/>\n\u00ab Les films s\u00e9lectionn\u00e9s au Festival font peu d\u2019entr\u00e9es et sont souvent r\u00e9serv\u00e9s \u00e0 des cin\u00e9philes auteuristes. \u00bb<\/p>\n<p><em>\u00a0<strong>Sur le cin\u00e9ma et les quartiers populaires<\/em>\u00a0<\/strong><br \/>\n\u00ab Pour les habitants des quartiers populaires de Cannes, c\u2019est beaucoup de complications. Moins de transports, impossibilit\u00e9 d\u2019acc\u00e9der aux restaurants\u2026 \u00bb<br \/>\n\u00ab J\u2019ai l\u2019impression que les films sur les quartiers populaires sont moins clich\u00e9s qu\u2019auparavant, comme avec <strong>Les Mis\u00e9rables<\/strong> dans la s\u00e9lection officielle ou <strong>Divine<\/strong>. \u00bb<br \/>\n\u00ab Il y a, sur les \u00e9crans, de plus en plus de diversit\u00e9s et de regards diff\u00e9rents sur la banlieue. \u00bb<br \/>\n\u00ab Le regard des cin\u00e9astes sur les quartiers populaires avance un peu. \u00bb<\/p>\n<p><em>\u00a0<strong>Sur le dispositif de la Quinzaine en Actions<\/em>\u00a0<\/strong><br \/>\n\u00ab Les gens qui ne regardent pas le cin\u00e9ma ont un regard tr\u00e8s spontan\u00e9, tr\u00e8s naturel. \u00bb<br \/>\n\u00ab Les intervenants sont souvent \u00e9pat\u00e9s et heureux de rencontrer ceux des quartiers populaires qui ne voient habituellement pas leurs films. \u00bb<br \/>\n\u00ab En g\u00e9n\u00e9ral, on s\u00e9lectionne cinq ou six films de la s\u00e9lection de la Quinzaine des R\u00e9alisateurs parce qu\u2019on a envie de leur montrer la diversit\u00e9 du cin\u00e9ma. \u00bb<br \/>\n\u00ab Les r\u00e9alisateurs et les intervenants jouent le jeu et souvent, \u00e7a donne de tr\u00e8s jolis d\u00e9bats. \u00bb<\/p>\n<p><em>\u00a0<strong>Sur le r\u00f4le de l\u2019\u00e9ducation nationale<\/em>\u00a0<\/strong><br \/>\n\u00ab Il existe le dispositif \u201ccoll\u00e8ges et lyc\u00e9es au cin\u00e9ma\u201d qui commence \u00e0 poser des petits graines &#8211; en mati\u00e8re de sensibilisation. \u00bb<br \/>\n\u00ab Ce qui nous int\u00e9resse, c\u2019est d\u2019aller voir les publics qui ont d\u00e9croch\u00e9 de l\u2019\u00e9cole. \u00bb<br \/>\n\u00ab Il devrait y avoir une vraie prise en charge de ces questions, d\u2019autant plus avec la saturation d\u2019images que les jeunes ingurgitent \u00e0 longueur de journ\u00e9es : l\u2019\u00e9ducation \u00e0 l\u2019image devrait \u00eatre l\u2019une des grandes missions de notre \u00e9poque. \u00bb<\/p>\n<p><em>\u00a0<strong>Sur le bilan du dispositif<\/em>\u00a0<\/strong><br \/>\n\u00ab On n\u2019a pas vraiment vocation \u00e0 faire naitre des vocations : on sait bien qu\u2019ils ne vont pas devenir cin\u00e9astes. Nous, c\u2019est vraiment le partage et la transmission qui nous int\u00e9resse. \u00bb<br \/>\n\u00ab Ce que l\u2019on cherche, c\u2019est de permettre l\u2019acc\u00e8s \u00e0 la culture et l\u2019ouverture des \u0153ill\u00e8res, de d\u00e9velopper son esprit critique. Mais on n\u2019est pas na\u00effs : on sait bien qu\u2019on ne va pas faire \u00e9merger des r\u00e9alisateurs avec ce dispositif. \u00bb<br \/>\n\u00ab On esp\u00e8re susciter un d\u00e9sir de culture, qu\u2019il repousse la porte du cin\u00e9ma, sans nous, au bout de deux ou trois films. \u00bb<br \/>\n\u00ab Notre mission, c\u2019est vraiment l\u2019acc\u00e8s \u00e0 la culture plut\u00f4t que de faire naitre des vocations professionnelles. \u00bb<div id='gallery-1' class='gallery galleryid-11631 gallery-columns-3 gallery-size-thumbnail'><figure class='gallery-item'>\n\t\t\t<div class='gallery-icon landscape'>\n\t\t\t\t<a href='https:\/\/archives.regards.fr\/wp-content\/uploads\/2019\/05\/capture_d_e_cran_2019-05-21_a_09-34e.48.55.png'><img loading=\"lazy\" decoding=\"async\" width=\"150\" height=\"150\" src=\"https:\/\/archives.regards.fr\/wp-content\/uploads\/2019\/05\/capture_d_e_cran_2019-05-21_a_09-34e.48.55-150x150.png\" class=\"attachment-thumbnail size-thumbnail\" alt=\"capture_d_e_cran_2019-05-21_a_09.48.55.png\" \/><\/a>\n\t\t\t<\/div><\/figure>\n\t\t<\/div>\n<\/p>\n","protected":false},"excerpt":{"rendered":"<p>Cette ann\u00e9e, le dispositif la Quinzaine en actions, qui permet de rendre le cin\u00e9ma et le Festival de Cannes accessibles au plus grand nombre en accueillant les habitants en exclusion sociale aux projections de la Quinzaine des R\u00e9alisateurs, f\u00eate ses 10 ans. L&#8217;occasion de recevoir, sa coordinatrice, Louise Ylla-Somers.<\/p>\n","protected":false},"author":1039,"featured_media":27631,"comment_status":"open","ping_status":"open","sticky":false,"template":"","format":"standard","meta":{"_themeisle_gutenberg_block_has_review":false,"footnotes":""},"categories":[238],"tags":[293],"class_list":["post-11631","post","type-post","status-publish","format-standard","has-post-thumbnail","hentry","category-la-midinale","tag-entretien"],"_links":{"self":[{"href":"https:\/\/archives.regards.fr\/index.php?rest_route=\/wp\/v2\/posts\/11631","targetHints":{"allow":["GET"]}}],"collection":[{"href":"https:\/\/archives.regards.fr\/index.php?rest_route=\/wp\/v2\/posts"}],"about":[{"href":"https:\/\/archives.regards.fr\/index.php?rest_route=\/wp\/v2\/types\/post"}],"author":[{"embeddable":true,"href":"https:\/\/archives.regards.fr\/index.php?rest_route=\/wp\/v2\/users\/1039"}],"replies":[{"embeddable":true,"href":"https:\/\/archives.regards.fr\/index.php?rest_route=%2Fwp%2Fv2%2Fcomments&post=11631"}],"version-history":[{"count":0,"href":"https:\/\/archives.regards.fr\/index.php?rest_route=\/wp\/v2\/posts\/11631\/revisions"}],"wp:featuredmedia":[{"embeddable":true,"href":"https:\/\/archives.regards.fr\/index.php?rest_route=\/wp\/v2\/media\/27631"}],"wp:attachment":[{"href":"https:\/\/archives.regards.fr\/index.php?rest_route=%2Fwp%2Fv2%2Fmedia&parent=11631"}],"wp:term":[{"taxonomy":"category","embeddable":true,"href":"https:\/\/archives.regards.fr\/index.php?rest_route=%2Fwp%2Fv2%2Fcategories&post=11631"},{"taxonomy":"post_tag","embeddable":true,"href":"https:\/\/archives.regards.fr\/index.php?rest_route=%2Fwp%2Fv2%2Ftags&post=11631"}],"curies":[{"name":"wp","href":"https:\/\/api.w.org\/{rel}","templated":true}]}}