{"id":11630,"date":"2019-05-20T13:13:00","date_gmt":"2019-05-20T11:13:00","guid":{"rendered":"https:\/\/wp.muchomaas.com\/article-s-il-n-y-avait-des-inegalites-qu-au-festival-de-cannes-la-vie-serait-belle\/"},"modified":"2023-06-23T23:40:38","modified_gmt":"2023-06-23T21:40:38","slug":"article-s-il-n-y-avait-des-inegalites-qu-au-festival-de-cannes-la-vie-serait-belle","status":"publish","type":"post","link":"https:\/\/archives.regards.fr\/?p=11630","title":{"rendered":"\u00ab S\u2019il n\u2019y avait des in\u00e9galit\u00e9s qu\u2019au Festival de Cannes, la vie serait belle \u00bb"},"content":{"rendered":"<p class=\"post_excerpt\">Le Festival de Cannes, ses stars, ses paillettes, le luxe\u2026 et la pr\u00e9carit\u00e9 cach\u00e9e des techniciens ou des professionnels de l\u2019h\u00f4tellerie. Laurent Blois, d\u00e9l\u00e9gu\u00e9 g\u00e9n\u00e9ral du SPIAC (Syndicat des professionnels de l\u2019industrie, de l\u2019audiovisuel et du cin\u00e9ma) et Ange Romini, secr\u00e9taire g\u00e9n\u00e9ral de la CGT des h\u00f4tels, caf\u00e9s et restaurants de Cannes, sont les invit\u00e9s de La Midinale.<\/p>\n<p><iframe loading=\"lazy\" width=\"490\" height=\"276\" src=\"https:\/\/www.youtube.com\/embed\/GVJo4z8ei44\" frameborder=\"0\" allow=\"accelerometer; autoplay; encrypted-media; gyroscope; picture-in-picture\" allowfullscreen><\/iframe><\/p>\n<p>&nbsp;<\/p>\n<p><h2>VERBATIM<\/h2>\n<p>&nbsp;<\/p>\n<p>\n<em>\u00a0<strong>Sur le Festival de Cannes<\/em>\u00a0<\/strong><br \/>\n\u00ab En tant que professionnels, Cannes est un moment magique et unique. \u00bb<br \/>\n \u00ab C\u2019est nous qui accr\u00e9ditons les techniciens qui souhaitent \u00eatre \u00e0 Cannes. \u00bb<br \/>\n\u00ab Cannes est un spectacle permanent et toute la ville y participe au travers de la restauration et des h\u00f4tels. \u00bb<br \/>\n\u00ab Le Festival de Cannes c\u2019est aussi le top d\u00e9part de la saison avec l\u2019embauche des saisonniers. \u00bb<br \/>\n\u00ab En tant que syndicaliste, le Festival de Cannes est un moment unique puisqu\u2019il a toujours \u00e9t\u00e9 li\u00e9 au social et aux luttes. \u00bb<br \/>\n\u00ab Le Festival est une sc\u00e8ne internationale pour parler de beaucoup de sujets, pas seulement \u00e0 l\u2019int\u00e9rieur du Palais : \u00e7a se passe aussi \u00e0 l\u2019ext\u00e9rieur. \u00bb<br \/>\n\u00ab Le Festival de Cannes est un festival d\u2019id\u00e9es. \u00bb<\/p>\n<p><em>\u00a0<strong>Sur la CGT et Cannes<\/em>\u00a0<\/strong><br \/>\n\u00ab La CGT est membre du conseil d\u2019administration du Festival de Cannes. \u00bb<br \/>\n\u00ab C\u2019est une bataille que d\u2019exister en tant que techniciens. \u00bb<br \/>\n\u00ab Il faut batailler pour que la CGT soit visible et se montre au Festival de Cannes. \u00bb<br \/>\n\u00ab Le Festival de Cannes veut r\u00e9internaliser la billetterie et donc dispenser les organisations professionnelles d\u2019\u00eatre sur place. \u00bb<br \/>\n\u00ab Plus que jamais, dans cette soci\u00e9t\u00e9 bling bling, o\u00f9 il faut avoir un nom, il faut batailler pour montrer que derri\u00e8re la lumi\u00e8re et les paillettes, il y a des gens dans l\u2019ombre qui travaillent. \u00bb<\/p>\n<p><em>\u00a0<strong>Sur les travailleurs invisibles de Cannes<\/em>\u00a0<\/strong><br \/>\n\u00ab Ce sont les salari\u00e9s qui permettent aux palaces d\u2019\u00eatre au plus haut niveau. \u00bb<br \/>\n\u00ab L\u2019important, ce sont les salari\u00e9s qui connaissent les clients et leur travail. \u00bb<br \/>\n\u00ab Il y a trop de contrats pr\u00e9caires [dans l\u2019h\u00f4tellerie et la restauration cannoise]. \u00bb<br \/>\n\u00ab Le Festival de Cannes est une sc\u00e8ne internationale pour faire passer des messages. \u00bb<\/p>\n<p><em>\u00a0<strong>Sur les n\u00e9gociations avec le minist\u00e8re de la Culture<\/em>\u00a0<\/strong><br \/>\n\u00ab Le Festival de Cannes \u00e9tait un moment de n\u00e9gociations jusqu\u2019\u00e0 il y a peu de temps. \u00bb<br \/>\n\u00ab Jusqu\u2019\u00e0 il y a cinq ans, il y avait un petit d\u00e9jeuner organis\u00e9 avec toute la fili\u00e8re cin\u00e9ma et le Minist\u00e8re de la Culture \u2013 il a \u00e9t\u00e9 abandonn\u00e9. \u00bb<br \/>\n\u00ab Lorsqu\u2019on fait des contacts \u00e0 Cannes, c\u2019est plus d\u00e9tendu, m\u00eame si les enjeux sont les m\u00eames. \u00bb<\/p>\n<p><em>\u00a0<strong>Cannes et les in\u00e9galit\u00e9s<\/em>\u00a0<\/strong><br \/>\n\u00ab Ce n\u2019est pas Cannes qui est la capitale des in\u00e9galit\u00e9s, c\u2019est la France. \u00bb<br \/>\n\u00ab S\u2019il n\u2019y avait des in\u00e9galit\u00e9s qu\u2019\u00e0 Cannes, la vie serait belle. \u00bb<br \/>\n\u00ab Cannes a deux facettes : le Festival du film et le March\u00e9 international, c\u2019est-\u00e0-dire le business. Politiquement, ces deux facettes peuvent s\u2019opposer. \u00bb<br \/>\n\u00ab La magie cannoise, c\u2019est aussi la libert\u00e9 d\u2019expression \u00e0 l\u2019int\u00e9rieur du Palais, dans les films que l\u2019on voit. Mais il faut que cette libert\u00e9 se voit aussi \u00e0 l\u2019ext\u00e9rieur. \u00bb<br \/>\n\u00ab L\u2019essence de Cannes, c\u2019est la libert\u00e9 de parler de tous les sujets. \u00bb<\/p>\n<p><em>\u00a0<strong>Sur les gilets jaunes<\/em>\u00a0<\/strong><br \/>\n\u00ab Nous au SPIAC, d\u00e8s l\u2019apparition du mouvement des gilets jaunes, on a r\u00e9dig\u00e9 une motion de soutien aux gilets jaunes m\u00eame si on savait qu\u2019il y avait des choses avec lesquelles on n\u2019\u00e9tait pas d\u2019accord. \u00bb<br \/>\n\u00ab La question des intermittents n\u2019est pas r\u00e9gl\u00e9e au moment o\u00f9 nous parlons : on attend que le ministre prenne ses responsabilit\u00e9s et fasse \u00e9tendre l\u2019accord qui a \u00e9t\u00e9 sign\u00e9, car pour l\u2019instant, \u00e7a n\u2019est pas le cas. \u00bb<br \/>\n\u00ab Il faut que des convergences se cr\u00e9ent avec les gilets jaunes mais pas sur n\u2019importe quelles bases. \u00bb<br \/>\n\u00ab Il faut travailler \u00e0 contrer l\u2019id\u00e9e selon laquelle les corps interm\u00e9diaires ne serviraient \u00e0 rien. \u00bb<br \/>\n\u00ab Le probl\u00e8me des gilets jaunes part d\u2019un mal-\u00eatre Fran\u00e7ais : une grande partie de la population n\u2019y arrive plus \u2013 et ce constat l\u00e0, la CGT l\u2019a fait. \u00bb<br \/>\n\u00ab D\u00e8s le d\u00e9part, le mouvement des gilets jaunes s\u2019est voulu en dehors des syndicats et des politiques. Nous, \u00e0 la CGT, on respecte ce choix. \u00bb<div id='gallery-1' class='gallery galleryid-11630 gallery-columns-3 gallery-size-thumbnail'><figure class='gallery-item'>\n\t\t\t<div class='gallery-icon landscape'>\n\t\t\t\t<a href='https:\/\/archives.regards.fr\/wp-content\/uploads\/2019\/05\/capture_d_e_cran_2019-05-20_a_12-349.21.57.png'><img loading=\"lazy\" decoding=\"async\" width=\"150\" height=\"150\" src=\"https:\/\/archives.regards.fr\/wp-content\/uploads\/2019\/05\/capture_d_e_cran_2019-05-20_a_12-349.21.57-150x150.png\" class=\"attachment-thumbnail size-thumbnail\" alt=\"capture_d_e_cran_2019-05-20_a_12.21.57.png\" \/><\/a>\n\t\t\t<\/div><\/figure>\n\t\t<\/div>\n<\/p>\n","protected":false},"excerpt":{"rendered":"<p>Le Festival de Cannes, ses stars, ses paillettes, le luxe\u2026 et la pr\u00e9carit\u00e9 cach\u00e9e des techniciens ou des professionnels de l\u2019h\u00f4tellerie. Laurent Blois, d\u00e9l\u00e9gu\u00e9 g\u00e9n\u00e9ral du SPIAC (Syndicat des professionnels de l\u2019industrie, de l\u2019audiovisuel et du cin\u00e9ma) et Ange Romini, secr\u00e9taire g\u00e9n\u00e9ral de la CGT des h\u00f4tels, caf\u00e9s et restaurants de Cannes, sont les invit\u00e9s de La Midinale.<\/p>\n","protected":false},"author":1039,"featured_media":27629,"comment_status":"open","ping_status":"open","sticky":false,"template":"","format":"standard","meta":{"_themeisle_gutenberg_block_has_review":false,"footnotes":""},"categories":[238],"tags":[293],"class_list":["post-11630","post","type-post","status-publish","format-standard","has-post-thumbnail","hentry","category-la-midinale","tag-entretien"],"_links":{"self":[{"href":"https:\/\/archives.regards.fr\/index.php?rest_route=\/wp\/v2\/posts\/11630","targetHints":{"allow":["GET"]}}],"collection":[{"href":"https:\/\/archives.regards.fr\/index.php?rest_route=\/wp\/v2\/posts"}],"about":[{"href":"https:\/\/archives.regards.fr\/index.php?rest_route=\/wp\/v2\/types\/post"}],"author":[{"embeddable":true,"href":"https:\/\/archives.regards.fr\/index.php?rest_route=\/wp\/v2\/users\/1039"}],"replies":[{"embeddable":true,"href":"https:\/\/archives.regards.fr\/index.php?rest_route=%2Fwp%2Fv2%2Fcomments&post=11630"}],"version-history":[{"count":0,"href":"https:\/\/archives.regards.fr\/index.php?rest_route=\/wp\/v2\/posts\/11630\/revisions"}],"wp:featuredmedia":[{"embeddable":true,"href":"https:\/\/archives.regards.fr\/index.php?rest_route=\/wp\/v2\/media\/27629"}],"wp:attachment":[{"href":"https:\/\/archives.regards.fr\/index.php?rest_route=%2Fwp%2Fv2%2Fmedia&parent=11630"}],"wp:term":[{"taxonomy":"category","embeddable":true,"href":"https:\/\/archives.regards.fr\/index.php?rest_route=%2Fwp%2Fv2%2Fcategories&post=11630"},{"taxonomy":"post_tag","embeddable":true,"href":"https:\/\/archives.regards.fr\/index.php?rest_route=%2Fwp%2Fv2%2Ftags&post=11630"}],"curies":[{"name":"wp","href":"https:\/\/api.w.org\/{rel}","templated":true}]}}