{"id":11627,"date":"2019-05-17T12:06:03","date_gmt":"2019-05-17T10:06:03","guid":{"rendered":"https:\/\/wp.muchomaas.com\/article-francoise-piotet-a-la-cgt-chacun-construit-sa-propre-cgt\/"},"modified":"2023-06-23T23:40:36","modified_gmt":"2023-06-23T21:40:36","slug":"article-francoise-piotet-a-la-cgt-chacun-construit-sa-propre-cgt","status":"publish","type":"post","link":"https:\/\/archives.regards.fr\/?p=11627","title":{"rendered":"Fran\u00e7oise Piotet : \u00ab\u00a0\u00c0 la CGT, chacun construit sa propre CGT\u00a0\u00bb"},"content":{"rendered":"<p class=\"post_excerpt\">Alors que la CGT vient de renouveler sa confiance \u00e0 Philippe Martinez \u00e0 l\u2019occasion de son 52\u00e8me Congr\u00e8s, comment se porte le syndicalisme en France ? Quelles cons\u00e9quences le mouvement des gilets jaunes peut-il avoir ? \u00c0 quoi et qui servent les syndicats ? Fran\u00e7oise Piotet, professeure de sociologie, sp\u00e9cialiste du travail et du syndicalisme, est l\u2019invit\u00e9e de #LaMidinale.<\/p>\n<p><iframe loading=\"lazy\" width=\"490\" height=\"276\" src=\"https:\/\/www.youtube.com\/embed\/-kt4dpo4DKI\" frameborder=\"0\" allow=\"accelerometer; autoplay; encrypted-media; gyroscope; picture-in-picture\" allowfullscreen><\/iframe><\/p>\n<p>&nbsp;<\/p>\n<p><h2>VERBATIM<\/h2>\n<p>&nbsp;<\/p>\n<p>\n<strong>Sur l\u2019\u00e9volution du syndicalisme<\/strong><br \/>\n\u00ab\u00a0Ce qui a continu\u00e9 \u00e0 \u00e9voluer plut\u00f4t que changer radicalement c\u2019est les transformations du monde du travail et surtout de l\u2019emploi.\u00a0\u00bb<br \/>\n\u00ab\u00a0Il y a une dichotomie croissante entre les emplois qualifi\u00e9s et les emplois peu qualifi\u00e9s, le d\u00e9veloppement du tertiaire et la baisse des emplois industriels traditionnels, et la f\u00e9minisation ainsi que la pr\u00e9carit\u00e9.\u00a0\u00bb<\/p>\n<p><strong>Sur l\u2019affaiblissement du syndicalisme<\/strong><br \/>\n\u00ab\u00a0Le syndicalisme n\u2019a jamais \u00e9t\u00e9 tr\u00e8s fort : il est en crise depuis sa naissance.\u00a0\u00bb<br \/>\n\u00ab\u00a0Le syndicalisme, en particulier \u00e0 la CGT, \u00e9tait bien implant\u00e9 dans les bastions qui ont \u00e9t\u00e9 les plus affect\u00e9s par les transformations productives.\u00a0\u00bb<br \/>\n\u00ab\u00a0La faiblesse du syndicalisme est li\u00e9e en partie \u00e0 la m\u00e9connaissance que nous en avons tous et \u00e0 tous les niveaux.\u00a0\u00bb<\/p>\n<p><strong>Sur le congr\u00e8s de la CGT<\/strong><br \/>\n\u00ab\u00a0C\u2019est un congr\u00e8s important et difficile.\u00a0\u00bb<br \/>\n\u00ab\u00a0Depuis la succession de Bernard Thibault, la CGT conna\u00eet des probl\u00e8mes de leadership et de l\u00e9gitimit\u00e9 de ses leaders qui peuvent \u00eatre contest\u00e9s.\u00a0\u00bb<br \/>\n\u00ab\u00a0La CGT a perdu la premi\u00e8re place et \u00e7a a secou\u00e9 tr\u00e8s fortement des militants tr\u00e8s fiers.\u00a0\u00bb<br \/>\n\u00ab\u00a0Il y a un probl\u00e8me d\u2019organisation \u00e0 la CGT : c\u2019est un miracle que ce syndicat ait surv\u00e9cu avec l\u2019organisation qui est la sienne.\u00a0\u00bb<br \/>\n\u00ab\u00a0La CGT est un mouvement \u00e9clat\u00e9 : chacun construit sa propre CGT.\u00a0\u00bb<br \/>\n\u00ab\u00a0Contrairement \u00e0 ce qu\u2019on pense, la direction a tr\u00e8s peu de pouvoir, notamment pour lancer des initiatives et r\u00e9former l\u2019organisation.\u00a0\u00bb<\/p>\n<p><strong>Sur l\u2019adh\u00e9sion de la CGT \u00e0 la F\u00e9d\u00e9ration Syndicale Mondiale<\/strong><br \/>\n\u00ab\u00a0Au congr\u00e8s, on a trouv\u00e9 une r\u00e9ponse digne du Vatican o\u00f9 on ne s\u2019interdit plus de d\u00e9velopper des liens avec la FSM sans dire qu\u2019on y adh\u00e8re.\u00a0\u00bb<br \/>\n\u00ab\u00a0\u00c7a traduit un clivage tr\u00e8s profond au sein de la CGT entre des f\u00e9d\u00e9rations de plus en plus dures (qui pr\u00f4nent la gr\u00e8ve g\u00e9n\u00e9rale et la lutte des classes pures) et les h\u00e9ritiers de Viannet et Thibault pour une pr\u00e9sence \u00e0 la table des n\u00e9gociations.\u00a0\u00bb<br \/>\n\u00ab\u00a0C\u2019est inqui\u00e9tant.\u00a0\u00bb<\/p>\n<p><strong>Sur la critique du politique et non plus du \u00ab\u00a0patron\u00a0\u00bb (gilets jaunes)<\/strong><br \/>\n\u00ab\u00a0On voit bien que c\u2019est une col\u00e8re qui est n\u00e9e contre une col\u00e8re pr\u00e9cise, une taxe, mais c\u2019est une r\u00e9volte de gens qui ont un pouvoir d\u2019achat tr\u00e8s limit\u00e9 et contraint.\u00a0\u00bb<br \/>\n\u00ab\u00a0Les gilets jaunes sont tr\u00e8s isol\u00e9s dans leur travail et \u00e0 des niveaux de qualification qui rend difficile une prise de conscience qu\u2019ils peuvent se battre contre un employeur.\u00a0\u00bb<br \/>\n\u00ab\u00a0On a un salariat tr\u00e8s atomis\u00e9 et qui s\u2019articule difficilement avec des revendications collectives.\u00a0\u00bb<br \/>\n\u00ab\u00a0Les gilets jaunes ne per\u00e7oivent pas leur patron comme un ennemi de classe.\u00a0\u00bb<\/p>\n<p><strong>Sur le r\u00f4le et le pouvoir des syndicats<\/strong><br \/>\n\u00ab\u00a0Les syndicats sur le terrain font un travail essentiel et tout \u00e0 fait admirable.\u00a0\u00bb<br \/>\n\u00ab\u00a0Le syndicalisme est essentiel.\u00a0\u00bb<br \/>\n\u00ab\u00a0On a des politiques qui n\u2019ont pas envie de faire avec les syndicats. Ils ne les connaissent pas et n\u2019ont pas une connaissance approfondie des syndicats et de leur histoire.\u00a0\u00bb<br \/>\n\u00ab\u00a0La culture de la n\u00e9gociation est une culture tr\u00e8s exigeante.\u00a0\u00bb<br \/>\n\u00ab\u00a0La loi travail a fragilis\u00e9 le syndicalisme au niveau national.\u00a0\u00bb<\/p>\n<p><strong>Sur les transformations du travail et les syndicats<\/strong><br \/>\n\u00ab\u00a0Les seuls qui commencent \u00e0 r\u00e9fl\u00e9chir sur le travail du futur, c\u2019est la CFDT parce que la CFDT fait un travail consid\u00e9rable d\u2019enqu\u00eate.\u00a0\u00bb<br \/>\n\u00ab\u00a0La CGT est encore tr\u00e8s largement un syndicalisme fond\u00e9 sur les m\u00e9tiers, ce que n\u2019est pas la CFDT, et ils voient les \u00e9volutions de leur propres m\u00e9tiers mais ils ne voient pas du tout, ou \u00e0 la marge, ce qui se passe \u00e0 c\u00f4t\u00e9.\u00a0\u00bb<br \/>\n\u00ab\u00a0La CGT pense l\u2019\u00e9volution du travail dans un culture du salariat alors qu\u2019on connait le d\u00e9veloppement du travail ind\u00e9pendant et de l\u2019auto-entreprenariat.\u00a0\u00bb<br \/>\n\u00ab\u00a0La CGT per\u00e7oit l\u2019auto-entreprenariat comme quelque chose de catastrophique mais ne s\u2019st pas int\u00e9ress\u00e9e aux gens.\u00a0\u00bb<br \/>\n<div id='gallery-1' class='gallery galleryid-11627 gallery-columns-3 gallery-size-thumbnail'><figure class='gallery-item'>\n\t\t\t<div class='gallery-icon landscape'>\n\t\t\t\t<a href='https:\/\/archives.regards.fr\/wp-content\/uploads\/2019\/05\/cap-3-4b9.png'><img loading=\"lazy\" decoding=\"async\" width=\"150\" height=\"150\" src=\"https:\/\/archives.regards.fr\/wp-content\/uploads\/2019\/05\/cap-3-4b9-150x150.png\" class=\"attachment-thumbnail size-thumbnail\" alt=\"cap-3.png\" \/><\/a>\n\t\t\t<\/div><\/figure>\n\t\t<\/div>\n<\/p>\n","protected":false},"excerpt":{"rendered":"<p>Alors que la CGT vient de renouveler sa confiance \u00e0 Philippe Martinez \u00e0 l\u2019occasion de son 52\u00e8me Congr\u00e8s, comment se porte le syndicalisme en France ? Quelles cons\u00e9quences le mouvement des gilets jaunes peut-il avoir ? \u00c0 quoi et qui servent les syndicats ? Fran\u00e7oise Piotet, professeure de sociologie, sp\u00e9cialiste du travail et du syndicalisme, est l\u2019invit\u00e9e de #LaMidinale.<\/p>\n","protected":false},"author":1039,"featured_media":27620,"comment_status":"open","ping_status":"open","sticky":false,"template":"","format":"standard","meta":{"_themeisle_gutenberg_block_has_review":false,"footnotes":""},"categories":[238],"tags":[293],"class_list":["post-11627","post","type-post","status-publish","format-standard","has-post-thumbnail","hentry","category-la-midinale","tag-entretien"],"_links":{"self":[{"href":"https:\/\/archives.regards.fr\/index.php?rest_route=\/wp\/v2\/posts\/11627","targetHints":{"allow":["GET"]}}],"collection":[{"href":"https:\/\/archives.regards.fr\/index.php?rest_route=\/wp\/v2\/posts"}],"about":[{"href":"https:\/\/archives.regards.fr\/index.php?rest_route=\/wp\/v2\/types\/post"}],"author":[{"embeddable":true,"href":"https:\/\/archives.regards.fr\/index.php?rest_route=\/wp\/v2\/users\/1039"}],"replies":[{"embeddable":true,"href":"https:\/\/archives.regards.fr\/index.php?rest_route=%2Fwp%2Fv2%2Fcomments&post=11627"}],"version-history":[{"count":0,"href":"https:\/\/archives.regards.fr\/index.php?rest_route=\/wp\/v2\/posts\/11627\/revisions"}],"wp:featuredmedia":[{"embeddable":true,"href":"https:\/\/archives.regards.fr\/index.php?rest_route=\/wp\/v2\/media\/27620"}],"wp:attachment":[{"href":"https:\/\/archives.regards.fr\/index.php?rest_route=%2Fwp%2Fv2%2Fmedia&parent=11627"}],"wp:term":[{"taxonomy":"category","embeddable":true,"href":"https:\/\/archives.regards.fr\/index.php?rest_route=%2Fwp%2Fv2%2Fcategories&post=11627"},{"taxonomy":"post_tag","embeddable":true,"href":"https:\/\/archives.regards.fr\/index.php?rest_route=%2Fwp%2Fv2%2Ftags&post=11627"}],"curies":[{"name":"wp","href":"https:\/\/api.w.org\/{rel}","templated":true}]}}