{"id":11624,"date":"2019-05-16T12:00:00","date_gmt":"2019-05-16T10:00:00","guid":{"rendered":"https:\/\/wp.muchomaas.com\/article-sophie-tissier-le-gouvernement-met-en-oeuvre-une-strategie-de-la-terreur\/"},"modified":"2023-06-23T23:40:35","modified_gmt":"2023-06-23T21:40:35","slug":"article-sophie-tissier-le-gouvernement-met-en-oeuvre-une-strategie-de-la-terreur","status":"publish","type":"post","link":"https:\/\/archives.regards.fr\/?p=11624","title":{"rendered":"Sophie Tissier : \u00ab Le gouvernement met en \u0153uvre une strat\u00e9gie de la terreur \u00bb"},"content":{"rendered":"<p class=\"post_excerpt\">Alors que se pr\u00e9pare l&#8217;acte XXVII des gilets jaunes samedi prochain, Sophie Tissier, gilet jaune membre du groupe &#8220;D\u00e9cla ta manif&#8221;, est l&#8217;invit\u00e9e de la Midinale.<\/p>\n<p><iframe loading=\"lazy\" width=\"490\" height=\"276\" src=\"https:\/\/www.youtube.com\/embed\/R6kIhA5piHU\" frameborder=\"0\" allow=\"accelerometer; autoplay; encrypted-media; gyroscope; picture-in-picture\" allowfullscreen><\/iframe><\/p>\n<p>&nbsp;<\/p>\n<p><h2>VERBATIM<\/h2>\n<p>&nbsp;<\/p>\n<p>\n<em>\u00a0<strong>Sur les d\u00e9clarations de manifestation de gilets jaunes<\/em>\u00a0<\/strong><br \/>\n\u00ab On consid\u00e8re que la police est une institution au service des citoyens. \u00bb<br \/>\n\u00ab D\u00e9clarer une manif, c\u2019est un acte militant. \u00bb<br \/>\n\u00ab On ne d\u00e9clare pas une manif n\u2019importe comment : on essaie d\u2019en avoir qui soient hauts en couleurs et tr\u00e8s symbolique. \u00bb<br \/>\n \u00ab On a r\u00e9ussi \u00e0 descendre les Champs-Elys\u00e9es en manifestation d\u00e9clar\u00e9e \u2013 ce qu\u2019aucun syndicat ne r\u00e9ussit \u00e0 obtenir. \u00bb<br \/>\n\u00ab On sort du cadre habituel de la manifestation de part la culture qu\u2019on impose en tant que gilets jaunes. \u00bb<br \/>\n\u00ab On a un processus de co-d\u00e9claration des manifestations avec beaucoup de signataires pour essayer d\u2019imposer notre force par le nombre. \u00bb<br \/>\n\u00ab Il est difficile d\u2019obtenir les lieux que l\u2019on veut pour manifester depuis l\u2019arriv\u00e9e du nouveau pr\u00e9fet [Lallemand] qui est tr\u00e8s dur et pas du tout dans le dialogue et le respect de la libert\u00e9 de manifester. \u00bb<br \/>\n\u00ab Le 1er mai, on a voulu obtenir un d\u00e9part du Panth\u00e9on avec Youth for Climate et Tous unis pour le climat mais on nous l\u2019a interdit. \u00bb<\/p>\n<p><em>\u00a0<strong>Sur les forces de l\u2019ordre et les manifestations \u00e0 Paris<\/em>\u00a0<\/strong><br \/>\n\u00ab On essaie de \u201crespecter\u201d les forces de l\u2019ordre dans leur strict r\u00f4le d\u2019encadrement des manifs. \u00bb<br \/>\n\u00ab On fait attention \u00e0 ce que la police ne sorte pas de son cadre d\u00e9ontologique. \u00bb<br \/>\n\u00ab Ca a un sens plus que jamais de manifester \u00e0 Paris parce que le gouvernement tient son cap de mani\u00e8re tr\u00e8s dure. \u00bb<br \/>\n\u00ab Le gouvernement se sert de la police comme d\u2019un outil r\u00e9pressif de fa\u00e7on ill\u00e9gale. \u00bb<br \/>\n\u00ab On d\u00e9nonce l\u2019irresponsabilit\u00e9 du gouvernement dans la gestion de l\u2019ordre. \u00bb<br \/>\n\u00ab Le gouvernement met en \u0153uvre une strat\u00e9gie de la terreur. \u00bb<br \/>\n\u00ab Le gouvernement essaie de faire passer les gilets jaunes pour des personnes infr\u00e9quentables en essayant de nous nuire. \u00bb<\/p>\n<p><em>\u00a0<strong>Sur la strat\u00e9gie des gilets jaunes et la violence qui tente certains manifestants<\/em>\u00a0<\/strong><br \/>\n\u00ab Les gens qui descendent dans la rue n\u2019avaient aucune culture militante et n\u2019avaient pour la plupart jamais manifest\u00e9. \u00bb<br \/>\n\u00ab Il faut \u00eatre strat\u00e9gique et aussi manipulateurs qu\u2019eux le sont. \u00bb<br \/>\n\u00ab La violence est inh\u00e9rente \u00e0 la politique du gouvernement. \u00bb<br \/>\n\u00ab Moi-m\u00eame, j\u2019aurais envie de jeter des pav\u00e9s et de sombrer dans la violence mais, strat\u00e9giquement parlant, aujourd\u2019hui, le rapport de forces, on ne le gagnera jamais. \u00bb<br \/>\n\u00ab On ne peut pas gagner le rapport de force [violent] : on n\u2019est plus en 1789 ou en mai 68. \u00bb<br \/>\n\u00ab On ne peut pas se confronter \u00e0 la police si ce n\u2019est par des actions concert\u00e9es \u2013 y compris ill\u00e9gales, mais pas dans la force. \u00bb<br \/>\n\u00ab Jeter des pav\u00e9s sur la police, \u00e7a ne va pas changer grand chose. \u00bb<br \/>\n\u00ab La police se sert du moindre petit accident pour d\u00e9cr\u00e9dibiliser le mouvement et surtout pour le r\u00e9primer. \u00bb<\/p>\n<p><em>\u00a0<strong>Sur les objectifs des gilets jaunes<\/em>\u00a0<\/strong><br \/>\n\u00ab Notre adversaire, c\u2019est le gouvernement et le syst\u00e8me politique dans son ensemble. \u00bb<br \/>\n\u00ab Ca m\u2019a choqu\u00e9 de voir que peu de gens s\u2019\u00e9meuvent de l\u2019annonce que des armes fran\u00e7aises sont en train de tuer des civils au Y\u00e9men. \u00bb<br \/>\n\u00ab Il y a un endormissement, une lobotomisation de beaucoup de gens qui n\u2019ont aucune notion de ce qu\u2019il se passe, des enjeux qui sont devant nous et des dangers imminents sur nos vies. \u00bb<br \/>\n\u00ab A cause de toute l\u2019industrie p\u00e9trochimique, on a une baisse de la fertilit\u00e9 masculine de 50% en France depuis dix ans. \u00bb<br \/>\n\u00ab C\u2019est un enjeu crucial que de nous prot\u00e9ger de nos industries qui d\u00e9gradent nos vies au plus profond de nos \u00eatres. \u00bb<br \/>\n\u00ab Ce qui r\u00e9unit tous les gilets jaunes, c\u2019est la volont\u00e9 de changer le syst\u00e8me politique et de cr\u00e9er la premi\u00e8re vraie d\u00e9mocratie. \u00bb<br \/>\n\u00ab Aujourd\u2019hui, Macron est le premier pion plus ou moins tacite d\u2019une petite caste oligarchique. \u00bb<br \/>\n\u00ab On veut remettre de la puissance citoyenne dans les d\u00e9cisions politiques, que chacun puisse s\u2019investir de son pouvoir citoyen et se sente l\u00e9gitime \u00e0 le faire. \u00bb<br \/>\n\u00ab J\u2019ai deux enfants et je suis hyper inqui\u00e8te : je ne veux plus vivre dans ce monde-l\u00e0. \u00bb<br \/>\n\u00ab Notre monde devient invivable \u00e0 beaucoup de niveaux et il est temps que l\u2019on s\u2019empare de cette question. \u00bb<br \/>\n\u00ab Redonner le pouvoir aux citoyens, remettre de la transparence, r\u00e9gler la question des m\u00e9dias qui sont au c\u0153ur des enjeux d\u00e9mocratiques : c\u2019est \u00e7a les objectifs des gilets jaunes. \u00bb<br \/>\n\u00ab Le quatri\u00e8me pouvoir m\u00e9diatique n\u2019a aujourd\u2019hui aucun garde-fou citoyen : le CSA ne remplit pas son boulot, une petite oligarchie financi\u00e8re poss\u00e8de 90% des m\u00e9dias, il y a \u00e9norm\u00e9ment de d\u00e9sinformation\u2026 \u00bb<br \/>\n\u00ab Il faut que les gens se remobilisent et si cela doit passer par la reprise des Champs-Elys\u00e9es en \u00e9tant dans des manifs tous les samedis, on y arrivera. \u00bb<\/p>\n<p><em>\u00a0<strong>Sur les potentiels alli\u00e9s des gilets jaunes<\/em>\u00a0<\/strong><br \/>\n\u00ab On souhaite travailler avec les syndicats et les associations. Les partis politiques, beaucoup moins. \u00bb<br \/>\n\u00ab Le syst\u00e8me partisan avec une verticalit\u00e9 extr\u00eame du pouvoir et un manque d\u2019implication du pouvoir militant qui ne sont pas assez \u00e9cout\u00e9 et pris en compte, c\u2019est un vrai probl\u00e8me d\u00e9mocratique. \u00bb<br \/>\n\u00ab La CGT est une vieille dame qui a du mal \u00e0 se renouveler dans sa culture militante et dans ses prises de d\u00e9cision. \u00bb<br \/>\n\u00ab Il faut r\u00e9ussir \u00e0 mettre autour de la table tous les acteurs de la d\u00e9mocratie 2.0. \u00bb<br \/>\n\u00ab Il y a une \u00e9bauche int\u00e9ressante avec la plateforme Le Vrai D\u00e9bat : elle a manqu\u00e9 de moyens, de relais m\u00e9diatiques pour \u00eatre efficace et fonctionnelle mais c\u2019est vers ce genre de chose qu\u2019on doit tendre. \u00bb<br \/>\n\u00ab Avec les gilets jaunes, on a une grande fen\u00eatre ouverte vers la d\u00e9mocratie. \u00bb<br \/>\n\u00ab Le rapport de forces avec le gouvernement, on ne l\u2019aura jamais parce que la police est aux ordres de Castaner et que ce n\u2019est pas quelqu\u2019un \u00e0 qui on peut faire confiance. \u00bb<div id='gallery-1' class='gallery galleryid-11624 gallery-columns-3 gallery-size-thumbnail'><figure class='gallery-item'>\n\t\t\t<div class='gallery-icon landscape'>\n\t\t\t\t<a href='https:\/\/archives.regards.fr\/wp-content\/uploads\/2019\/05\/capture_d_e_cran_2019-05-16_a_08-071.37.17.png'><img loading=\"lazy\" decoding=\"async\" width=\"150\" height=\"150\" src=\"https:\/\/archives.regards.fr\/wp-content\/uploads\/2019\/05\/capture_d_e_cran_2019-05-16_a_08-071.37.17-150x150.png\" class=\"attachment-thumbnail size-thumbnail\" alt=\"capture_d_e_cran_2019-05-16_a_08.37.17.png\" \/><\/a>\n\t\t\t<\/div><\/figure>\n\t\t<\/div>\n<\/p>\n","protected":false},"excerpt":{"rendered":"<p>Alors que se pr\u00e9pare l&#8217;acte XXVII des gilets jaunes samedi prochain, Sophie Tissier, gilet jaune membre du groupe &#8220;D\u00e9cla ta manif&#8221;, est l&#8217;invit\u00e9e de la Midinale.<\/p>\n","protected":false},"author":1039,"featured_media":27614,"comment_status":"open","ping_status":"open","sticky":false,"template":"","format":"standard","meta":{"_themeisle_gutenberg_block_has_review":false,"footnotes":""},"categories":[238],"tags":[293],"class_list":["post-11624","post","type-post","status-publish","format-standard","has-post-thumbnail","hentry","category-la-midinale","tag-entretien"],"_links":{"self":[{"href":"https:\/\/archives.regards.fr\/index.php?rest_route=\/wp\/v2\/posts\/11624","targetHints":{"allow":["GET"]}}],"collection":[{"href":"https:\/\/archives.regards.fr\/index.php?rest_route=\/wp\/v2\/posts"}],"about":[{"href":"https:\/\/archives.regards.fr\/index.php?rest_route=\/wp\/v2\/types\/post"}],"author":[{"embeddable":true,"href":"https:\/\/archives.regards.fr\/index.php?rest_route=\/wp\/v2\/users\/1039"}],"replies":[{"embeddable":true,"href":"https:\/\/archives.regards.fr\/index.php?rest_route=%2Fwp%2Fv2%2Fcomments&post=11624"}],"version-history":[{"count":0,"href":"https:\/\/archives.regards.fr\/index.php?rest_route=\/wp\/v2\/posts\/11624\/revisions"}],"wp:featuredmedia":[{"embeddable":true,"href":"https:\/\/archives.regards.fr\/index.php?rest_route=\/wp\/v2\/media\/27614"}],"wp:attachment":[{"href":"https:\/\/archives.regards.fr\/index.php?rest_route=%2Fwp%2Fv2%2Fmedia&parent=11624"}],"wp:term":[{"taxonomy":"category","embeddable":true,"href":"https:\/\/archives.regards.fr\/index.php?rest_route=%2Fwp%2Fv2%2Fcategories&post=11624"},{"taxonomy":"post_tag","embeddable":true,"href":"https:\/\/archives.regards.fr\/index.php?rest_route=%2Fwp%2Fv2%2Ftags&post=11624"}],"curies":[{"name":"wp","href":"https:\/\/api.w.org\/{rel}","templated":true}]}}