{"id":11619,"date":"2019-05-15T12:58:38","date_gmt":"2019-05-15T10:58:38","guid":{"rendered":"https:\/\/wp.muchomaas.com\/article-pascal-cherki-apres-les-europeennes-c-est-melenchon-qui-aura-la-plus-grosse\/"},"modified":"2023-06-23T23:40:24","modified_gmt":"2023-06-23T21:40:24","slug":"article-pascal-cherki-apres-les-europeennes-c-est-melenchon-qui-aura-la-plus-grosse","status":"publish","type":"post","link":"https:\/\/archives.regards.fr\/?p=11619","title":{"rendered":"Pascal Cherki : \u00ab Apr\u00e8s les europ\u00e9ennes, c\u2019est M\u00e9lenchon qui aura la plus grosse responsabilit\u00e9 \u00bb"},"content":{"rendered":"<p class=\"post_excerpt\">A moins de deux semaines de l&#8217;\u00e9lection europ\u00e9enne, l&#8217;ancien d\u00e9put\u00e9 socialiste Pascal Cherki, membre de G\u00e9n\u00e9ration.s, nous parle de la campagne et des enjeux \u00e0 gauche pour l&#8217;apr\u00e8s-26 mai. Il est l&#8217;invit\u00e9 de la Midinale.<\/p>\n<p><iframe loading=\"lazy\" width=\"490\" height=\"276\" src=\"https:\/\/www.youtube.com\/embed\/1sLf_iUpkGc\" frameborder=\"0\" allow=\"accelerometer; autoplay; encrypted-media; gyroscope; picture-in-picture\" allowfullscreen><\/iframe><\/p>\n<p>&nbsp;<\/p>\n<p><h2>VERBATIM<\/h2>\n<p>&nbsp;<\/p>\n<p>\n<em>\u00a0<strong>Sur le Parti socialiste<\/em>\u00a0<\/strong><br \/>\n\u00ab Ce que je remarque dans la social-d\u00e9mocratie, c\u2019est sa crise profonde et le fait qu\u2019elle n\u2019arrive pas \u00e0 sortir du paradigme n\u00e9olib\u00e9ral auquel elle a particip\u00e9 \u00e0 partir du milieu des ann\u00e9es 80. \u00bb<br \/>\n\u00ab M\u00eame dans les endroits o\u00f9 la gauche semble r\u00e9sister, je pense au Portugal, on voit le premier ministre appeler \u00e0 voter Macron. \u00bb<\/p>\n<p><em>\u00a0<strong>Sur les adversaires dans la campagne europ\u00e9enne<\/em>\u00a0<\/strong><br \/>\n\u00ab Nos adversaires sont Macron, Le Pen et Bellamy. \u00bb<br \/>\n\u00ab Le bloc des progressistes est une impasse. \u00bb<\/p>\n<p><em>\u00a0<strong>Sur la gauche aux \u00e9lections europ\u00e9ennes<\/em>\u00a0<\/strong><br \/>\n\u00ab L\u2019\u00e9lection europ\u00e9enne a toujours \u00e9t\u00e9 la plus compliqu\u00e9e pour faire le rassemblement. Il faut \u00eatre honn\u00eate : \u00e7a n\u2019a jamais exist\u00e9, m\u00eame au temps de l\u2019union de la gauche. \u00bb<br \/>\n\u00ab Le rassemblement aurait \u00e9t\u00e9 possible si celles et ceux qui avaient en charge de faire le rassemblement avaient voulu le faire. Et l\u00e0, \u00e7a interroge la strat\u00e9gie de la France insoumise. \u00bb<br \/>\n\u00ab Quand Jean-Luc M\u00e9lenchon sort de l\u2019\u00e9lection pr\u00e9sidentielle avec 19% (\u2026), il a la responsabilit\u00e9 d\u2019organiser son camp, de faire un peu Mitterrand. Et il choisit de faire une parodie de Che Guevara. Bilan des courses : il se prend la porte. \u00bb<br \/>\n\u00ab Un bout du rassemblement aurait pu aussi se faire avec les \u00e9cologistes puisque nous \u00e9tions ensemble \u00e0 la pr\u00e9sidentielle. Mais ils ont choisi la strat\u00e9gie de la fuite en avant. \u00bb<\/p>\n<p><em>\u00a0<strong>Sur la strat\u00e9gie de G\u00e9n\u00e9ration.s<\/em>\u00a0<\/strong><br \/>\n\u00ab On a essay\u00e9 de faire une proposition &#8211; peut-\u00eatre qu\u2019on l\u2019a fait un peu tardivement, je le reconnais : la votation citoyenne. C\u2019\u00e9tait : puisque les appareils n\u2019arrivent pas entre eux \u00e0 d\u00e9gager une proposition de rassemblement, faisons trancher cette question par les citoyens. \u00bb<br \/>\n\u00ab Je d\u00e9fends la liste G\u00e9n\u00e9ration.s parce que je consid\u00e8re que les id\u00e9es qu\u2019on porte sont importantes. \u00bb<br \/>\n\u00ab Autant je suis pour des strat\u00e9gies d\u2019union et de rassemblement, autant je ne suis pas pour des ralliements. \u00bb<br \/>\n\u00ab Notre objectif politique n\u2019est pas d\u2019\u00eatre le satellite de quelqu\u2019un. \u00bb<\/p>\n<p><em> <strong>Sur la tentation h\u00e9g\u00e9monique \u00e0 gauche<\/em>\u00a0<\/strong><br \/>\n\u00ab La gauche ne peut pas se construire sur des diktats ou des oukases. \u00bb<br \/>\n\u00ab La gauche doit se construire sur une responsabilit\u00e9 partag\u00e9e. Et il faut acter le poids des uns et des autres mais il faut aussi que les uns et les autres acceptent de construire des processus communs. \u00bb<\/p>\n<p><em>\u00a0<strong>Sur l\u2019apr\u00e8s \u00e9lections europ\u00e9ennes<\/em>\u00a0<\/strong><br \/>\n\u00ab Celui qui aura la plus grosse responsabilit\u00e9 apr\u00e8s l\u2019\u00e9lection europ\u00e9enne, \u00e7a sera Jean-Luc M\u00e9lenchon. \u00bb<br \/>\n\u00ab Il y a d\u00e9bat au sein de la FI : on cherche une synth\u00e8se entre l\u2019aspiration \u00e0 la critique de l\u2019establishment &#8211; qui est une n\u00e9cessit\u00e9 -, et le fait que d\u2019un autre c\u00f4t\u00e9 on ne veut pas abandonner le d\u00e9bat gauche\/droite. \u00bb<br \/>\n\u00ab L\u2019id\u00e9e de la f\u00e9d\u00e9ration populaire n\u2019est pas une mauvaise id\u00e9e \u00e0 mon avis. \u00bb<br \/>\n\u00ab Apr\u00e8s les europ\u00e9ennes, la gauche fera un mauvais score, donc personne ne sortira vainqueur de ces \u00e9lections. \u00bb<br \/>\n\u00ab Les \u00e9lections europ\u00e9ennes, c\u2019est un combat de nains \u00e0 gauche. \u00bb<br \/>\n\u00ab Il y aura un devoir de rassemblement \u00e0 gauche. Il faudra acter nos convergences et elles sont beaucoup plus importantes qu\u2019on ne le croit. \u00bb<\/p>\n<p><em>\u00a0<strong>Sur les partis politiques<\/em>\u00a0<\/strong><br \/>\n\u00ab Je suis surpris du d\u00e9calage entre les partis politiques et une grande partie de la population. \u00bb<br \/>\n\u00ab Pendant longtemps, les partis politiques ont \u00e9t\u00e9 des avant-gardes collectives (\u2026). Mais \u00e7a aujourd\u2019hui, c\u2019est fini. \u00bb<br \/>\n\u00ab On ne pourra pas recr\u00e9er une dynamique \u00e0 gauche en vase clos. Le niveau de conscience est \u00e9lev\u00e9 dans la soci\u00e9t\u00e9. \u00bb<\/p>\n<p><em>\u00a0<strong>Sur le ralliement d\u2019un \u00e9lu FI au RN<\/em>\u00a0<\/strong><br \/>\n\u00ab Qu\u2019un \u00e9lu de la FI appelle \u00e0 voter pour le RN, comme il s\u2019en explique dans la revue El\u00e9ments, une revue d\u2019extr\u00eame droite et racialiste, je le prends comme un \u00e9l\u00e9ment isol\u00e9. \u00bb<br \/>\n\u00ab Je n\u2019ai personnellement aucun doute sur Jean-Luc M\u00e9lenchon, sur la force de ses convictions r\u00e9publicaines et antiracistes et sur sa d\u00e9termination \u00e0 combattre l\u2019extr\u00eame droite. \u00bb<br \/>\n\u00ab Il y a d\u2019autres figures ultra-souverainistes qui ont quitt\u00e9 la FI. \u00bb<br \/>\n\u00ab Ce qui compte, c\u2019est quelle va \u00eatre l\u2019orientation politique de la FI plut\u00f4t que les \u00e9garements ou les trahisons de tel ou tel individu. \u00bb<br \/>\n\u00ab On peut faire des reproches \u00e0 la FI mais sur le combat anti-fasciste, il est quand m\u00eame d\u2019une grande clart\u00e9. \u00bb<div id='gallery-1' class='gallery galleryid-11619 gallery-columns-3 gallery-size-thumbnail'><figure class='gallery-item'>\n\t\t\t<div class='gallery-icon landscape'>\n\t\t\t\t<a href='https:\/\/archives.regards.fr\/wp-content\/uploads\/2019\/05\/capture_d_e_cran_2019-05-15_a_12-6dc.57.08.png'><img loading=\"lazy\" decoding=\"async\" width=\"150\" height=\"150\" src=\"https:\/\/archives.regards.fr\/wp-content\/uploads\/2019\/05\/capture_d_e_cran_2019-05-15_a_12-6dc.57.08-150x150.png\" class=\"attachment-thumbnail size-thumbnail\" alt=\"capture_d_e_cran_2019-05-15_a_12.57.08.png\" \/><\/a>\n\t\t\t<\/div><\/figure>\n\t\t<\/div>\n<\/p>\n","protected":false},"excerpt":{"rendered":"<p>A moins de deux semaines de l&#8217;\u00e9lection europ\u00e9enne, l&#8217;ancien d\u00e9put\u00e9 socialiste Pascal Cherki, membre de G\u00e9n\u00e9ration.s, nous parle de la campagne et des enjeux \u00e0 gauche pour l&#8217;apr\u00e8s-26 mai. Il est l&#8217;invit\u00e9 de la Midinale.<\/p>\n","protected":false},"author":1039,"featured_media":27604,"comment_status":"open","ping_status":"open","sticky":false,"template":"","format":"standard","meta":{"_themeisle_gutenberg_block_has_review":false,"footnotes":""},"categories":[238],"tags":[293],"class_list":["post-11619","post","type-post","status-publish","format-standard","has-post-thumbnail","hentry","category-la-midinale","tag-entretien"],"_links":{"self":[{"href":"https:\/\/archives.regards.fr\/index.php?rest_route=\/wp\/v2\/posts\/11619","targetHints":{"allow":["GET"]}}],"collection":[{"href":"https:\/\/archives.regards.fr\/index.php?rest_route=\/wp\/v2\/posts"}],"about":[{"href":"https:\/\/archives.regards.fr\/index.php?rest_route=\/wp\/v2\/types\/post"}],"author":[{"embeddable":true,"href":"https:\/\/archives.regards.fr\/index.php?rest_route=\/wp\/v2\/users\/1039"}],"replies":[{"embeddable":true,"href":"https:\/\/archives.regards.fr\/index.php?rest_route=%2Fwp%2Fv2%2Fcomments&post=11619"}],"version-history":[{"count":0,"href":"https:\/\/archives.regards.fr\/index.php?rest_route=\/wp\/v2\/posts\/11619\/revisions"}],"wp:featuredmedia":[{"embeddable":true,"href":"https:\/\/archives.regards.fr\/index.php?rest_route=\/wp\/v2\/media\/27604"}],"wp:attachment":[{"href":"https:\/\/archives.regards.fr\/index.php?rest_route=%2Fwp%2Fv2%2Fmedia&parent=11619"}],"wp:term":[{"taxonomy":"category","embeddable":true,"href":"https:\/\/archives.regards.fr\/index.php?rest_route=%2Fwp%2Fv2%2Fcategories&post=11619"},{"taxonomy":"post_tag","embeddable":true,"href":"https:\/\/archives.regards.fr\/index.php?rest_route=%2Fwp%2Fv2%2Ftags&post=11619"}],"curies":[{"name":"wp","href":"https:\/\/api.w.org\/{rel}","templated":true}]}}