{"id":11591,"date":"2019-04-23T08:26:00","date_gmt":"2019-04-23T06:26:00","guid":{"rendered":"https:\/\/wp.muchomaas.com\/article-macron-co-en-ont-ils-quelque-chose-a-faire-de-la-laicite-de-la-loi-de-1905\/"},"modified":"2019-04-23T08:26:00","modified_gmt":"2019-04-23T06:26:00","slug":"article-macron-co-en-ont-ils-quelque-chose-a-faire-de-la-laicite-de-la-loi-de-1905","status":"publish","type":"post","link":"https:\/\/archives.regards.fr\/?p=11591","title":{"rendered":"Macron &#038; Co en ont-ils quelque chose \u00e0 faire de la la\u00efcit\u00e9, de la loi de 1905 ?"},"content":{"rendered":"<p class=\"post_excerpt\">Peut-on d\u00e9cemment se rendre \u00e0 une messe quand on est Pr\u00e9sident, ministre, d\u00e9put\u00e9, bref, quand on repr\u00e9sente l\u2019Etat ? En Macronie, on dirait que oui.<\/p>\n<p>Emmanuel Macron va \u00e0 la messe. L\u2019information, en soi, est sans int\u00e9r\u00eat. Sauf qu\u2019Emmanuel Macron est pr\u00e9sident de la R\u00e9publique, jusqu\u2019\u00e0 nouvel ordre, et qu\u2019en cette qualit\u00e9 il se pose en garant de la Constitution. La V\u00e8me vaut ce qu\u2019elle vaut, elle n\u2019en demeure pas moins une R\u00e9publique. Et, jusqu&#8217;\u00e0 preuve du contraire \u2013 sait-on jamais \u2013, la R\u00e9publique fran\u00e7aise est la\u00efque, ce qui signifie notamment que l\u2019Etat est s\u00e9par\u00e9 de l\u2019Eglise (et vice versa) depuis 1905.<\/p>\n<p>&nbsp;<\/p>\n<p>\n<strong>LIRE AUSSI SUR REGARDS.FR<br \/>\n>><\/strong> <em><a href=\"https:\/\/wp.muchomaas.com\/politique\/article\/reforme-de-la-loi-de-1905-la-republique-selon-saint-macron\">R\u00e9forme de la loi de 1905 : la R\u00e9publique selon Saint-Macron<\/a><\/em><\/p>\n<p>&nbsp;<\/p>\n<p>Le Pr\u00e9sident s\u2019est donc rendu, dimanche 21 avril 2019, \u00e0 la messe. Lou\u00e9 soit-il. Et ceux qui y voient une \u00e9gratignure faite \u00e0 la R\u00e9publique n\u2019ont qu\u2019\u00e0 ruminer leur ranc\u0153ur ailleurs. Ainsi, <a href=\"https:\/\/www.lemonde.fr\/politique\/article\/2019\/04\/18\/apres-le-faux-depart-de-ses-annonces-post-grand-debat-macron-cherche-comment-rebondir_5451860_823448.html\">dans <em>Le Monde<\/em>, pouvait-on lire<\/a> :<\/p>\n<blockquote><p>\u00ab En la circonstance, le pr\u00e9sident doit faire ce qu\u2019il ressent, \u00e9prouver comment est le pays, d\u00e9mine par avance un proche. Comme il ne va pas \u00e0 la messe tous les dimanches, sa pr\u00e9sence n\u2019aurait de toute fa\u00e7on de signification que par rapport au drame. \u00bb<\/p><\/blockquote>\n<p>Le \u00ab drame \u00bb en question, c\u2019est l\u2019incendie de Notre-Dame de Paris, ne cherchez pas plus loin. Quant au fait que le Pr\u00e9sident n\u2019aille pas \u00e0 la messe tous les dimanches\u2026 Nous nous passerons ici de tout commentaire. N\u00e9anmoins, pas plus t\u00f4t que <a href=\"https:\/\/www.europe1.fr\/politique\/emmanuel-macron-et-vge-a-une-messe-a-paris-pour-lanniversaire-de-la-mort-de-pompidou-3885038.amp\">le 2 avril dernier<\/a>, Emmanuel Macron a bien assist\u00e9 \u00e0 une messe \u00e0 Paris pour l&#8217;anniversaire de la mort de Georges Pompidou. <a href=\"https:\/\/radionotredame.net\/2017\/vie-de-leglise\/emmanuel-macron-assistera-a-lhommage-au-pere-jacques-hamel-a-saint-etienne-du-rouvray-118606\/#\">En juillet 2017<\/a>, ce m\u00eame Pr\u00e9sident, accompagn\u00e9 du Premier ministre Edouard Philippe et du ministre de l&#8217;Int\u00e9rieur de l\u2019\u00e9poque G\u00e9rard Collomb, s\u2019est rendu \u00e0 une messe \u00e0 Saint-Etienne-du-Rouvray en hommage \u00e0 Jacques Hamel, victime du terrorisme.<\/p>\n<p>Chaque messe \u00e0 sa justification, mais promis, pas tous les dimanches !<\/p>\n<h2>La la\u00efcit\u00e9, c\u2019est pour les autres<\/h2>\n<p>L\u2019\u00e9v\u00e9nement n\u2019est pas majeur, certes, mais il revient r\u00e9guli\u00e8rement, comme une petite musique d\u2019ascenseur qu\u2019on oublie une fois sorti, mais qui s\u2019ent\u00eate malgr\u00e9 tout. Nous n\u2019\u00e9voquerons m\u00eame pas ici le titre de Chanoine honoraire de Latran qu\u2019Emmanuel Macron n\u2019aurait jamais os\u00e9 refuser.<\/p>\n<p>Ainsi, <a href=\"https:\/\/www.marianne.net\/politique\/europeennes-l-affaire-de-la-messe-embarasse-l-equipe-de-nathalie-loiseau\">le 14 avril<\/a>, un communiqu\u00e9 de Nathalie Loiseau, t\u00eate de liste LREM aux \u00e9lections europ\u00e9ennes, annon\u00e7ait sa participation \u00e0 une messe sur l\u2019\u00eele de La R\u00e9union, messe <em>\u00ab ouverte \u00e0 la presse \u00bb<\/em>. Face au toll\u00e9, l\u2019ex-ministre charg\u00e9e des Affaires europ\u00e9ennes annule ladite messe \u2013 grands dieux ! \u2013 et justifie une <em>\u00ab erreur humaine \u00bb<\/em> de communication : sa participation \u00e0 la messe \u00e9tait de l\u2019ordre du priv\u00e9. Curieux, alors, d\u2019y avoir convi\u00e9 la presse, n\u2019est-ce pas ?<\/p>\n<p><a href=\"https:\/\/lafranceinsoumise.fr\/2019\/04\/13\/lrem-bafoue-la-laicite\/\">Plusieurs cadres de La France insoumise s\u2019\u00e9taient \u00e9mus<\/a> de voir ainsi Nathalie Loiseau faire fi de tout esprit la\u00efc. Celle-ci finira par lancer \u00e0 Jean-Luc M\u00e9lenchon, sur Twitter :<\/p>\n<blockquote><p>\u00ab Oui, je me suis rendue \u00e0 la messe pour les Rameaux \u00e0 la R\u00e9union. Comme je l\u2019aurais fait \u00e0 Paris et aussi parce que c\u2019est une f\u00eate importante sur l\u2019\u00eele. Fallait-il me cacher ou vous demander la permission ? La la\u00efcit\u00e9, c\u2019est la libert\u00e9, de croire ou de ne pas croire. \u00bb<\/p><\/blockquote>\n<blockquote class=\"twitter-tweet\" data-lang=\"fr\">\n<p lang=\"fr\" dir=\"ltr\">Oui <a href=\"https:\/\/twitter.com\/JLMelenchon?ref_src=twsrc%5Etfw\">@JLMelenchon<\/a> je me suis rendue \u00e0 la messe pour les Rameaux \u00e0 la R\u00e9union. Comme je l\u2019aurais fait \u00e0 Paris et aussi parce que c\u2019est une f\u00eate importante sur l\u2019\u00eele. Fallait-il me cacher ou vous demander la permission ? La la\u00efcit\u00e9, c\u2019est la libert\u00e9, de croire ou de ne pas croire.<\/p>\n<p>&mdash; Nathalie Loiseau (@NathalieLoiseau) <a href=\"https:\/\/twitter.com\/NathalieLoiseau\/status\/1117744968175476736?ref_src=twsrc%5Etfw\">15 avril 2019<\/a><\/p><\/blockquote>\n<p><script async src=\"https:\/\/platform.twitter.com\/widgets.js\" charset=\"utf-8\"><\/script><\/p>\n<p>Passons.<\/p>\n<p>Que vaut la photo que Christophe Castaner, actuel ministre de l\u2019Int\u00e9rieur, a post\u00e9 sur les r\u00e9seaux sociaux peu apr\u00e8s l\u2019incendie de Notre-Dame ? On le voit de dos, seul dans la cath\u00e9drale, en train de se recueillir.<\/p>\n<blockquote class=\"twitter-tweet\" data-lang=\"fr\">\n<p lang=\"fr\" dir=\"ltr\">Cette plaie b\u00e9ante au c\u0153ur de Paris, elle cicatrisera. Par notre g\u00e9n\u00e9rosit\u00e9. Par notre solidarit\u00e9. Par cette force qui nous rassemble face \u00e0 l\u2019adversit\u00e9 et qui fait de nous une grande nation. <a href=\"https:\/\/t.co\/z5eRw1kQfj\">pic.twitter.com\/z5eRw1kQfj<\/a><\/p>\n<p>&mdash; Christophe Castaner (@CCastaner) <a href=\"https:\/\/twitter.com\/CCastaner\/status\/1118169257991462918?ref_src=twsrc%5Etfw\">16 avril 2019<\/a><\/p><\/blockquote>\n<p><script async src=\"https:\/\/platform.twitter.com\/widgets.js\" charset=\"utf-8\"><\/script><\/p>\n<p>Prit-il ? Pour qui se prend-il ? Est-ce l\u00e0 le r\u00f4le du ministre en charge des Cultes ? Est-ce alors aussi son r\u00f4le que d\u2019assister \u00e0 une messe \u00e0 Saint-Sulpice <em>\u00ab pour dire notre solidarit\u00e9 aux catholiques de France, qui ne peuvent se recueillir ce soir \u00e0 Notre Dame \u00bb<\/em> ?<\/p>\n<blockquote class=\"twitter-tweet\" data-lang=\"fr\">\n<p lang=\"fr\" dir=\"ltr\">En l\u2019\u00e9glise Saint-Sulpice, pour dire notre solidarit\u00e9 aux catholiques de France, qui ne peuvent se recueillir ce soir \u00e0 <a href=\"https:\/\/twitter.com\/hashtag\/NotreDame?src=hash&amp;ref_src=twsrc%5Etfw\">#NotreDame<\/a>. <a href=\"https:\/\/t.co\/Znz1NzQVtp\">pic.twitter.com\/Znz1NzQVtp<\/a><\/p>\n<p>&mdash; Christophe Castaner (@CCastaner) <a href=\"https:\/\/twitter.com\/CCastaner\/status\/1118566678848253952?ref_src=twsrc%5Etfw\">17 avril 2019<\/a><\/p><\/blockquote>\n<p><script async src=\"https:\/\/platform.twitter.com\/widgets.js\" charset=\"utf-8\"><\/script><\/p>\n<p>On \u00e9voquera encore le ministre des Affaires \u00e9trang\u00e8res Jean-Yves Le Drian qui, lors d&#8217;un voyage au Vatican le week-end du 20 avril, en profita pour assister \u00e0 <a href=\"https:\/\/www.la-croix.com\/amp\/1201016850?utm_medium=Social&#038;utm_source=Twitter&#038;__twitter_impression=true\">une messe de P\u00e2ques<\/a>&#8230;<\/p>\n<p>Tant d\u2019exemples pour exprimer une seule et m\u00eame chose : la n\u00e9cessit\u00e9 de bien expliquer ce qu\u2019est la la\u00efcit\u00e9 \u2013 aux jeunes et aux moins jeunes \u2013, mais aussi la s\u00e9paration de l\u2019Eglise et de l\u2019Etat, bref, ce qu\u2019est la R\u00e9publique, afin que ceux qui pourraient un jour la gouverner en connaissent les grandes lignes directrices.<\/p>\n<h2>Macron is the new God<\/h2>\n<p>En d\u00e9cembre 2017, lors de la c\u00e9r\u00e9monie en hommage \u00e0 Johnny Hallyday, si Emmanuel Macron avait eu la d\u00e9cence de ne pas prononcer son discours \u00e0 l\u2019int\u00e9rieur de la Madeleine \u2013 <em>\u00ab monument religieux contre-r\u00e9publicain \u00bb<\/em>, rappelait alors M\u00e9lenchon \u2013, <a href=\"https:\/\/lelab.europe1.fr\/vidos-laicite-et-hommage-a-johhny-hallyday-emmanuel-macron-a-deux-doigts-de-benir-le-cercueil-du-chanteur-3515990.amp\">il s\u2019en \u00e9tait fallu de peu pour qu\u2019il b\u00e9nisse le cercueil du chanteur<\/a>.<\/p>\n<p>Cette sc\u00e8ne \u00e9tait pour le moins cocasse, s\u2019il fallait d\u00e9montrer que le si\u00e8ge n\u2019\u00e9tait taill\u00e9 que pour un g\u00e9n\u00e9ral, pas pour un r\u00e9publicain. Emmanuel Macron se r\u00eave de la m\u00eame lign\u00e9e. N\u2019a-t-il pas ajout\u00e9 au logo de l\u2019Elys\u00e9e la croix de Lorraine ?<\/p>\n<p>Passons.<\/p>\n<p><a href=\"https:\/\/wp.muchomaas.com\/l-humeur-du-jour\/article\/un-jupiter-a-l-eau-benite\">Rappelez-vous, en avril 2018<\/a>, du Macron face aux \u00e9v\u00eaques de France parlant d\u2019un <em>\u00ab lien entre l\u2019Eglise et l\u2019Etat <\/em> [qui]<em> s\u2019est ab\u00eem\u00e9, et qu\u2019il nous importe \u00e0 vous comme \u00e0 moi de le r\u00e9parer \u00bb<\/em>. C\u2019est que le bougre est tr\u00e8s attach\u00e9 \u00e0 la religion catholique. N\u2019a-t-il pas souhait\u00e9 se recueillir devant la basilique Saint-Denis, crypte des rois et des reines de France, le soir de son \u00e9lection, avant m\u00eame d\u2019aller \u00e0 la rencontre de ses \u00e9lecteurs au Louvre ?<\/p>\n<p>Passons.<\/p>\n<p>Mais jusqu\u2019\u00e0 quand passerons-nous ces affronts \u00e0 ce qui fait l\u2019essence m\u00eame de la R\u00e9publique ? Pendant que la gauche s\u2019esquinte la voix \u00e0 crier au scandale, la droite se gausse. Ainsi, <em>Valeurs actuelles<\/em> <a href=\"https:\/\/www.valeursactuelles.com\/comment\/711118\">titrait un de ces r\u00e9cents articles<\/a> : <em>\u00ab &#8220;Au secours, une femme politique \u00e0 la messe !&#8221; Les inutiles lanceurs d&#8217;alerte de la France insoumise \u00bb<\/em>.<\/p>\n<p><a href=\"https:\/\/www.marianne.net\/politique\/europeennes-l-affaire-de-la-messe-embarasse-l-equipe-de-nathalie-loiseau\">Comme le pr\u00e9cise <em>Marianne<\/em><\/a> : <em>\u00ab Le projet de r\u00e9forme de la loi de 1905 port\u00e9 par le gouvernement &#8211; pour l&#8217;heure mis en sommeil par Emmanuel Macron &#8211; pourrait comporter un renforcement de l&#8217;application de l&#8217;article 26, qui interdit de &#8220;tenir des r\u00e9unions politiques dans les locaux servant habituellement \u00e0 l\u2019exercice d\u2019un culte&#8221;. \u00bb<\/em><\/p>\n<p>C\u2019est si pratique de changer les lois \u00e0 sa guise.<\/p>\n<p>&nbsp;<\/p>\n<p>\n<a href=\"https:\/\/wp.muchomaas.com\/auteur\/loic-le-clerc\"><strong>Lo\u00efc Le Clerc<\/strong><\/a><\/p>\n","protected":false},"excerpt":{"rendered":"<p>Peut-on d\u00e9cemment se rendre \u00e0 une messe quand on est Pr\u00e9sident, ministre, d\u00e9put\u00e9, bref, quand on repr\u00e9sente l\u2019Etat ? En Macronie, on dirait que oui.<\/p>\n","protected":false},"author":1203,"featured_media":0,"comment_status":"open","ping_status":"open","sticky":false,"template":"","format":"standard","meta":{"_themeisle_gutenberg_block_has_review":false,"footnotes":""},"categories":[6],"tags":[487,509,505,407],"class_list":["post-11591","post","type-post","status-publish","format-standard","hentry","category-actu","tag-emmanuel-macron","tag-laicite","tag-macronie","tag-religion"],"_links":{"self":[{"href":"https:\/\/archives.regards.fr\/index.php?rest_route=\/wp\/v2\/posts\/11591","targetHints":{"allow":["GET"]}}],"collection":[{"href":"https:\/\/archives.regards.fr\/index.php?rest_route=\/wp\/v2\/posts"}],"about":[{"href":"https:\/\/archives.regards.fr\/index.php?rest_route=\/wp\/v2\/types\/post"}],"author":[{"embeddable":true,"href":"https:\/\/archives.regards.fr\/index.php?rest_route=\/wp\/v2\/users\/1203"}],"replies":[{"embeddable":true,"href":"https:\/\/archives.regards.fr\/index.php?rest_route=%2Fwp%2Fv2%2Fcomments&post=11591"}],"version-history":[{"count":0,"href":"https:\/\/archives.regards.fr\/index.php?rest_route=\/wp\/v2\/posts\/11591\/revisions"}],"wp:attachment":[{"href":"https:\/\/archives.regards.fr\/index.php?rest_route=%2Fwp%2Fv2%2Fmedia&parent=11591"}],"wp:term":[{"taxonomy":"category","embeddable":true,"href":"https:\/\/archives.regards.fr\/index.php?rest_route=%2Fwp%2Fv2%2Fcategories&post=11591"},{"taxonomy":"post_tag","embeddable":true,"href":"https:\/\/archives.regards.fr\/index.php?rest_route=%2Fwp%2Fv2%2Ftags&post=11591"}],"curies":[{"name":"wp","href":"https:\/\/api.w.org\/{rel}","templated":true}]}}