{"id":11564,"date":"2019-04-08T11:51:00","date_gmt":"2019-04-08T09:51:00","guid":{"rendered":"https:\/\/wp.muchomaas.com\/article-jerome-gleizes-eelv-macron-est-l-idiot-utile-du-fascisme\/"},"modified":"2023-06-23T23:38:35","modified_gmt":"2023-06-23T21:38:35","slug":"article-jerome-gleizes-eelv-macron-est-l-idiot-utile-du-fascisme","status":"publish","type":"post","link":"https:\/\/archives.regards.fr\/?p=11564","title":{"rendered":"J\u00e9r\u00f4me Gleizes (EELV) : \u00ab Macron est l\u2019idiot utile du fascisme \u00bb"},"content":{"rendered":"<p class=\"post_excerpt\">Les europ\u00e9ennes ne sont pas encore pass\u00e9es que les municipales &#8211; qui auront lieu en mars 2019 &#8211; sont d\u00e9j\u00e0 dans toutes les t\u00eates. En juin prochain, EELV choisira son candidat pour Paris. Parmi eux, J\u00e9r\u00f4me Gleizes, \u00e9lu du 20\u00e8me arrondissement et conseiller de Paris est l\u2019invit\u00e9 de #LaMidinale.<\/p>\n<p><iframe loading=\"lazy\" width=\"490\" height=\"276\" src=\"https:\/\/www.youtube.com\/embed\/L_ZrsxprgjY\" frameborder=\"0\" allow=\"accelerometer; autoplay; encrypted-media; gyroscope; picture-in-picture\" allowfullscreen><\/iframe><\/p>\n<p>&nbsp;<\/p>\n<p><h2>VERBATIM<\/h2>\n<p>&nbsp;<\/p>\n<p>\n<em>\u00a0<strong>Sur EELV, la gauche et l\u2019\u00e9conomie de march\u00e9<\/em>\u00a0<\/strong><br \/>\n\u00ab Je suis de gauche. \u00bb<br \/>\n\u00ab Tant qu\u2019il y aura de l\u2019exploitation et de l\u2019ali\u00e9nation, \u00eatre de gauche aura toujours un sens. \u00bb<br \/>\n\u00ab Les rapports de classe existent toujours. \u00bb<br \/>\n\u00ab L\u2019\u00e9conomie de march\u00e9 n\u2019existe pas : les lib\u00e9raux nous ont vendu une fable qui n\u2019existe pas. \u00bb<br \/>\n\u00ab L\u2019\u00e9conomie de march\u00e9 n\u2019est compatible ni avec la gauche, ni avec l\u2019\u00e9cologie. \u00bb<br \/>\n\u00ab Les \u00e9cologistes ont toujours d\u00e9fendu les petites entreprises et les petits commer\u00e7ants mais \u00e7a n\u2019a rien \u00e0 voir avec l\u2019\u00e9conomie de march\u00e9 qui est l\u2019\u00e9conomie des pr\u00e9dateurs et des grandes entreprises. \u00bb<br \/>\n\u00ab Yannick Jadot a fait une erreur de communication. \u00bb<br \/>\n\u00ab Je soutiendrai Yannick Jadot aux europ\u00e9ennes. \u00bb<\/p>\n<p><em>\u00a0<strong>Sur EELV et le macronisme<\/em>\u00a0<\/strong><br \/>\n\u00ab Il y\u2019a des gens qui ont fait des changements de parcours politiques mais, quand on va voter EELV, on va voter pour le groupe \u00e9cologiste au Parlement europ\u00e9en, pas pour l\u2019ALDE. Or voter En Marche, c\u2019est voter ALDE. \u00bb<br \/>\n\u00ab Les gens sont totalement perdus et ils font n\u2019importe quoi. \u00bb<\/p>\n<p><em>\u00a0<strong>Sur les gilets jaunes<\/em>\u00a0<\/strong><br \/>\n\u00ab Ce qui m\u2019inqui\u00e8te, c\u2019est la violence. \u00bb<br \/>\n\u00ab Face \u00e0 la violence l\u00e9gitime de l\u2019Etat, c\u2019est difficile de s\u2019opposer. \u00bb<br \/>\n\u00ab La violence l\u00e9gitime d\u2019Etat entraine un renforcement de l\u2019Etat policier et une perte des libert\u00e9s publiques. \u00bb<br \/>\n\u00ab On n\u2019est pas en situation de guerre civile mais on habitue petit \u00e0 petit les populations \u00e0 la police. \u00bb<br \/>\n\u00ab Pour moi, Macron, c\u2019est l\u2019idiot utile du fascisme. \u00bb<\/p>\n<p><em>\u00a0<strong>Sur sa candidature \u00e0 la candidature EELV \u00e0 la Mairie de Paris<\/em>\u00a0<\/strong><br \/>\n\u00ab Julien Bayou, Antoinette Guhl ou David Belliard [candidats \u00e0 la candidature] sont dans un enfermement identitaire. \u00bb<br \/>\n\u00ab Il n\u2019y a pas d\u2019\u00e9cologie possible autre que de gauche \u00e0 Paris. \u00bb<br \/>\n\u00ab Il n\u2019y aura pas de majorit\u00e9 \u00e0 Paris. \u00bb<br \/>\n\u00ab Il faut s\u2019\u00e9largir vers G\u00e9n\u00e9ration.s et d\u2019autres forces politiques. \u00bb<br \/>\n\u00ab J\u2019ai toujours d\u00e9fendu l\u2019union de la gauche et des \u00e9cologistes de fa\u00e7on \u00e0 pouvoir exercer le pouvoir. \u00bb<\/p>\n<p><em>\u00a0<strong>Sur la politique \u00e9cologiste d\u2019Anne Hidalgo<\/em>\u00a0<\/strong><br \/>\n\u00ab Elle m\u00e8ne une politique du pas \u00e0 pas et c\u2019est une politique totalement segment\u00e9e. \u00bb<br \/>\n\u00ab Le probl\u00e8me avec les sociaux-d\u00e9mocrates, c\u2019est qu\u2019ils n\u2019ont pas compris que l\u2019\u00e9cologie est quelque chose qui fait syst\u00e8me. \u00bb<\/p>\n<p><em>\u00a0<strong>Sur les enjeux de la prochaine mandature \u00e0 Paris<\/em>\u00a0<\/strong><br \/>\n\u00ab Je pense que l\u2019enjeu central est celui du logement et de la gentrification de Paris. \u00bb<br \/>\n\u00ab Il faut prendre possession des terres de fa\u00e7on \u00e0 ne pas entrainer une hausse excessive du prix au m2 &#8211; pour la partie du logement priv\u00e9. \u00bb<br \/>\n\u00ab Les communistes ne comprennent pas qu\u2019il faut aussi arr\u00eater de construire du logement : on peut faire du logement diff\u00e9remment, on peut conventionner du logement priv\u00e9, on peut transformer des bureaux en logements. \u00bb<\/p>\n<p><em>\u00a0<strong>Sur la situation des migrants \u00e0 Paris<\/em>\u00a0<\/strong><br \/>\n\u00ab La situation fran\u00e7aise est kafka\u00efenne : les gens viennent et ils continueront \u00e0 venir tant qu\u2019il y aura des guerres. \u00bb<br \/>\n\u00ab On fait comme si les migrants n\u2019existaient pas : toutes les semaines, on les vire et ils reviennent. C\u2019est une situation fran\u00e7aise avec une hypocrisie macronienne. \u00bb<br \/>\n\u00ab Il faut assumer et ne pas avoir peur que le HCR fasse un camp \u00e0 Paris. \u00bb<br \/>\n\u00ab On oublie qu\u2019on a r\u00e9gularis\u00e9 des centaines de milliers de personnes au moment des boat people. L\u00e0, on est sur des chiffres qui sont beaucoup moins importants que dans les ann\u00e9es 70 donc c\u2019est de l\u2019hypocrisie. \u00bb<br \/>\n\u00ab On a peur de la mont\u00e9e de l\u2019extr\u00eame droite donc on ne veut pas assumer notre r\u00f4le qui est d\u2019aider des gens qui ne sont l\u00e0 que temporairement. \u00bb<br \/>\n\u00ab Il est normal d\u2019aider les migrants le temps que les choses s\u2019am\u00e9liorent dans leurs pays. \u00bb<div id='gallery-1' class='gallery galleryid-11564 gallery-columns-3 gallery-size-thumbnail'><figure class='gallery-item'>\n\t\t\t<div class='gallery-icon landscape'>\n\t\t\t\t<a href='https:\/\/archives.regards.fr\/wp-content\/uploads\/2019\/04\/capture_d_e_cran_2019-04-08_a_11-771.23.23.png'><img loading=\"lazy\" decoding=\"async\" width=\"150\" height=\"150\" src=\"https:\/\/archives.regards.fr\/wp-content\/uploads\/2019\/04\/capture_d_e_cran_2019-04-08_a_11-771.23.23-150x150.png\" class=\"attachment-thumbnail size-thumbnail\" alt=\"capture_d_e_cran_2019-04-08_a_11.23.23.png\" \/><\/a>\n\t\t\t<\/div><\/figure>\n\t\t<\/div>\n<\/p>\n","protected":false},"excerpt":{"rendered":"<p>Les europ\u00e9ennes ne sont pas encore pass\u00e9es que les municipales &#8211; qui auront lieu en mars 2019 &#8211; sont d\u00e9j\u00e0 dans toutes les t\u00eates. En juin prochain, EELV choisira son candidat pour Paris. Parmi eux, J\u00e9r\u00f4me Gleizes, \u00e9lu du 20\u00e8me arrondissement et conseiller de Paris est l\u2019invit\u00e9 de #LaMidinale.<\/p>\n","protected":false},"author":1039,"featured_media":27450,"comment_status":"open","ping_status":"open","sticky":false,"template":"","format":"standard","meta":{"_themeisle_gutenberg_block_has_review":false,"footnotes":""},"categories":[238],"tags":[293,513],"class_list":["post-11564","post","type-post","status-publish","format-standard","has-post-thumbnail","hentry","category-la-midinale","tag-entretien","tag-municipales-2020"],"_links":{"self":[{"href":"https:\/\/archives.regards.fr\/index.php?rest_route=\/wp\/v2\/posts\/11564","targetHints":{"allow":["GET"]}}],"collection":[{"href":"https:\/\/archives.regards.fr\/index.php?rest_route=\/wp\/v2\/posts"}],"about":[{"href":"https:\/\/archives.regards.fr\/index.php?rest_route=\/wp\/v2\/types\/post"}],"author":[{"embeddable":true,"href":"https:\/\/archives.regards.fr\/index.php?rest_route=\/wp\/v2\/users\/1039"}],"replies":[{"embeddable":true,"href":"https:\/\/archives.regards.fr\/index.php?rest_route=%2Fwp%2Fv2%2Fcomments&post=11564"}],"version-history":[{"count":0,"href":"https:\/\/archives.regards.fr\/index.php?rest_route=\/wp\/v2\/posts\/11564\/revisions"}],"wp:featuredmedia":[{"embeddable":true,"href":"https:\/\/archives.regards.fr\/index.php?rest_route=\/wp\/v2\/media\/27450"}],"wp:attachment":[{"href":"https:\/\/archives.regards.fr\/index.php?rest_route=%2Fwp%2Fv2%2Fmedia&parent=11564"}],"wp:term":[{"taxonomy":"category","embeddable":true,"href":"https:\/\/archives.regards.fr\/index.php?rest_route=%2Fwp%2Fv2%2Fcategories&post=11564"},{"taxonomy":"post_tag","embeddable":true,"href":"https:\/\/archives.regards.fr\/index.php?rest_route=%2Fwp%2Fv2%2Ftags&post=11564"}],"curies":[{"name":"wp","href":"https:\/\/api.w.org\/{rel}","templated":true}]}}