{"id":11530,"date":"2019-03-20T13:34:36","date_gmt":"2019-03-20T12:34:36","guid":{"rendered":"https:\/\/wp.muchomaas.com\/article-macron-nouveau-packaging-et-vieilles-recettes\/"},"modified":"2023-06-23T23:38:09","modified_gmt":"2023-06-23T21:38:09","slug":"article-macron-nouveau-packaging-et-vieilles-recettes","status":"publish","type":"post","link":"https:\/\/archives.regards.fr\/?p=11530","title":{"rendered":"Macron, nouveau packaging et vieilles recettes"},"content":{"rendered":"<p class=\"post_excerpt\">C\u2019est le printemps, les id\u00e9es bourgeonnent au gouvernement m\u00eame s\u2019il faut reconna\u00eetre qu\u2019elles ne sont pas toutes de premi\u00e8re fra\u00eecheur. Allongement de l\u2019\u00e2ge de d\u00e9part \u00e0 la retraite, nouvelle journ\u00e9e de \u00ab solidarit\u00e9 \u00bb\u2026 les salari\u00e9s sont dans le viseur.<\/p>\n<p>Ce devrait \u00eatre le prochain grand chantier du gouvernement d\u2019Emmanuel Macron : la r\u00e9forme du syst\u00e8me de retraites. Apr\u00e8s celle de 2003 qui devait garantir la p\u00e9rennit\u00e9 de notre syst\u00e8me par r\u00e9partition avec une nette augmentation de la dur\u00e9e de cotisations. Apr\u00e8s celle de 2010 qui devait, elle aussi, garantir notre syst\u00e8me, etc. Avec, au passage, un rel\u00e8vement de l\u2019\u00e2ge l\u00e9gal de d\u00e9part de 60 \u00e0 62 ans, nous avons d\u00e9j\u00e0 obtenu de travailler plus longtemps pour toucher moins. C\u2019est un bon point de d\u00e9part pour le gouvernement.<\/p>\n<p>&nbsp;<\/p>\n<p>\n<strong>LIRE AUSSI SUR REGARDS.FR<br \/>\n>><\/strong> <em><a href=\"https:\/\/wp.muchomaas.com\/societe\/article\/macron-est-il-sourd-a-l-urgence-ecologique-ou-s-en-moque-t-il-eperdument\">Macron est-il sourd \u00e0 l\u2019urgence \u00e9cologique, ou s\u2019en moque-t-il \u00e9perdument ?<\/a><\/em><\/p>\n<p>&nbsp;<\/p>\n<p>Comme toujours dans les p\u00e9riodes qui pr\u00e9c\u00e8dent le semblant de concertation qui va \u00eatre organis\u00e9, c\u2019est le moment des ballons d\u2019essai, plus ou moins provocateurs, plus ou moins annonciateurs des pistes de travail. C\u2019est Agn\u00e8s Buzyn, la ministre de la Sant\u00e9, qui a pos\u00e9 la premi\u00e8re mine. Interrog\u00e9e au \u00ab Grand Jury RTL-<em>Le Figaro<\/em>-LCI \u00bb sur un \u00e9ventuel allongement de l\u2019\u00e2ge de d\u00e9part \u00e0 la retraite, elle a ainsi d\u00e9clar\u00e9 :<em>\u00ab Je n\u2019y suis pas hostile \u00bb<\/em>. Mais attention, hein, la ministre a tenu \u00e0 pr\u00e9ciser qu\u2019elle s\u2019exprimait <em>\u00ab \u00e0 titre personnel \u00bb<\/em>. Comme chacun le sait bien, il est tout \u00e0 fait habituel qu\u2019un ministre invit\u00e9 \u00e0 une importante \u00e9mission politique puisse l\u00e2cher une bombe \u00e0 fragmentation uniquement de son cru, parce qu\u2019il le sentait bien, comme \u00e7a, et puis c\u2019est tout.<\/p>\n<p>Mais l\u2019argumentation de la ministre vaut aussi son pesant de cacahu\u00e8tes. N\u2019oublions pas que le candidat Emmanuel Macron s\u2019\u00e9tait engag\u00e9 \u00e0 ne pas toucher \u00e0 l\u2019\u00e2ge du d\u00e9part \u00e0 la retraite durant la campagne pr\u00e9sidentielle de 2017. C\u2019est \u00e9videmment un s\u00e9rieux caillou dans la chaussure, oui, mais voyez vous, les Fran\u00e7ais le demandent : <em>\u00ab Ce que j&#8217;ai dit, c&#8217;est que j&#8217;ai vu ces propositions remonter du &#8220;Grand d\u00e9bat&#8221;. \u00c0 partir du moment o\u00f9 les Fran\u00e7ais l&#8217;\u00e9voquent, c&#8217;est sur la table. \u00c0 partir du moment o\u00f9 toutes les propositions qui sont amen\u00e9es par le &#8220;Grand d\u00e9bat&#8221; vont \u00eatre \u00e9tudi\u00e9es, nous \u00e9tudierons celle-l\u00e0 comme les autres \u00bb<\/em>, pr\u00e9cise donc la ministre. \u00c0 qui se demandait \u00e0 quoi pourrait bien servir le \u00ab Grand d\u00e9bat \u00bb, nous voil\u00e0 rassur\u00e9s. Enfin, pas vraiment.<\/p>\n<h2>Le retour de Houdini le magicien<\/h2>\n<p>Rappelez-vous, c\u2019\u00e9tait il y a un peu plus d\u2019un an, le 1er janvier 2018 le gouvernement augmentait le taux de CSG de 1,7 point. Officiellement, il s\u2019agissait d\u2019encourager le travail (humour de droite). Si les salari\u00e9s du priv\u00e9 ont bien obtenu un tr\u00e8s l\u00e9ger gain avec la baisse des cotisations ch\u00f4mage et maladie, ce fut une op\u00e9ration blanche pour les salari\u00e9s du public et une perte de revenus parfois importantes pour les retrait\u00e9s.<\/p>\n<p>Oui mais voil\u00e0, il faut aussi trouver de l\u2019argent pour financer la d\u00e9pendance des personnes \u00e2g\u00e9es. L\u2019\u00e9tat des EPHAD, le caract\u00e8re fort lucratif pour quelques groupes priv\u00e9s des maisons de retraite qu\u2019elles soient m\u00e9dicalis\u00e9es ou non, n\u00e9cessiteraient une remise \u00e0 plat de l\u2019ensemble du syst\u00e8me. Un service public du quatri\u00e8me \u00e2ge ? Vous n\u2019y pensez pas. Par contre, dans le cadre du \u00ab Grand d\u00e9bat national \u00bb, La R\u00e9publique en marche a eu une id\u00e9e : travailler un jour f\u00e9ri\u00e9 gratuitement \u2013 pour faire poli, dire \u00ab journ\u00e9e de solidarit\u00e9 \u00bb. Il convient d\u2019abord d\u2019appr\u00e9cier \u00e0 sa juste valeur, l\u2019originalit\u00e9 de la mesure : en 2004, apr\u00e8s une canicule meurtri\u00e8re, Jean-Pierre Raffarin avait instaur\u00e9 une premi\u00e8re journ\u00e9e de solidarit\u00e9 qui a rapport\u00e9, en 2018, 2,4 milliards d\u2019euros consacr\u00e9s \u00e0 la d\u00e9pendance des personnes \u00e2g\u00e9s ou handicap\u00e9s. Seulement voil\u00e0, travailler gratuitement pendant une journ\u00e9e, au Moyen-\u00e2ge cela s\u2019appelait une corv\u00e9e et concr\u00e8tement cela veut dire une baisse du salaire horaire. Pour qui voulait encourager le travail ce n\u2019est gu\u00e8re fameux.<\/p>\n<p>R\u00e9sumons. Premier acte : on p\u00e9nalise les retrait\u00e9s parce qu\u2019il faut r\u00e9compenser le travail. Deuxi\u00e8me acte : c\u2019est terrible, il faut trouver des cr\u00e9dits pour financer la d\u00e9pendance, on propose donc de supprimer un jour f\u00e9ri\u00e9 \u2013 en clair : on p\u00e9nalise donc le travail. Arriv\u00e9 \u00e0 ce point, il suffit de retourner \u00e0 l\u2019acte I, car il n\u2019y a pas de raison. Normalement, en un ou deux quinquennats, il ne devrait plus rester que No\u00ebl et le 14-Juillet de libre.<\/p>\n<p>Parangons de la modernit\u00e9 affich\u00e9e, revendiqu\u00e9e, le gouvernement Macron cache bien mal, sous ses atours publicitaires, la vieille politique de la droite lib\u00e9rale. Organisant le creusement des in\u00e9galit\u00e9s et le d\u00e9mant\u00e8lement des acquis sociaux, cette politique appliqu\u00e9e depuis des d\u00e9cennies n\u2019a eu pour seul effet qu\u2019une mont\u00e9e quasi-continue de l\u2019extr\u00eame droite en France comme en Europe. Trouver les voies pour imposer, enfin, une d\u00e9faite majeure \u00e0 ce gouvernement est plus que jamais une urgence.<\/p>\n<p>&nbsp;<\/p>\n<p>\n<a href=\"https:\/\/wp.muchomaas.com\/auteur\/guillaume-liegard\"><strong>Guillaume Li\u00e9gard<\/strong><\/a><div id='gallery-1' class='gallery galleryid-11530 gallery-columns-3 gallery-size-thumbnail'><figure class='gallery-item'>\n\t\t\t<div class='gallery-icon landscape'>\n\t\t\t\t<a href='https:\/\/archives.regards.fr\/wp-content\/uploads\/2019\/03\/befunky-collage-118-169-scaled.jpg'><img loading=\"lazy\" decoding=\"async\" width=\"150\" height=\"150\" src=\"https:\/\/archives.regards.fr\/wp-content\/uploads\/2019\/03\/befunky-collage-118-169-150x150.jpg\" class=\"attachment-thumbnail size-thumbnail\" alt=\"befunky-collage-118.jpg\" \/><\/a>\n\t\t\t<\/div><\/figure>\n\t\t<\/div>\n<\/p>\n","protected":false},"excerpt":{"rendered":"<p>C\u2019est le printemps, les id\u00e9es bourgeonnent au gouvernement m\u00eame s\u2019il faut reconna\u00eetre qu\u2019elles ne sont pas toutes de premi\u00e8re fra\u00eecheur. Allongement de l\u2019\u00e2ge de d\u00e9part \u00e0 la retraite, nouvelle journ\u00e9e de \u00ab solidarit\u00e9 \u00bb\u2026 les salari\u00e9s sont dans le viseur.<\/p>\n","protected":false},"author":1097,"featured_media":27385,"comment_status":"open","ping_status":"open","sticky":false,"template":"","format":"standard","meta":{"_themeisle_gutenberg_block_has_review":false,"footnotes":""},"categories":[6],"tags":[487],"class_list":["post-11530","post","type-post","status-publish","format-standard","has-post-thumbnail","hentry","category-actu","tag-emmanuel-macron"],"_links":{"self":[{"href":"https:\/\/archives.regards.fr\/index.php?rest_route=\/wp\/v2\/posts\/11530","targetHints":{"allow":["GET"]}}],"collection":[{"href":"https:\/\/archives.regards.fr\/index.php?rest_route=\/wp\/v2\/posts"}],"about":[{"href":"https:\/\/archives.regards.fr\/index.php?rest_route=\/wp\/v2\/types\/post"}],"author":[{"embeddable":true,"href":"https:\/\/archives.regards.fr\/index.php?rest_route=\/wp\/v2\/users\/1097"}],"replies":[{"embeddable":true,"href":"https:\/\/archives.regards.fr\/index.php?rest_route=%2Fwp%2Fv2%2Fcomments&post=11530"}],"version-history":[{"count":0,"href":"https:\/\/archives.regards.fr\/index.php?rest_route=\/wp\/v2\/posts\/11530\/revisions"}],"wp:featuredmedia":[{"embeddable":true,"href":"https:\/\/archives.regards.fr\/index.php?rest_route=\/wp\/v2\/media\/27385"}],"wp:attachment":[{"href":"https:\/\/archives.regards.fr\/index.php?rest_route=%2Fwp%2Fv2%2Fmedia&parent=11530"}],"wp:term":[{"taxonomy":"category","embeddable":true,"href":"https:\/\/archives.regards.fr\/index.php?rest_route=%2Fwp%2Fv2%2Fcategories&post=11530"},{"taxonomy":"post_tag","embeddable":true,"href":"https:\/\/archives.regards.fr\/index.php?rest_route=%2Fwp%2Fv2%2Ftags&post=11530"}],"curies":[{"name":"wp","href":"https:\/\/api.w.org\/{rel}","templated":true}]}}