{"id":11507,"date":"2019-03-08T14:40:00","date_gmt":"2019-03-08T13:40:00","guid":{"rendered":"https:\/\/wp.muchomaas.com\/article-tribune-ce-silence-de-la-gauche-qui-nous-casse-les-oreilles\/"},"modified":"2019-03-08T14:40:00","modified_gmt":"2019-03-08T13:40:00","slug":"article-tribune-ce-silence-de-la-gauche-qui-nous-casse-les-oreilles","status":"publish","type":"post","link":"https:\/\/archives.regards.fr\/?p=11507","title":{"rendered":"TRIBUNE. Ce silence de la gauche qui nous casse les oreilles"},"content":{"rendered":"<p class=\"post_excerpt\">Ils sont jeunes, engag\u00e9s, de gauche et ont un message \u00e0 faire passer : il est plus que temps que la gauche se positionne de mani\u00e8re claire sur l&#8217;islamophobie.<\/p>\n<p>Nous sommes jeunes et nous partageons toutes et tous les m\u00eames aspirations pour un monde plus juste, plus \u00e9galitaire, plus \u00e9cologique. Nous sommes de toutes les luttes progressistes et nous \u0153uvrons chaque jour pour notre \u00e9mancipation, contre tous les syst\u00e8mes de dominations et d&#8217;oppressions, qu\u2019ils soient li\u00e9s \u00e0 la classe, au genre et \u00e0 la race sociale.<\/p>\n<p>Nous sommes des femmes et des hommes issu.e.s de l\u2019immigration post-coloniale. Les oppressions que nous subissons s\u2019articulent les unes aux autres. Celles de classe, de race et de genre pour les femmes et les minorit\u00e9s sexuelles. Celles de classe et de race pour les hommes h\u00e9t\u00e9rosexuels.<\/p>\n<p>Nous sommes les exploit\u00e9.es, les opprim\u00e9.es. Nous sommes les pr\u00e9caires, les humili\u00e9.es. Nous faisons partie de la jeunesse qui rel\u00e8ve la t\u00eate. Celle qui d\u00e9cide de ne pas courber l\u2019\u00e9chine.<\/p>\n<p>Nous sommes les h\u00e9ritiers des luttes de nos m\u00e8res et de nos p\u00e8res, des luttes du Mouvement ouvrier, des luttes des Hallagas, des Chibanis, des luttes contre les violences polici\u00e8res et la gestion coloniale de nos quartiers. Notre Histoire est celle de la Gauche. Nous sommes donc impliqu\u00e9.e.s dans ses combats.<\/p>\n<blockquote><p>La Gauche n\u2019a jamais su, par manque de courage et de convictions, ou par calcul politique malsain, se positionner de mani\u00e8re claire sur ces questions.<\/p><\/blockquote>\n<p>Pourtant, force est de constater que la r\u00e9ponse politique de nos mouvements n\u2019est pas \u00e0 la hauteur. De la r\u00e9cup\u00e9ration de la marche pour l\u2019\u00e9galit\u00e9 et contre le racisme en 1983 par SOS Racisme, au lynchage de la jeunesse lors des soul\u00e8vements de 2005. Du mutisme, lorsqu\u2019il s\u2019agit de d\u00e9noncer le caract\u00e8re syst\u00e9mique des violences et crimes policiers, aux r\u00e9centes pol\u00e9miques sur le Hijab et le Burkini. La Gauche n\u2019a jamais su, par manque de courage et de convictions, ou par calcul politique malsain, se positionner de mani\u00e8re claire sur ces questions.<\/p>\n<p>Aussi, il faut le dire, les organisations de Gauche sont \u00e0 l&#8217;image de notre soci\u00e9t\u00e9. Elles sont marqu\u00e9es par une construction structurellement sexiste et raciste. Cela n\u2019excuse en rien la non prise en compte des oppressions et des cons\u00e9quences qu\u2019elles engendrent sur les personnes qui en sont victimes. Ainsi, il nous faut lutter sans rel\u00e2che \u00e0 la fois dans nos organisations, et dans la soci\u00e9t\u00e9 plus largement.<\/p>\n<p>Depuis plus de 30 ans, l\u2019islamophobie s\u2019est impos\u00e9e comme une forme de racisme tol\u00e9rable, acceptable. Les femmes musulmanes, notamment, celles qui portent un voile, en sont les premi\u00e8res victimes. Sous couvert de la\u00efcit\u00e9, on exclut, on humilie. <a href=\"https:\/\/wp.muchomaas.com\/societe\/article\/tribune-decathlon-et-le-voile-histoire-d-une-obsession-francaise\">La derni\u00e8re pol\u00e9mique D\u00e9cathlon<\/a> en est l&#8217;illustration parfaite. La Gauche est rest\u00e9e muette face \u00e0 la violence des d\u00e9bats et des d\u00e9clarations islamophobes laissant ainsi les id\u00e9es r\u00e9actionnaires et racistes s\u2019imposer dans le champ politique et m\u00e9diatique. Les violences que nous subissions en tant que racis\u00e9.es sont inou\u00efes. Ne pas se positionner, c\u2019est les cautionner. Dans ce contexte d\u2019islamophobie d\u00e9complex\u00e9e, c\u2019est se faire l&#8217;alli\u00e9 objectif des racistes.<\/p>\n<p>Il est temps d\u2019en finir avec le mythe selon lequel la lutte des classes et l\u2019abolition du Capitalisme entra\u00eenerait d\u2019un coup de baguette magique la destruction de tous les syst\u00e8mes de dominations. Il ne s\u2019agit ici que d\u2019une man\u0153uvre pour rel\u00e9guer les luttes sp\u00e9cifiques au second plan. Il existe bel et bien une division du travail raciale et genr\u00e9e.<\/p>\n<p>Ainsi, lutter efficacement contre le capitalisme suppose d\u2019analyser en profondeur le monde du travail, en prenant en compte l\u2019imbrication simultan\u00e9e des dominations de classe, de genre et de race qui le structure en profondeur.<\/p>\n<p><quote>\u00ab Pour d\u00e9truire les racines du racisme il faut renverser tout le syst\u00e8me capitaliste \u00bb<\/p>\n<p>Angela Davis<\/quote><\/p>\n<p>Si vous voulez pas nous entendre, nous on crie plus fort.<\/p>\n","protected":false},"excerpt":{"rendered":"<p>Ils sont jeunes, engag\u00e9s, de gauche et ont un message \u00e0 faire passer : il est plus que temps que la gauche se positionne de mani\u00e8re claire sur l&#8217;islamophobie.<\/p>\n","protected":false},"author":666,"featured_media":0,"comment_status":"open","ping_status":"open","sticky":false,"template":"","format":"standard","meta":{"_themeisle_gutenberg_block_has_review":false,"footnotes":""},"categories":[278],"tags":[295,350],"class_list":["post-11507","post","type-post","status-publish","format-standard","hentry","category-tribunes","tag-nupes","tag-racisme"],"_links":{"self":[{"href":"https:\/\/archives.regards.fr\/index.php?rest_route=\/wp\/v2\/posts\/11507","targetHints":{"allow":["GET"]}}],"collection":[{"href":"https:\/\/archives.regards.fr\/index.php?rest_route=\/wp\/v2\/posts"}],"about":[{"href":"https:\/\/archives.regards.fr\/index.php?rest_route=\/wp\/v2\/types\/post"}],"author":[{"embeddable":true,"href":"https:\/\/archives.regards.fr\/index.php?rest_route=\/wp\/v2\/users\/666"}],"replies":[{"embeddable":true,"href":"https:\/\/archives.regards.fr\/index.php?rest_route=%2Fwp%2Fv2%2Fcomments&post=11507"}],"version-history":[{"count":0,"href":"https:\/\/archives.regards.fr\/index.php?rest_route=\/wp\/v2\/posts\/11507\/revisions"}],"wp:attachment":[{"href":"https:\/\/archives.regards.fr\/index.php?rest_route=%2Fwp%2Fv2%2Fmedia&parent=11507"}],"wp:term":[{"taxonomy":"category","embeddable":true,"href":"https:\/\/archives.regards.fr\/index.php?rest_route=%2Fwp%2Fv2%2Fcategories&post=11507"},{"taxonomy":"post_tag","embeddable":true,"href":"https:\/\/archives.regards.fr\/index.php?rest_route=%2Fwp%2Fv2%2Ftags&post=11507"}],"curies":[{"name":"wp","href":"https:\/\/api.w.org\/{rel}","templated":true}]}}