{"id":1150,"date":"1998-12-01T00:00:00","date_gmt":"1998-11-30T23:00:00","guid":{"rendered":"https:\/\/wp.muchomaas.com\/structures1150\/"},"modified":"1998-12-01T00:00:00","modified_gmt":"1998-11-30T23:00:00","slug":"structures1150","status":"publish","type":"post","link":"https:\/\/archives.regards.fr\/?p=1150","title":{"rendered":"Structures"},"content":{"rendered":"<p class=\"post_excerpt\"> Entretien avec Paul-Herv\u00e9 Parsy <\/p>\n<p><strong> Deux \u00e9v\u00e9nements marquent la rentr\u00e9e artistique, l&#8217;officialisation de la cr\u00e9ation de l&#8217;Institut d&#8217;art contemporain, \u00e0 Villeurbanne et l&#8217;inauguration du Mus\u00e9e d&#8217;art moderne et contemporain de Strasbourg. <\/strong><\/p>\n<p> <strong> Strasbourg <\/strong><\/p>\n<p> <strong> Les points de vue multiples de l&#8217;art <\/strong><\/p>\n<p>Le Mus\u00e9e d&#8217;art moderne et contemporain de Strasbourg appartient au r\u00e9seau des Mus\u00e9es de France. Mus\u00e9e attendu (depuis l&#8217;apr\u00e8s Deuxi\u00e8me Guerre mondiale) dans une ville o\u00f9 la r\u00e9sistance au voisin allemand a souvent \u00e9t\u00e9 synonyme de tradition, comme l&#8217;\u00e9crit Nobert Engel, adjoint charg\u00e9 de la Culture \u00e0 la ville de Strasbourg. Signe d&#8217;ouverture \u00e9galement, le conservateur en chef de ce nouveau mus\u00e9e n&#8217;appartient pas \u00e0 la caste des conservateurs form\u00e9s \u00e0 l&#8217;Ecole du Patrimoine. Paul-Herv\u00e9 Parsy, engag\u00e9 sur le terrain de l&#8217;art contemporain depuis longtemps (il a eu en charge les galeries contemporaines du Mus\u00e9e national d&#8217;art moderne et contemporain Georges-Pompidou), pr\u00e9sente ici son point de vue \u00e0 propos du mus\u00e9e dont il est en charge depuis le mois de juillet dernier.<\/p>\n<p> <strong> Comment ancrer le mus\u00e9e dans la ville par rapport \u00e0 de nouveaux publics et comment se servir de ce nouvel outil ? <\/strong><\/p>\n<p> <strong> Paul-Herv\u00e9 Parsy : <\/strong> Une caract\u00e9ristique vraiment importante \u00e0 Strasbourg, c&#8217;est son activit\u00e9 intellectuelle d\u00e9velopp\u00e9e et vivante. Cette ville poss\u00e8de une \u00e9cole d&#8217;art, une universit\u00e9, un th\u00e9\u00e2tre national, un op\u00e9ra. Dans la ville, existe donc potentiellement \u00e0 la fois ce qui caract\u00e9rise l&#8217;institution du savoir et les \u00e9l\u00e9ments d&#8217;une ville moderne, c&#8217;est-\u00e0-dire ses fragmentations, son h\u00e9t\u00e9rog\u00e9n\u00e9it\u00e9. Un mus\u00e9e tel que celui-ci doit g\u00e9rer la revendication tr\u00e8s forte de la ville, sa dimension locale, ainsi qu&#8217;un projet \u00e0 dimension internationale dans une zone o\u00f9 B\u00e2le est \u00e0 une heure de route, Francfort \u00e0 1 h 30 (mus\u00e9e de B\u00e2le, mus\u00e9e de Francfort, ZKM \u00e0 Karslruhe). Il y a un enjeu propre \u00e0 ce mus\u00e9e qui est cr\u00e9\u00e9 par cette conjonction. Il faut donc g\u00e9rer cette complexit\u00e9, prendre en compte la dimension strasbourgeoise avec cette demande politique et cette r\u00e9alit\u00e9 intellectuelle.<\/p>\n<p> <strong> Comment voyez-vous l&#8217;implantation du mus\u00e9e par rapport \u00e0 cette offre culturelle ? <\/strong><\/p>\n<p> <strong> P.-H. P. : <\/strong> Elle va sans doute provoquer des \u00e9volutions. J&#8217;ai le souci de tisser des liens avec un certain nombre de partenaires locaux car il faut, je crois, tenter de faire de ce mus\u00e9e quelque chose qui s&#8217;oppose \u00e0 son architecture qui est manifestement autoritaire.<\/p>\n<p> <strong> Quels contacts avez-vous eu avec Adrien Fainsilber, l&#8217;architecte ? <\/strong><\/p>\n<p> <strong> P.-H. P. : <\/strong> Lors de ma premi\u00e8re rencontre avec lui, je lui ai fait part de mon scepticisme devant l&#8217;organisation du mus\u00e9e, puisque, de fa\u00e7on sch\u00e9matique, il y a une fa\u00e7ade vitr\u00e9e, compl\u00e8tement transparente et une fa\u00e7ade compl\u00e8tement ferm\u00e9e, genre enceinte militaire. Comme par hasard, la fa\u00e7ade vitr\u00e9e donne sur la ville ancienne et dialogue, en terme de volumes, avec le pouvoir politique: le b\u00e2timent du Conseil r\u00e9gional, la cath\u00e9drale, l&#8217;ENA et, en revanche, &#8221; l&#8217;enceinte militaire &#8221; est tourn\u00e9e vers un quartier tr\u00e8s vivant de Strasbourg, le quartier de la gare, de la &#8221; Laiterie &#8221; (lieu de musique et d&#8217;expositions), o\u00f9 il y a une population tr\u00e8s h\u00e9t\u00e9rog\u00e8ne. Le mus\u00e9e appara\u00eet, depuis ce quartier, comme une prison. Je crois que le mus\u00e9e doit \u00eatre un outil \u00e9galement pour cette partie de la population qui sait tr\u00e8s mal ce qu&#8217;est l&#8217;art.<\/p>\n<p> <strong> Qu&#8217;en dit l&#8217;architecte ? <\/strong><\/p>\n<p> <strong> P.-H. P. : <\/strong> Il dit qu&#8217;il a d\u00fb affronter des contraintes techniques qui ont modifi\u00e9 son projet initial. Les machineries qui devaient se situer en sous-sol ont \u00e9t\u00e9 refoul\u00e9es vers le haut et \u00e0 l&#8217;arri\u00e8re du b\u00e2timent, parce qu&#8217;on a d\u00e9cid\u00e9 de construire un parking en dessous du mus\u00e9e, ce qui explique cette fa\u00e7ade aveugle. Avec la nouvelle ligne de tramway, des dizaines de milliers de personnes vont longer tous les jours une fa\u00e7ade aveugle en granit rouge et b\u00e9ton blanc sans que rien ne signale que c&#8217;est un mus\u00e9e. Il va falloir retourner cette dimension.<\/p>\n<p> <strong> La grande rue int\u00e9rieure qui se trouve sur l&#8217;autre versant ne va-t-elle pas reproduire le syndrome Orsay o\u00f9 les oeuvres sont \u00e9cras\u00e9es par l&#8217;architecture de Ga\u00e9 Aulenti ? <\/strong><\/p>\n<p> <strong> P.-H. P. : <\/strong> Finalement, je pense que le projet techniquement est op\u00e9rationnel. Les espaces sont tr\u00e8s diff\u00e9renci\u00e9s. La collection historique a des espaces sp\u00e9cifiques \u00e0 la taille des tableaux du XIXe. La partie contemporaine b\u00e9n\u00e9ficie de vastes espaces qui ont une architecture et une lumi\u00e8re compl\u00e8tement diff\u00e9rentes. Le service \u00e9ducatif a un espace remarquable de 400 m2, ce qui est assez rare en France et montre l&#8217;importance donn\u00e9e d\u00e8s le d\u00e9part du projet \u00e0 l&#8217;aspect p\u00e9dagogique. Il y a un cabinet d&#8217;art graphique et de photographie qui ont chacun 127 m\u00e8tres lin\u00e9aires, espaces qui n&#8217;existent pas ailleurs en France. Il y a une biblioth\u00e8que de 100 000 volumes puisque c&#8217;est la biblioth\u00e8que du mus\u00e9e de Strasbourg. Il y a un auditorium.<\/p>\n<p>Ce b\u00e2timent permet la multiplicit\u00e9 des manifestations. Mon ambition est de susciter la m\u00eame curiosit\u00e9 que celle que j&#8217;\u00e9prouve lorsque je visite des expositions et que je rencontre des artistes. L&#8217;art a de multiples points de vue que j&#8217;essaye de percevoir. Il n&#8217;est pas question de voir l&#8217;art de ces vingt derni\u00e8res ann\u00e9es de fa\u00e7on historiciste mais d&#8217;\u00e9noncer des th\u00e8mes qui peuvent \u00eatre des pistes, sans leurrer les gens en leur disant: &#8221; vous allez tout comprendre &#8220;. Il faut \u00e9galement leur montrer la part irr\u00e9ductible et indicible de l&#8217;art. C&#8217;est cela je pense la v\u00e9ritable p\u00e9dagogie du d\u00e9sir et de la curiosit\u00e9. C&#8217;est un peu ce que j&#8217;esquisse dans l&#8217;exposition inaugurale &#8221; Sentimentale journ\u00e9e &#8221; (jusqu&#8217;au 7\/2\/99).<\/p>\n","protected":false},"excerpt":{"rendered":"<p> Entretien avec Paul-Herv\u00e9 Parsy <\/p>\n","protected":false},"author":1,"featured_media":0,"comment_status":"open","ping_status":"open","sticky":false,"template":"","format":"standard","meta":{"_themeisle_gutenberg_block_has_review":false,"footnotes":""},"categories":[141],"tags":[288],"class_list":["post-1150","post","type-post","status-publish","format-standard","hentry","category-archives-web","tag-spectacle-vivant"],"_links":{"self":[{"href":"https:\/\/archives.regards.fr\/index.php?rest_route=\/wp\/v2\/posts\/1150","targetHints":{"allow":["GET"]}}],"collection":[{"href":"https:\/\/archives.regards.fr\/index.php?rest_route=\/wp\/v2\/posts"}],"about":[{"href":"https:\/\/archives.regards.fr\/index.php?rest_route=\/wp\/v2\/types\/post"}],"author":[{"embeddable":true,"href":"https:\/\/archives.regards.fr\/index.php?rest_route=\/wp\/v2\/users\/1"}],"replies":[{"embeddable":true,"href":"https:\/\/archives.regards.fr\/index.php?rest_route=%2Fwp%2Fv2%2Fcomments&post=1150"}],"version-history":[{"count":0,"href":"https:\/\/archives.regards.fr\/index.php?rest_route=\/wp\/v2\/posts\/1150\/revisions"}],"wp:attachment":[{"href":"https:\/\/archives.regards.fr\/index.php?rest_route=%2Fwp%2Fv2%2Fmedia&parent=1150"}],"wp:term":[{"taxonomy":"category","embeddable":true,"href":"https:\/\/archives.regards.fr\/index.php?rest_route=%2Fwp%2Fv2%2Fcategories&post=1150"},{"taxonomy":"post_tag","embeddable":true,"href":"https:\/\/archives.regards.fr\/index.php?rest_route=%2Fwp%2Fv2%2Ftags&post=1150"}],"curies":[{"name":"wp","href":"https:\/\/api.w.org\/{rel}","templated":true}]}}