{"id":11486,"date":"2019-02-28T09:31:00","date_gmt":"2019-02-28T08:31:00","guid":{"rendered":"https:\/\/wp.muchomaas.com\/article-les-choses-lues-par-monsieur-marx-11486\/"},"modified":"2023-07-03T14:34:03","modified_gmt":"2023-07-03T12:34:03","slug":"article-les-choses-lues-par-monsieur-marx-11486","status":"publish","type":"post","link":"https:\/\/archives.regards.fr\/?p=11486","title":{"rendered":"Les choses lues par Monsieur Marx, Ep 04"},"content":{"rendered":"<p class=\"post_excerpt\">Chaque jeudi , Bernard Marx pointe les livres ou autres textes qu\u2019il a lus pour vous, par des comptes-rendus courts. Cette semaine : des propositions pour le d\u00e9bat citoyen.<\/p>\n<p>En publiant <a href=\"http:\/\/atterres.org\/sites\/default\/files\/Propositions d%C3%A9bat national EA.pdf\">la semaine derni\u00e8re<\/a> une quarantaine de &#8220;Propositions pour le d\u00e9bat citoyen&#8221;, les Economistes atterr\u00e9s ont fait \u0153uvre utile. Ils ne s\u2019inscrivent pas dans le &#8220;Grand D\u00e9bat National&#8221; organis\u00e9 par le gouvernement face au mouvement des gilets jaunes et \u00e0 la crise sociale et politique que celui-ci a r\u00e9v\u00e9l\u00e9. Celui-ci, soulignent-ils, <em>\u00ab n\u2019est l\u00e0 que pour faire illusion \u00bb<\/em>. Il a effectivement \u00e9t\u00e9 con\u00e7u pour sauver la politique du gouvernement, pas pour la changer. Les questions autoris\u00e9es et les r\u00e9ponses pr\u00e9-calibr\u00e9es restent dans la logique de la politique et des r\u00e9formes n\u00e9olib\u00e9rales qui forment l\u2019ossature du macronisme. Le Premier ministre et ses coll\u00e8gues du gouvernement font tout pour brouiller les pistes. Ils et elles remettent au pot des propositions de concours L\u00e9pine pioch\u00e9es dans le grand r\u00e9servoir du n\u00e9olib\u00e9ralisme. (voir <a href=\"https:\/\/www.francetvinfo.fr\/economie\/emploi\/chomage\/grand-debat-des-contreparties-aux-aides-sociales-propose-edouard-philippe_3192343.html\">ici<\/a>, <a href=\"https:\/\/www.francetvinfo.fr\/economie\/impots\/reforme-fiscale\/jacqueline-gourault-preconise-que-chaque-francais-paye-l-impot-sur-le-revenu-y-compris-les-plus-modestes_3205119.html\">l\u00e0<\/a>, <a href=\"https:\/\/www.capital.fr\/votre-argent\/gerald-darmanin-prone-un-allegement-de-la-fiscalite-des-donations-1328865\">l\u00e0<\/a> ou encore <a href=\"https:\/\/www.lesinrocks.com\/inrocks.tv\/la-ministre-du-travail-souhaite-instaurer-des-contreparties-aux-aides-sociales\/\">l\u00e0<\/a>)<\/p>\n<p><a href=\"https:\/\/aoc.media\/analyse\/2019\/02\/22\/vers-grand-monologue-national\/\">Comme l\u2019analyse la sociologue Martine Legris<\/a>, <em>\u00ab monologue de l\u2019ex\u00e9cutif, mise en sc\u00e8ne bien huil\u00e9e, addition d\u2019id\u00e9es individuelles qui peine \u00e0 faire \u0153uvre politique collective\u2026 les premiers bilans [du Grand D\u00e9bat National, NDLR] montrent qu\u2019il ne suffit pas de s\u2019exprimer pour faire d\u00e9bat et revitaliser la d\u00e9mocratie. Et au final, avertit-elle, l\u2019impraticable synth\u00e8se des contributions s\u2019apparente \u00e0 la chronique d\u2019un naufrage annonc\u00e9. \u00bb<\/em> En m\u00eame temps de multiples initiatives \u00e9mergent pour susciter un v\u00e9ritable d\u00e9bat d\u00e9mocratique citoyen. C\u2019est \u00e0 ce mouvement que veulent contribuer les Economistes atterr\u00e9s. Regroup\u00e9es autour de dix-huit grands th\u00e8mes, <em>\u00ab leurs propositions<\/em>, expliquent-ils, <em>sont mises \u00e0 la disposition des citoyens pour qu\u2019ils puissent s\u2019en saisir et lancer, \u00e0 leur niveau, un v\u00e9ritable d\u00e9bat sur des alternatives s\u00e9rieuses \u00e0 la politique impuls\u00e9e par Emmanuel Macron \u00bb<\/em>.<\/p>\n<h2>Alternatives r\u00e9alisables et souhaitables<\/h2>\n<p>Les 47 propositions formul\u00e9es peuvent \u00eatre d\u00e9battues une par une. Certaines sont discutables. C\u2019est le but recherch\u00e9. Une seule m\u2019a paru franchement inacceptable : <em>\u00ab Les Fran\u00e7ais exil\u00e9s \u00e0 l\u2019\u00e9tranger pour des motifs fiscaux doivent choisir entre perdre leur nationalit\u00e9 ou faire une d\u00e9claration d\u2019imp\u00f4t en France \u00bb<\/em>. Ces propositions peuvent aussi \u00eatre vues comme <em>\u00ab un ensemble d\u2019alternatives r\u00e9alisables et souhaitables en mati\u00e8re de politique fiscale, d\u2019assurances sociales, d\u2019emploi et de travail, d\u2019\u00e9galit\u00e9 professionnelle entre les sexes, de transition \u00e9cologique et de services publics \u00bb<\/em>.<\/p>\n<p>Consid\u00e9r\u00e9e sous cet angle, la contribution des Economistes atterr\u00e9s dresse les contours d\u2019une v\u00e9ritable transformation de la politique et de la soci\u00e9t\u00e9 fran\u00e7aise qui reposerait sur des choix forts[[Voir aussi : Les Economistes atterr\u00e9s, <em>Macron, Un mauvais tournant<\/em>, 8\u00e8me partie des <em>strat\u00e9gies alternatives<\/em>. Les liens qui Lib\u00e8rent, 2018]].<\/p>\n<p>Ils remettent l\u2019objectif d\u2019\u00e9galit\u00e9 ainsi que celui de plein-emploi au centre des pr\u00e9occupations de la soci\u00e9t\u00e9 et des objectifs des politiques publiques. S\u2019agissant de l\u2019emploi, ils pr\u00e9conisent notamment de <em>\u00ab mettre en place une politique de garantie universelle d\u2019emploi en \u00e9tendant le dispositif &#8220;territoire z\u00e9ro ch\u00f4meurs de longue dur\u00e9e&#8221; \u00e0 l\u2019ensemble du territoire \u00bb<\/em>. Pour lutter contre la pauvret\u00e9, ils privil\u00e9gient la revalorisation des minima sociaux plut\u00f4t que la mise en place d\u2019un revenu universel de base.<\/p>\n<p>Ils assument une hausse de ce que les adversaires du progr\u00e8s social appellent les <em>\u00ab co\u00fbts salariaux \u00bb<\/em> (hausse du SMIC de 200 euros, lancement d\u2019un plan coordonn\u00e9 de hausse des salaires dans la zone euro, lutte contre le dumping social, Suppression des exon\u00e9rations de cotisations employeur et sur-cotisations pour tous les emplois atypiques, etc.). Quoiqu\u2019avec des limites, puisqu\u2019ils pr\u00e9conisent de limiter les hauts salaires \u00e0 sept fois le SMIC.<\/p>\n<p>Ils assument un niveau \u00e9lev\u00e9 des d\u00e9penses publiques, le renforcement et la modernisation des services publics (notamment dans l\u2019\u00e9ducation, les transports et la sant\u00e9). Ils affirment la possibilit\u00e9 d\u2019une transition \u00e9cologique heureuse (politique publique de grands travaux ; lutte contre la pr\u00e9carit\u00e9 \u00e9nerg\u00e9tique \u00e0 partir d\u2019une taxe carbone sur les grands groupes finan\u00e7ant un fonds national d\u2019investissements, mise en place d\u2019une compensation diff\u00e9renci\u00e9e de la hausse du prix du carbone en fonction du revenu et du lieu d\u2019habitat ; aide aux agriculteurs pour transformer l\u2019agriculture, etc.). Ils veulent d\u00e9mocratiser la finance (mise en place d\u2019un service public bancaire).<\/p>\n<h2>Questions subsidiaires<\/h2>\n<p>J\u2019entends d\u00e9j\u00e0 les commentaires : propositions anachroniques ; impossible retour au mod\u00e8le d\u00e9pass\u00e9 des &#8220;Trente glorieuses&#8221; d\u2019il y a 70 ans ; refus de faire gagner la France en s\u2019adaptant au monde tel qu\u2019il a chang\u00e9 avec la mondialisation, la r\u00e9volution num\u00e9rique et le triomphe g\u00e9n\u00e9ral du capitalisme.<\/p>\n<p>Face \u00e0 ce type d\u2019argumentaire qui, quoi qu\u2019on le souhaite, p\u00e8se lourd dans le d\u00e9bat, il serait me semble-t-il, n\u00e9cessaire de donner plus de poids et de visibilit\u00e9 \u00e0 trois th\u00e9matiques dispers\u00e9es dans les propositions des Economistes atterr\u00e9s : l\u2019entreprise, l\u2019innovation et l\u2019Europe.<\/p>\n<p>L\u2019entreprise, car si l\u2019on augmente les co\u00fbts salariaux, il faut alors diminuer ceux du capital, ce qui est affaire de r\u00e9partition et de diminution de la part des dividendes ou des rentes mais aussi affaire de crit\u00e8res de gestion et d\u2019organisation de la production.<\/p>\n<p>L\u2019innovation, car \u00e0 la fable de la <em>Start Up Nation<\/em> et \u00e0 la r\u00e9alit\u00e9 des fermetures d&#8217;usines, il faut opposer le r\u00f4le irrempla\u00e7able qu\u2019y occupe l\u2019Etat entrepreneur et l\u2019investissement public.<\/p>\n<p>L\u2019Europe, car sa mise \u00e0 l\u2019\u00e9cart par Emmanuel Macron dans les questions du &#8220;Grand D\u00e9bat National&#8221; est un pi\u00e8ge dont il faudrait sortir plut\u00f4t que de s\u2019y laisser enfermer. Comme l\u2019a analys\u00e9, <a href=\"https:\/\/www.liberation.fr\/debats\/2019\/01\/17\/gilets-jaunes-le-grand-debat-national-et-le-verrou-europeen_1703620\">dans Lib\u00e9 en janvier dernier<\/a>, Antoine Vauchez, <em>\u00ab en esquivant la part europ\u00e9enne de la crise, l\u2019ex\u00e9cutif limite d\u2019embl\u00e9e la pertinence du grand d\u00e9bat \u2013 voire le condamne \u00e0 un repli d\u00e9fensif douteux en termes &#8220;d\u2019identit\u00e9 nationale&#8221;\u2026 Car les bo\u00eetes noires de la crise actuelle, celles qui permettent d\u2019expliquer comment l\u2019injustice fiscale et le sous-investissement chronique dans les services publics peuvent aujourd\u2019hui \u00eatre ressentis avec tant d\u2019acuit\u00e9, sont \u00e0 Bruxelles et \u00e0 Francfort autant qu\u2019\u00e0 Paris. C\u2019est l\u00e0 en effet que se joue l\u2019immobilisme des Vingt-Huit incapables de proposer d\u2019autre m\u00e9thode d\u2019int\u00e9gration qu\u2019une mise en concurrence fiscale, et donc sociale, des Etats membres. C\u2019est l\u00e0 aussi que s\u2019est consolid\u00e9 un copilotage des politiques \u00e9conomiques nationales autour du triptyque &#8220;consolidation budg\u00e9taire&#8221;, &#8220;stabilit\u00e9 financi\u00e8re&#8221; et &#8220;r\u00e9formes structurelles&#8221; du march\u00e9 du travail et des syst\u00e8mes de retraite. L\u00e0 enfin que s\u2019est nou\u00e9e depuis dix ans la crise de soci\u00e9t\u00e9s europ\u00e9ennes travaill\u00e9es par des \u00e9carts croissants de niveau de vie et de d\u00e9veloppement entre les Europes du Nord, du Sud et de l\u2019Est, et des in\u00e9galit\u00e9s sociales croissantes au c\u0153ur m\u00eame des Etats europ\u00e9ens. \u00bb<\/em> (4). <div id='gallery-1' class='gallery galleryid-11486 gallery-columns-3 gallery-size-thumbnail'><figure class='gallery-item'>\n\t\t\t<div class='gallery-icon landscape'>\n\t\t\t\t<a href='https:\/\/archives.regards.fr\/wp-content\/uploads\/2019\/02\/marx-23-42d-scaled.jpg'><img loading=\"lazy\" decoding=\"async\" width=\"150\" height=\"150\" src=\"https:\/\/archives.regards.fr\/wp-content\/uploads\/2019\/02\/marx-23-42d-150x150.jpg\" class=\"attachment-thumbnail size-thumbnail\" alt=\"marx-23.jpg\" \/><\/a>\n\t\t\t<\/div><\/figure>\n\t\t<\/div>\n<\/p>\n","protected":false},"excerpt":{"rendered":"<p>Chaque jeudi , Bernard Marx pointe les livres ou autres textes qu\u2019il a lus pour vous, par des comptes-rendus courts. Cette semaine : des propositions pour le d\u00e9bat citoyen.<\/p>\n","protected":false},"author":1240,"featured_media":27299,"comment_status":"open","ping_status":"open","sticky":false,"template":"","format":"standard","meta":{"_themeisle_gutenberg_block_has_review":false,"footnotes":""},"categories":[186],"tags":[357],"class_list":["post-11486","post","type-post","status-publish","format-standard","has-post-thumbnail","hentry","category-les-choses-lues-par-monsieur-marx","tag-chronique"],"_links":{"self":[{"href":"https:\/\/archives.regards.fr\/index.php?rest_route=\/wp\/v2\/posts\/11486","targetHints":{"allow":["GET"]}}],"collection":[{"href":"https:\/\/archives.regards.fr\/index.php?rest_route=\/wp\/v2\/posts"}],"about":[{"href":"https:\/\/archives.regards.fr\/index.php?rest_route=\/wp\/v2\/types\/post"}],"author":[{"embeddable":true,"href":"https:\/\/archives.regards.fr\/index.php?rest_route=\/wp\/v2\/users\/1240"}],"replies":[{"embeddable":true,"href":"https:\/\/archives.regards.fr\/index.php?rest_route=%2Fwp%2Fv2%2Fcomments&post=11486"}],"version-history":[{"count":0,"href":"https:\/\/archives.regards.fr\/index.php?rest_route=\/wp\/v2\/posts\/11486\/revisions"}],"wp:featuredmedia":[{"embeddable":true,"href":"https:\/\/archives.regards.fr\/index.php?rest_route=\/wp\/v2\/media\/27299"}],"wp:attachment":[{"href":"https:\/\/archives.regards.fr\/index.php?rest_route=%2Fwp%2Fv2%2Fmedia&parent=11486"}],"wp:term":[{"taxonomy":"category","embeddable":true,"href":"https:\/\/archives.regards.fr\/index.php?rest_route=%2Fwp%2Fv2%2Fcategories&post=11486"},{"taxonomy":"post_tag","embeddable":true,"href":"https:\/\/archives.regards.fr\/index.php?rest_route=%2Fwp%2Fv2%2Ftags&post=11486"}],"curies":[{"name":"wp","href":"https:\/\/api.w.org\/{rel}","templated":true}]}}