{"id":11483,"date":"2019-02-27T10:59:00","date_gmt":"2019-02-27T09:59:00","guid":{"rendered":"https:\/\/wp.muchomaas.com\/article-europeennes-qui-seront-les-losers-de-la-gauche\/"},"modified":"2019-02-27T10:59:00","modified_gmt":"2019-02-27T09:59:00","slug":"article-europeennes-qui-seront-les-losers-de-la-gauche","status":"publish","type":"post","link":"https:\/\/archives.regards.fr\/?p=11483","title":{"rendered":"Europ\u00e9ennes : qui seront les losers de la gauche ?"},"content":{"rendered":"<p class=\"post_excerpt\">La gauche fran\u00e7aise, combien de divisions ? Cinq, six, sept, huit listes ? \u00c0 trois mois du scrutin europ\u00e9en, une seule chose est s\u00fbre : la gauche est dans un pi\u00e8tre \u00e9tat.<\/p>\n<p>Il y en a eu des mains tendues pour ces \u00e9lections europ\u00e9ennes ! Pour prendre, jamais pour se faire prendre. R\u00e9sultat des courses, \u00e0 l\u2019heure o\u00f9 nous \u00e9crivons ces lignes, les \u00e9lecteurs de gauche pourraient avoir \u00e0 choisir, le 26 mai prochain, entre Lutte ouvri\u00e8re, le NPA, La France insoumise, le PCF, G\u00e9n\u00e9ration.s, Place publique, EELV ou le Parti socialiste. Sept partis de gauche, auxquels pourrait s\u2019ajouter une liste &#8220;gilets jaunes&#8221;, voire plusieurs\u2026<\/p>\n<p>Le pire dans tout cela, \u00e7a n\u2019est pas tant l\u2019embarras du choix que les perspectives quasi-nulles de voir une de ces listes <a href=\"https:\/\/www.lemonde.fr\/politique\/article\/2019\/02\/25\/europeennes-la-republique-en-marche-et-le-rassemblement-national-en-tete-des-intentions-de-vote_5427826_823448.html\">d\u00e9passer les 10%<\/a>. Seuls LFI et EELV semblent en mesure de challenger le leadership de la gauche. Mais pour quoi faire ? \u00catre majoritaire parmi les minoritaires ? Certes, <a href=\"http:\/\/www.manuelbompard.fr\/souriez-vous-etes-manipules\/\">les sondages ne font pas une \u00e9lection<\/a>, mais la dynamique du &#8220;chacun pour soi&#8221; n\u2019augure rien de tr\u00e8s r\u00e9jouissant.<\/p>\n<h2>Un pour tous, mais pas tous pour un<\/h2>\n<p>Pour le moment, les tractations sont toujours en cours, qu\u2019il s\u2019agisse des n\u00e9gociations entre partis pour d\u2019\u00e9ventuelles alliances, ou ne serait-ce que pour se choisir une t\u00eate de liste. <a href=\"https:\/\/lafranceinsoumise.fr\/actualites\/elections-europeennes\/les-candidat%E2%8B%85e%E2%8B%85s-aux-elections-europeennes\/\">Manon Aubry m\u00e8ne la liste La France insoumise<\/a>, <a href=\"https:\/\/www.europedesgens.fr\/vos_candidats\">Ian Brossat celle du PCF<\/a>, <a href=\"https:\/\/www.lutte-ouvriere.org\/europeennes\/candidats\">Nathalie Arthaud pour Lutte ouvri\u00e8re<\/a>, Yannick Jadot EELV et <a href=\"http:\/\/www.leparisien.fr\/politique\/europeennes-je-prendrai-la-tete-d-une-liste-generation-s-annonce-benoit-hamon-23-02-2019-8018823.php\">Beno\u00eet Hamon G\u00e9n\u00e9ration.s<\/a>. Le NPA est toujours en train de <a href=\"https:\/\/www.huffingtonpost.fr\/2019\/02\/18\/elections-europeennes-2019-le-npa-cherche-un-million_a_23671782\/\">r\u00e9colter des fonds pour financer sa campagne<\/a>, mais sa pr\u00e9sence aux europ\u00e9ennes demeure hypoth\u00e9tique.<\/p>\n<p>Au sein de ce peloton-l\u00e0, les strat\u00e9gies divergent. Quand EELV (qui se sent pousser des ailes comme \u00e0 chaque \u00e9lection europ\u00e9enne o\u00f9 les scores des Verts sont plut\u00f4t sup\u00e9rieurs \u00e0 ce qu\u2019ils font aux autres \u00e9lections) et LFI (toujours arc-bout\u00e9e sur le score de son leader aux derni\u00e8res pr\u00e9sidentielles) ont d\u00e9cid\u00e9 clairement et depuis longtemps qu\u2019ils ne voulaient aucune alliance, il n\u2019en va pas de m\u00eame pour les autres : Beno\u00eet Hamon n\u2019a eu de cesse de vouloir tisser une alliance avec le PCF qui n\u2019a, de son c\u00f4t\u00e9, eu de cesse de refuser la main tendue \u2013 alors m\u00eame qu\u2019il risque de rester sous la barre fatidique des 5%, et donc de n\u2019avoir aucun \u00e9lu.<\/p>\n<p>Seulement, le PCF doit affronter une crise identitaire interne qui le mure dans une n\u00e9cessaire impasse : d\u2019un c\u00f4t\u00e9, il aimerait pouvoir faire des alliances de raison, bas\u00e9es sur une feuille de route commune avec ses partenaires traditionnels, d\u2019un autre il y a eu un congr\u00e8s en octobre dernier qui a vu la victoire de la ligne &#8220;on-se-pr\u00e9sente-tout-seul-aux-\u00e9lections-parce-que-c\u2019est-\u00e0-cause-de-\u00e7a-qu\u2019on-a-disparu&#8221;. Alors Beno\u00eet Hamon a beau proposer toutes sortes de t\u00eates de liste issues de la soci\u00e9t\u00e9 civile, rien n\u2019y fait. Le deal des communistes est clair : c\u2019est tous derri\u00e8re Ian Brossat ou rien.<\/p>\n<h2>Les limites de la m\u00e9thode Cou\u00e9<\/h2>\n<p>Reste alors Place publique et le PS. Olivier Faure, le patron des socialistes, est dans la m\u00e9lasse. Personne ne veut prendre les commandes du Titanic. <a href=\"https:\/\/www.lemonde.fr\/politique\/article\/2019\/01\/11\/segolene-royal-renonce-a-mener-une-liste-aux-elections-europeennes_5407696_823448.html\">S\u00e9gol\u00e8ne Royal a refus\u00e9 le poste.<\/a> Des noms circulent \u2013 donc celui du secr\u00e9taire national \u2013, mais pas de quoi renverser la table. Le PS pourrait finir par opter pour un eurod\u00e9put\u00e9 sortant. En parall\u00e8le de ce dilemme, les sociaux-d\u00e9mocrates seraient <a href=\"http:\/\/www.leparisien.fr\/politique\/europeennes-bientot-un-rapprochement-entre-le-parti-socialiste-et-place-publique-18-02-2019-8014752.php\">sur le point de trouver un accord<\/a> pour unir leurs &#8220;forces&#8221;. Une alliance qui pourrait alors \u00eatre emmen\u00e9e par Olivier Faure ou Rapha\u00ebl Glucksmann. Ce dernier n\u2019aura donc pas r\u00e9ussi \u00e0 convaincre la &#8220;gauche pro-europ\u00e9enne&#8221; \u00e0 proposer une alternative cr\u00e9dible  face \u00e0 LFI.<\/p>\n<p>&nbsp;<\/p>\n<p>\n<strong>LIRE AUSSI SUR REGARDS.FR<br \/>\n>><\/strong> <em>[<a href=\"https:\/\/wp.muchomaas.com\/politique\/article\/tribune-lettre-ouverte-a-la-jeune-gauche\">TRIBUNE] Lettre ouverte \u00e0 la jeune gauche<\/a><\/em><\/p>\n<p>&nbsp;<\/p>\n<p>De son c\u00f4t\u00e9, Beno\u00eet Hamon a d\u00e9voil\u00e9 mardi 26 f\u00e9vrier les 30 premiers noms de sa liste aux europ\u00e9ennes. Et il veut y croire : <em>#Hopeisback<\/em> (l\u2019espoir est de retour, NDLR) \u00e9tait m\u00eame le hashtag de la soir\u00e9e d\u2019hier. Mais \u00e7a reste qu\u2019un hashtag.<\/p>\n<p>La seule chose, finalement, qui rassemble tous ces partis de gauche, c\u2019est leur unanimisme \u00e0 d\u00e9clarer : &#8220;Oui \u00e0 l\u2019union, mais derri\u00e8re moi&#8221;. Logique pour un scrutin \u00e0 la proportionnelle. Mais, pour rappel, il faut r\u00e9unir au moins 5% des suffrages pour commencer \u00e0 obtenir des si\u00e8ges au Parlement europ\u00e9en, et 3% pour \u00eatre rembours\u00e9. Pas de quoi enchanter les \u00e9lecteurs.<\/p>\n<p>&nbsp;<\/p>\n<p>\n<a href=\"https:\/\/wp.muchomaas.com\/auteur\/loic-le-clerc\"><strong>Lo\u00efc Le Clerc<\/strong><\/a> &#038; <a href=\"https:\/\/wp.muchomaas.com\/auteur\/pablo-pillaud-vivien-2445\"><strong>Pablo Pillaud-Vivien<\/strong><\/a><\/p>\n","protected":false},"excerpt":{"rendered":"<p>La gauche fran\u00e7aise, combien de divisions ? Cinq, six, sept, huit listes ? \u00c0 trois mois du scrutin europ\u00e9en, une seule chose est s\u00fbre : la gauche est dans un pi\u00e8tre \u00e9tat.<\/p>\n","protected":false},"author":1203,"featured_media":0,"comment_status":"open","ping_status":"open","sticky":false,"template":"","format":"standard","meta":{"_themeisle_gutenberg_block_has_review":false,"footnotes":""},"categories":[6],"tags":[507,295],"class_list":["post-11483","post","type-post","status-publish","format-standard","hentry","category-actu","tag-europeennes-2019","tag-nupes"],"_links":{"self":[{"href":"https:\/\/archives.regards.fr\/index.php?rest_route=\/wp\/v2\/posts\/11483","targetHints":{"allow":["GET"]}}],"collection":[{"href":"https:\/\/archives.regards.fr\/index.php?rest_route=\/wp\/v2\/posts"}],"about":[{"href":"https:\/\/archives.regards.fr\/index.php?rest_route=\/wp\/v2\/types\/post"}],"author":[{"embeddable":true,"href":"https:\/\/archives.regards.fr\/index.php?rest_route=\/wp\/v2\/users\/1203"}],"replies":[{"embeddable":true,"href":"https:\/\/archives.regards.fr\/index.php?rest_route=%2Fwp%2Fv2%2Fcomments&post=11483"}],"version-history":[{"count":0,"href":"https:\/\/archives.regards.fr\/index.php?rest_route=\/wp\/v2\/posts\/11483\/revisions"}],"wp:attachment":[{"href":"https:\/\/archives.regards.fr\/index.php?rest_route=%2Fwp%2Fv2%2Fmedia&parent=11483"}],"wp:term":[{"taxonomy":"category","embeddable":true,"href":"https:\/\/archives.regards.fr\/index.php?rest_route=%2Fwp%2Fv2%2Fcategories&post=11483"},{"taxonomy":"post_tag","embeddable":true,"href":"https:\/\/archives.regards.fr\/index.php?rest_route=%2Fwp%2Fv2%2Ftags&post=11483"}],"curies":[{"name":"wp","href":"https:\/\/api.w.org\/{rel}","templated":true}]}}