{"id":11478,"date":"2019-02-22T10:00:00","date_gmt":"2019-02-22T09:00:00","guid":{"rendered":"https:\/\/wp.muchomaas.com\/article-tribune-lettre-ouverte-a-la-jeune-gauche\/"},"modified":"2019-02-22T10:00:00","modified_gmt":"2019-02-22T09:00:00","slug":"article-tribune-lettre-ouverte-a-la-jeune-gauche","status":"publish","type":"post","link":"https:\/\/archives.regards.fr\/?p=11478","title":{"rendered":"TRIBUNE. Lettre ouverte \u00e0 la jeune gauche"},"content":{"rendered":"<p class=\"post_excerpt\">Alors que les \u00e9lections europ\u00e9ennes approchent \u00e0 grands pas, les partis de gauche semblent incapables de se d\u00e9passer pour s&#8217;unir. Au risque d&#8217;avoir cinq listes de gauche en dessous des 10%. <em>Regards<\/em> publie cette tribune des &#8220;Jeunes g\u00e9n\u00e9ration.s&#8221; : <em>\u00ab pour une victoire europ\u00e9enne de la gauche et des \u00e9cologistes \u00bb<\/em>.<\/p>\n<p>Cher.es camarades communistes, \u00e9cologistes, insoumis.e.s et socialistes sinc\u00e8res,<\/p>\n<p>Dans quelques semaines, les citoyen.nes europ\u00e9en.nes se rendront dans les urnes pour constituer un nouveau parlement europ\u00e9en. Alors que 77% des sympathisant.es de gauche se d\u00e9clarent favorables \u00e0 la votation citoyenne propos\u00e9e par Beno\u00eet Hamon, la gauche et les \u00e9cologistes abordent la campagne \u00e9lectorale de fa\u00e7on d\u00e9sordonn\u00e9e. Derri\u00e8re cet \u00e9clatement se profile une lourde d\u00e9faite pour le camp de celles et ceux qui aspirent \u00e0 une autre Europe. <\/p>\n<p>Finir le 26 mai prochain le plus riche du cimeti\u00e8re ne servira personne.<\/p>\n<p>&nbsp;<\/p>\n<p>\n<strong>LIRE AUSSI SUR REGARDS.FR<br \/>\n>><\/strong> <em><a href=\"https:\/\/wp.muchomaas.com\/mot\/europeennes-2019\">Tous nos articles sur les \u00e9lections europ\u00e9ennes<\/a><\/em><\/p>\n<p>&nbsp;<\/p>\n<p>Urgence \u00e9cologique, d\u00e9classement social, d\u00e9liquescence de la d\u00e9mocratie, mont\u00e9e de l&#8217;extr\u00eame droite\u2026 Tant de raisons qui laissent la jeunesse europ\u00e9enne en proie au doute quant \u00e0 la possibilit\u00e9 d\u2019un avenir meilleur. La sociale-d\u00e9mocratie n\u2019a pas tenu la promesse d\u2019une soci\u00e9t\u00e9 plus juste, ni en France, ni en Europe. Bien au contraire, elle a laiss\u00e9 le n\u00e9o-lib\u00e9ralisme d\u00e9rouler paisiblement son agenda politique aust\u00e9ritaire et remporter la bataille des id\u00e9es. <\/p>\n<p>Face \u00e0 ces p\u00e9rils, la sortie des r\u00e9flexes d\u2019appareils pour unir la grande famille de la gauche et des \u00e9cologistes est un devoir. Nous ne sommes pas de ceux qui pensent qu\u2019il existerait des gauches irr\u00e9conciliables. Pourvu qu\u2019elles s\u2019accordent \u00e0 refuser l\u2019ordre \u00e9tabli et \u00e0 faire de la question sociale et \u00e9cologique une priorit\u00e9, les composantes de la gauche font partie d\u2019une grande et unique famille. Un cycle de reconqu\u00eate politique et intellectuelle doit s\u2019ouvrir, dans lequel un dialogue et un travail commun seront essentiels.<\/p>\n<p>Les points de convergences sont nombreux. Nous critiquons toutes et tous avec vigueur l\u2019orientation n\u00e9olib\u00e9rale de l\u2019Union Europ\u00e9enne et l\u2019objectif de d\u00e9mant\u00e8lement des solidarit\u00e9s qui l\u2019anime. Toutes nos organisations r\u00e9clament le r\u00e9tablissement de l\u2019ISF en France et le combat pour le porter \u00e0 l&#8217;\u00e9chelon europ\u00e9en.<\/p>\n<p>De m\u00eame nous avons pris la mesure de l\u2019urgence climatique et sommes persuad\u00e9.e.s de l&#8217;existence d\u2019un lien inalt\u00e9rable entre la question \u00e9cologiste et la question sociale. C\u2019est la raison pour laquelle nous avons pris part aux mobilisations de la jeunesse europ\u00e9enne pour le climat qui doivent aboutir \u00e0 une r\u00e9volution fiscale europ\u00e9enne, mettant \u00e0 contribution les multinationales plut\u00f4t que de faire reposer la transition \u00e9nerg\u00e9tique sur celles et ceux qui ont le moins.<\/p>\n<blockquote><p>Sortons des r\u00e9flexes boutiquiers. Unissons-nous autour de nos ressemblances et n\u2019ayons pas peur de laisser le peuple de gauche trancher nos diff\u00e9rences.<\/p><\/blockquote>\n<p>Enfin, nous partageons des combats communs pour lutter contre les tentatives des lib\u00e9raux, partout en Europe, de r\u00e9server le bien commun de l\u2019enseignement sup\u00e9rieur aux seules \u00e9lites. <\/p>\n<p>C\u2019est maintenant \u00e0 la jeune garde, impertinente et subversive, de pousser nos a\u00een\u00e9.e.s et nos mouvements respectifs \u00e0 prendre leurs responsabilit\u00e9s. Sortons des r\u00e9flexes boutiquiers. Unissons-nous autour de nos ressemblances et n\u2019ayons pas peur de laisser le peuple de gauche trancher nos diff\u00e9rences. Faisons en sorte qu\u2019au soir du 26 mai, une Europe citoyenne, sociale et \u00e9cologiste redonne espoir \u00e0 la jeunesse europ\u00e9enne.<\/p>\n<p><strong>Thibaud Eychenne, Coordinateur national des Jeunes G\u00e9n\u00e9ration.s<\/strong><\/p>\n","protected":false},"excerpt":{"rendered":"<p>Alors que les \u00e9lections europ\u00e9ennes approchent \u00e0 grands pas, les partis de gauche semblent incapables de se d\u00e9passer pour s&#8217;unir. Au risque d&#8217;avoir cinq listes de gauche en dessous des 10%. <em>Regards<\/em> publie cette tribune des &#8220;Jeunes g\u00e9n\u00e9ration.s&#8221; : <em>\u00ab pour une victoire europ\u00e9enne de la gauche et des \u00e9cologistes \u00bb<\/em>.<\/p>\n","protected":false},"author":1,"featured_media":0,"comment_status":"open","ping_status":"open","sticky":false,"template":"","format":"standard","meta":{"_themeisle_gutenberg_block_has_review":false,"footnotes":""},"categories":[278],"tags":[507,295],"class_list":["post-11478","post","type-post","status-publish","format-standard","hentry","category-tribunes","tag-europeennes-2019","tag-nupes"],"_links":{"self":[{"href":"https:\/\/archives.regards.fr\/index.php?rest_route=\/wp\/v2\/posts\/11478","targetHints":{"allow":["GET"]}}],"collection":[{"href":"https:\/\/archives.regards.fr\/index.php?rest_route=\/wp\/v2\/posts"}],"about":[{"href":"https:\/\/archives.regards.fr\/index.php?rest_route=\/wp\/v2\/types\/post"}],"author":[{"embeddable":true,"href":"https:\/\/archives.regards.fr\/index.php?rest_route=\/wp\/v2\/users\/1"}],"replies":[{"embeddable":true,"href":"https:\/\/archives.regards.fr\/index.php?rest_route=%2Fwp%2Fv2%2Fcomments&post=11478"}],"version-history":[{"count":0,"href":"https:\/\/archives.regards.fr\/index.php?rest_route=\/wp\/v2\/posts\/11478\/revisions"}],"wp:attachment":[{"href":"https:\/\/archives.regards.fr\/index.php?rest_route=%2Fwp%2Fv2%2Fmedia&parent=11478"}],"wp:term":[{"taxonomy":"category","embeddable":true,"href":"https:\/\/archives.regards.fr\/index.php?rest_route=%2Fwp%2Fv2%2Fcategories&post=11478"},{"taxonomy":"post_tag","embeddable":true,"href":"https:\/\/archives.regards.fr\/index.php?rest_route=%2Fwp%2Fv2%2Ftags&post=11478"}],"curies":[{"name":"wp","href":"https:\/\/api.w.org\/{rel}","templated":true}]}}