{"id":11360,"date":"2018-12-05T10:30:00","date_gmt":"2018-12-05T09:30:00","guid":{"rendered":"https:\/\/wp.muchomaas.com\/article-gilets-jaunes-un-mouvement-populiste-une-crise-de-regime-un-debouche-politique\/"},"modified":"2023-06-23T23:33:01","modified_gmt":"2023-06-23T21:33:01","slug":"article-gilets-jaunes-un-mouvement-populiste-une-crise-de-regime-un-debouche-politique","status":"publish","type":"post","link":"https:\/\/archives.regards.fr\/?p=11360","title":{"rendered":"Gilets jaunes\u00a0: un mouvement populiste, une crise de r\u00e9gime, un d\u00e9bouch\u00e9 politique incertain"},"content":{"rendered":"<p class=\"post_excerpt\">Pr\u00e8s d\u2019un mois apr\u00e8s le d\u00e9but du mouvement des &#8220;gilets jaunes&#8221;, intellectuels, artistes, politiques, syndicalistes et personnalit\u00e9s de la soci\u00e9t\u00e9 civile donnent \u00e0 <em>Regards<\/em> leur lecture de ce soul\u00e8vement populaire.<\/p>\n<p>Un cyclone traverse la France. Surgis en dehors des partis politiques, des organisations syndicales, mais \u00e9galement de toutes les vagues de mouvements sociaux et de leurs acteurs qui ont scand\u00e9 l\u2019histoire des vingt-cinq derni\u00e8res ann\u00e9es de notre pays, les gilets jaunes ont fait irruption sur la sc\u00e8ne nationale avec l\u2019\u00e9nergie d\u2019une force sociale brute aliment\u00e9e par l\u2019accumulation longue des col\u00e8res populaires contre le pouvoir \u2013 ses abus r\u00e9p\u00e9t\u00e9s contre leurs conditions de vie et ses faveurs ostentatoires et permanentes pour lui-m\u00eame et ses amis.<\/p>\n<p>Cette force est rapidement devenue mouvement \u00e0 mesure qu\u2019elle s\u2019est enracin\u00e9e et d\u00e9velopp\u00e9e (\u00e0 de nouvelles personnes et \u00e0 de nouveaux secteurs militants, syndicaux et de la jeunesse significatifs), et qu\u2019elle a ouvert un espace d\u2019\u00e9laboration revendicative \u00e9largi. Dans sa nature, ce mouvement est typiquement caract\u00e9ristique de la situation &#8220;populiste&#8221;. En effet, \u00e0 partir d\u2019une r\u00e9volte inaugurale sp\u00e9cifique (contre la taxe sur les carburants), mais sans bases id\u00e9ologiques pr\u00e9d\u00e9termin\u00e9es, il articule et politise progressivement \u2013 \u00e9mergence d\u2019un &#8220;nous&#8221; actif contre un &#8220;eux&#8221; cibl\u00e9 \u2013 une s\u00e9rie de demandes d\u00e9mocratiques et sociales h\u00e9t\u00e9rog\u00e8nes existantes dans la soci\u00e9t\u00e9 (souverainet\u00e9 populaire, justice fiscale et sociale, services publics, pouvoir d\u2019achat, emploi, etc.), non prises en charge par l\u2019Etat et les structures repr\u00e9sentatives.<\/p>\n<p>&nbsp;<\/p>\n<p>\n<strong>LIRE AUSSI SUR REGARDS.FR<br \/>\n>><\/strong> <em><a href=\"https:\/\/wp.muchomaas.com\/societe\/article\/gilets-jaunes-que-la-colere-se-mue-en-esperance\">Gilets jaunes : que la col\u00e8re se mue en esp\u00e9rance<\/a><\/em><br \/>\npar Cl\u00e9mentine Autain<\/p>\n<p>&nbsp;<\/p>\n<p>Constitu\u00e9s autour des franges populaires des classes moyennes l\u00e9s\u00e9es, d\u00e9trouss\u00e9es et humili\u00e9es par trente-cinq ans de politiques n\u00e9olib\u00e9rales impuls\u00e9es par des gouvernements de gauche comme de droite en faveur des int\u00e9r\u00eats des classes dominantes et dirigeantes \u2013 l\u2019oligarchie \u2013, les gilets jaunes incarnent fi\u00e9vreusement un moment de crise d\u00e9mocratique.<\/p>\n<p>Puissants dans les territoires fran\u00e7ais d\u00e9vitalis\u00e9s par la mondialisation, ils r\u00e9v\u00e8lent la d\u00e9saffiliation de la population avec ses organisations et institutions de repr\u00e9sentation habituelles et annoncent l\u2019arriv\u00e9e ou l\u2019\u00e9clatement d\u2019une crise de r\u00e9gime. Mouvement destituant (&#8220;Macron d\u00e9mission&#8221;) situ\u00e9 en dehors des cadres politiques et sociaux ant\u00e9rieurs, il est le n\u00e9gatif incandescent d\u2019un syst\u00e8me politique et de pouvoirs arrogant incapable, prisonnier qu\u2019il est d\u2019un syst\u00e8me \u00e9conomique et financier international en crise qu\u2019il a contribu\u00e9 \u00e0 b\u00e2tir et qu\u2019il d\u00e9fend, de solutionner les probl\u00e8mes concrets de secteurs entiers de la population.<\/p>\n<blockquote><p>De &#8220;destituant&#8221;, ce mouvement pourra-t-il devenir porteur d\u2019un projet politique int\u00e9gral ? Ses membres rejoindraient-ils alors l\u2019offre politique contestataire existante \u2013 de gauche ou de droite \u2013 pour le faire advenir ? Ou d\u00e9cideront-ils de s\u2019auto-instituer en nouveau mouvement politique\u00a0?<\/p><\/blockquote>\n<p>Ce mouvement pr\u00e9sente d\u00e9j\u00e0 un premier bilan provisoire et indique la profondeur de la crise multiforme (\u00e9conomique, sociale, d\u00e9mocratique) qui traverse la France et, au-del\u00e0, toutes les soci\u00e9t\u00e9s europ\u00e9ennes. Tout d\u2019abord, il a replac\u00e9 au c\u0153ur de l\u2019agenda politique national la question sociale (y compris dans son articulation avec la question environnementale) et d\u00e9mocratique (qui d\u00e9cide, et pour qui\u00a0?). Ce faisant, il ouvre une nouvelle bataille ind\u00e9cise entre des r\u00e9ponses &#8220;de gauche&#8221; \u2013 justice, \u00e9galit\u00e9, approfondissement d\u00e9mocratique \u2013 et &#8220;de droite&#8221; \u2013 baisse des imp\u00f4ts et des d\u00e9penses publiques, libert\u00e9 \u00e9conomique sans entraves, r\u00e9gime bonapartiste \u2013 \u00e0 ces questions. L\u2019orientation du mouvement vers un type de r\u00e9ponses ou un autre pr\u00e9cisera sa v\u00e9ritable nature politique. Ensuite, il a oblig\u00e9 le gouvernement a reculer partiellement (moratoire sur la hausse des taxes sur les carburants pendant six mois et suspension de la hausse du tarif de l\u2019\u00e9lectricit\u00e9 jusqu\u2019\u00e0 mai 2019) devant sa d\u00e9termination, rappelant la puissance du mouvement populaire organis\u00e9. <\/p>\n<p>Mais ce mouvement est d\u2019ores et d\u00e9j\u00e0 confront\u00e9 \u00e0 de nouvelles questions, et en pose \u00e9galement aux forces politiques existantes, notamment \u00e0 gauche. Sa coh\u00e9rence, son \u00e9largissement et son endurance d\u00e9pendront de sa capacit\u00e9 \u00e0 s\u2019organiser et \u00e0 conserver le soutien d\u2019une majorit\u00e9 de fran\u00e7ais. O\u00f9 le m\u00e8nera ce processus incertain\u00a0? De &#8220;destituant&#8221;, ce mouvement pourra-t-il devenir porteur d\u2019un projet politique int\u00e9gral (projet de soci\u00e9t\u00e9, action institutionnelle)\u00a0? Ses membres rejoindraient-ils alors l\u2019offre politique contestataire existante \u2013 de gauche ou de droite \u2013 pour le faire advenir ? C\u2019est peu probable. D\u00e9cideront-ils alors (tous ou une partie d\u2019entre eux, divisant ainsi le mouvement) de s\u2019auto-instituer en nouveau mouvement politique s\u2019inspirant de l\u2019exp\u00e9rience pionni\u00e8re du Mouvement 5 \u00e9toiles en Italie\u00a0? Le mouvement des gilets jaunes en pr\u00e9sente d\u00e9j\u00e0 quelques caract\u00e9ristiques (base sociale ; transversalit\u00e9 id\u00e9ologique\u00a0; d\u00e9fiance contre la classe politique, les partis de gauche et de droite, l\u2019Etat\u00a0; mode d\u2019organisation\u00a0; exigence de d\u00e9mocratie directe\u00a0; espace de catharsis collective, etc.). Une telle perspective bouleverserait \u00e0 coup s\u00fbr les \u00e9quilibres et l\u2019avenir politiques de la France. Mais constituerait-elle spontan\u00e9ment une bonne nouvelle pour les forces de gauche agissantes aujourd\u2019hui dans le champ politique national\u00a0? Quelle strat\u00e9gie peuvent-elles d\u2019ores et d\u00e9j\u00e0 d\u00e9velopper face \u00e0 une telle \u00e9ventualit\u00e9 ?<\/p>\n<p>&nbsp;<\/p>\n<p>\n<strong><a href=\"https:\/\/wp.muchomaas.com\/auteur\/christophe-ventura\">Christophe Ventura<\/a>,<br \/>\nr\u00e9dacteur en chef du site <a href=\"http:\/\/www.medelu.org\">M\u00e9moire des luttes<\/a><br \/>\net chercheur en relations internationales<\/strong><\/p>\n<p>&nbsp;<\/p>\n<p><strong><em>Retrouvez l&#8217;ensemble<br \/> <br \/>\ndes tribunes<br \/> <br \/>\nci-dessous<\/strong><\/em><br \/>\n-><a href=\"https:\/\/wp.muchomaas.com\/societe\/article\/gilets-jaunes-que-la-colere-se-mue-en-esperance\">Cl\u00e9mentine Autain<\/a><br \/>\n-><a href=\"https:\/\/wp.muchomaas.com\/societe\/article\/ok-tribune-le-risque-est-reel-de-voir-la-contestation-se-droitiser\">Bertrand Badie<\/a><br \/>\n-><a href=\"https:\/\/wp.muchomaas.com\/societe\/article\/ludivine-bantigny\">Ludivine Bantigny<\/a><br \/>\n-><a href=\"https:\/\/wp.muchomaas.com\/societe\/article\/ok-tribune-ce-mouvement-populaire-ressemble-a-la-france-tout-simplement\">Esther Benbassa<\/a><br \/>\n-><a href=\"https:\/\/wp.muchomaas.com\/societe\/article\/crepuscule-du-parlementarisme\">Alain Bertho<\/a><br \/>\n-><a href=\"https:\/\/wp.muchomaas.com\/societe\/article\/macron-demission-est-une-revendication-sociale\">Laurent Binet<\/a><br \/>\n-><a href=\"https:\/\/wp.muchomaas.com\/societe\/article\/nous-touchons-ici-aux-grands-evenements\">Thomas Branthome<\/a><br \/>\n-><a href=\"https:\/\/wp.muchomaas.com\/politique\/article\/tribune-gilets-jaunes-des-ronds-point\">Paul Chemetov<\/a><br \/>\n-><a href=\"https:\/\/wp.muchomaas.com\/societe\/article\/la-colere-populaire-n-est-jamais-elegante\">Rokhaya Diallo<\/a><br \/>\n-><a href=\"https:\/\/wp.muchomaas.com\/societe\/article\/tribune-gilets-jaunes-nos-echecs-repetes-notre-impuissance-ont-beaucoup-affecte\">Bernard Friot<\/a><br \/>\n-><a href=\"https:\/\/wp.muchomaas.com\/societe\/article\/pierre-khalfa\">Pierre Khalfa<\/a><br \/>\n-><a href=\"https:\/\/wp.muchomaas.com\/societe\/article\/ok-tribune-les-gilets-jaunes-deja-ont-acquis-la-liberte-celle-d-exister-de-se\">Philippe Panerai<\/a><br \/>\n-><a href=\"https:\/\/wp.muchomaas.com\/societe\/article\/gilets-jaunes-une-colere-qui-merite-une-reponse-collective-a-gauche\">Thomas Porcher et Farid Benlagha<\/a><br \/>\n-><a href=\"https:\/\/wp.muchomaas.com\/societe\/article\/m-foulon-a-ete-pendu-hier-par-arret-du-peuple\">Olivier Tonneau<\/a><br \/>\n-><a href=\"https:\/\/wp.muchomaas.com\/societe\/article\/les-gilets-jaunes-un-mouvement-populiste-une-crise-de-regime-un-debouche\">Christophe Ventura<\/a><br \/>\n-><a href=\"https:\/\/wp.muchomaas.com\/societe\/article\/ok-tribune-gilets-jaunes-et-si-nous-reinventions-la-dialectique\">Dominique Vidal<\/a><br \/>\n-><a href=\"https:\/\/wp.muchomaas.com\/societe\/article\/la-republique-en-marge\">Arnaud Viviant<\/a><div id='gallery-1' class='gallery galleryid-11360 gallery-columns-3 gallery-size-thumbnail'><figure class='gallery-item'>\n\t\t\t<div class='gallery-icon landscape'>\n\t\t\t\t<a href='https:\/\/archives.regards.fr\/wp-content\/uploads\/2018\/12\/cv-1a1.png'><img loading=\"lazy\" decoding=\"async\" width=\"150\" height=\"150\" src=\"https:\/\/archives.regards.fr\/wp-content\/uploads\/2018\/12\/cv-1a1-150x150.png\" class=\"attachment-thumbnail size-thumbnail\" alt=\"cv.png\" \/><\/a>\n\t\t\t<\/div><\/figure>\n\t\t<\/div>\n<\/p>\n","protected":false},"excerpt":{"rendered":"<p>Pr\u00e8s d\u2019un mois apr\u00e8s le d\u00e9but du mouvement des &#8220;gilets jaunes&#8221;, intellectuels, artistes, politiques, syndicalistes et personnalit\u00e9s de la soci\u00e9t\u00e9 civile donnent \u00e0 <em>Regards<\/em> leur lecture de ce soul\u00e8vement populaire.<\/p>\n","protected":false},"author":1,"featured_media":26920,"comment_status":"open","ping_status":"open","sticky":false,"template":"","format":"standard","meta":{"_themeisle_gutenberg_block_has_review":false,"footnotes":""},"categories":[278],"tags":[359,511],"class_list":["post-11360","post","type-post","status-publish","format-standard","has-post-thumbnail","hentry","category-tribunes","tag-exclure-de-la-home","tag-gilets-jaunes"],"_links":{"self":[{"href":"https:\/\/archives.regards.fr\/index.php?rest_route=\/wp\/v2\/posts\/11360","targetHints":{"allow":["GET"]}}],"collection":[{"href":"https:\/\/archives.regards.fr\/index.php?rest_route=\/wp\/v2\/posts"}],"about":[{"href":"https:\/\/archives.regards.fr\/index.php?rest_route=\/wp\/v2\/types\/post"}],"author":[{"embeddable":true,"href":"https:\/\/archives.regards.fr\/index.php?rest_route=\/wp\/v2\/users\/1"}],"replies":[{"embeddable":true,"href":"https:\/\/archives.regards.fr\/index.php?rest_route=%2Fwp%2Fv2%2Fcomments&post=11360"}],"version-history":[{"count":0,"href":"https:\/\/archives.regards.fr\/index.php?rest_route=\/wp\/v2\/posts\/11360\/revisions"}],"wp:featuredmedia":[{"embeddable":true,"href":"https:\/\/archives.regards.fr\/index.php?rest_route=\/wp\/v2\/media\/26920"}],"wp:attachment":[{"href":"https:\/\/archives.regards.fr\/index.php?rest_route=%2Fwp%2Fv2%2Fmedia&parent=11360"}],"wp:term":[{"taxonomy":"category","embeddable":true,"href":"https:\/\/archives.regards.fr\/index.php?rest_route=%2Fwp%2Fv2%2Fcategories&post=11360"},{"taxonomy":"post_tag","embeddable":true,"href":"https:\/\/archives.regards.fr\/index.php?rest_route=%2Fwp%2Fv2%2Ftags&post=11360"}],"curies":[{"name":"wp","href":"https:\/\/api.w.org\/{rel}","templated":true}]}}