{"id":11358,"date":"2018-12-04T12:13:00","date_gmt":"2018-12-04T11:13:00","guid":{"rendered":"https:\/\/wp.muchomaas.com\/article-piscine-vaisselle-et-salle-des-fetes-en-six-mois-les-macron-ont-depense-plus-d\/"},"modified":"2018-12-04T12:13:00","modified_gmt":"2018-12-04T11:13:00","slug":"article-piscine-vaisselle-et-salle-des-fetes-en-six-mois-les-macron-ont-depense-plus-d","status":"publish","type":"post","link":"https:\/\/archives.regards.fr\/?p=11358","title":{"rendered":"Piscine, vaisselle et salle des f\u00eates : en six mois, les Macron ont d\u00e9pens\u00e9 plus d\u2019un million d\u2019euros"},"content":{"rendered":"<p class=\"post_excerpt\">Difficile d\u2019\u00eatre le &#8220;Pr\u00e9sident des riches&#8221; sans sortir le ch\u00e9quier \u00e0 tout bout de champ. Entre plaisir \u00e9go\u00efste et prestige de la France, Emmanuel et Brigitte Macron ne sont jamais \u00e0 court d\u2019id\u00e9es quand il s\u2019agit de d\u00e9penser.<\/p>\n<p>Vous vous souvenez du coup de la vaisselle de l\u2019Elys\u00e9e ?<\/p>\n<p>En juin dernier, <em>Le Canard encha\u00een\u00e9<\/em> d\u00e9voilait que le &#8220;Palais&#8221; avait pass\u00e9 commande \u00e0 la manufacture de S\u00e8vres : 1200 pi\u00e8ces de vaisselle pour la coquette somme de 500.000 euros. Benjamin Griveaux, porte-parole du gouvernement \u2013 qui n\u2019est donc pas du tout porte-parole de la pr\u00e9sidence \u2013 justifiait alors cette d\u00e9pense <a href=\"https:\/\/wp.muchomaas.com\/politique\/article\/griveaux-justifie-les-500-000-euros-de-vaisselle-de-l-elysee-ca-n-a-pas-ete\">en ces termes<\/a> :<\/p>\n<blockquote><p>\u00ab Le pr\u00e9sident de la R\u00e9publique proc\u00e8de \u00e0 une commande publique qui permet de recevoir \u00e0 la hauteur des personnalit\u00e9s qui d\u00e9filent \u00e0 l\u2019Elys\u00e9e [\u2026] Une commande a \u00e9t\u00e9 faite pour changer le service dans sa totalit\u00e9, cela n\u2019avait pas \u00e9t\u00e9 fait depuis le pr\u00e9sident Ren\u00e9 Coty. \u00bb<\/p><\/blockquote>\n<p><em>Fake news !<\/em>, comme dirait un c\u00e9l\u00e8bre animateur de t\u00e9l\u00e9r\u00e9alit\u00e9 am\u00e9ricain, car Jacques Chirac avait d\u00e9j\u00e0 proc\u00e9d\u00e9 au remplacement de la fa\u00efence \u00e9lys\u00e9enne.<\/p>\n<p>&nbsp;<\/p>\n<p>\n<strong>LIRE AUSSI SUR REGARDS.FR<br \/>\n>><\/strong> <em><a href=\"https:\/\/wp.muchomaas.com\/politique\/article\/toujours-plus-d-inegalites-et-encore-moins-d-ecologie-emmanuel-macron-maintient\">Plus d\u2019in\u00e9galit\u00e9s et moins d\u2019\u00e9cologie : Macron garde le cap<\/a><\/em><\/p>\n<p>&nbsp;<\/p>\n<p>Vous vous souvenez du coup de la piscine du fort de Br\u00e9gan\u00e7on ?<\/p>\n<p>Fin juin dernier, le couple pr\u00e9sidentiel pr\u00e9f\u00e9rant l\u2019eau chlor\u00e9e au sel de mer, l\u2019Elys\u00e9e a d\u00e9bours\u00e9 <a href=\"https:\/\/www.lejdd.fr\/politique\/macron-on-connait-les-dimensions-de-la-piscine-de-bregancon-a-34000-euros-3691805\">34.000 euros pour faire installer une piscine<\/a> dans son refuge estival. Tout \u00e7a pour qu\u2019Emmanuel Macron sorte \u00e0 un badaud quelques semaines plus tard : <em>\u00ab Je n&#8217;aime pas les piscines, je pr\u00e9f\u00e8re mille fois la mer \u00bb<\/em>. <a href=\"https:\/\/www.youtube.com\/watch?v=IS1XtHcBOW8&#038;list=PLJjNfOGIs5-vmmGq_ZTjTz5PZIEAO_l9b\">Le m\u00e9pris<\/a>, d\u00e9finition.<\/p>\n<h2>Macron, r\u00e9fection !<\/h2>\n<p>Et depuis ? Eh bien, le 23 novembre dernier, Emmanuel Macron a d\u00e9cid\u00e9 de faire quelques <a href=\"http:\/\/www.leparisien.fr\/politique\/travaux-a-l-elysee-la-salle-des-fetes-vire-du-rouge-au-gris-23-09-2018-7899426.php\">r\u00e9fections dans la salle des f\u00eates de l\u2019Elys\u00e9e<\/a>, mais aussi dans le jardin d&#8217;hiver et le salon Napol\u00e9on III. Co\u00fbt des travaux : 500.000 euros. Une bagatelle quand on s\u2019appelle France ! <a href=\"https:\/\/www.liberation.fr\/checknews\/2018\/11\/27\/macron-va-t-il-faire-changer-le-decor-de-la-salle-des-fetes-de-l-elysee-pour-500-000-euros_1694514\">\u00c0 <em>Lib\u00e9ration<\/em><\/a>, l\u2019Elys\u00e9e justifie ces d\u00e9penses :<\/p>\n<blockquote><p>\u00ab C\u2019\u00e9tait difficile de prendre la d\u00e9cision de fermer pendant un mois cette salle, de ne pas pouvoir l\u2019utiliser, mais les travaux \u00e9taient absolument n\u00e9cessaires. Le pr\u00e9sident a pris cette responsabilit\u00e9. Ce qui aujourd\u2019hui co\u00fbte plusieurs centaines de milliers d\u2019euros aurait co\u00fbt\u00e9 demain le double. \u00bb<\/p><\/blockquote>\n<p><a href=\"http:\/\/premium.lefigaro.fr\/culture\/2018\/11\/20\/03004-20181120ARTFIG00302-emmanuel-macron-engage-les-travaux-dans-la-salle-des-fetes-de-l-elysee.php\">Pr\u00e9cision importante<\/a> faite par <em>Le Figaro<\/em> : <em>\u00ab La nouveaut\u00e9 d\u00e9corative sera de taille : rideaux et moquette version 2019 puiseront dans des teintes gris et beige nettement plus contemporaines et, surtout, plus lumineuses \u00bb<\/em>. Au journal <em>Le Monde<\/em>, c\u2019est <a href=\"https:\/\/www.lemonde.fr\/politique\/article\/2018\/11\/30\/brigitte-macron-veut-depoussierer-les-365-pieces-de-l-elysee_5390776_823448.html\">Brigitte Macron qui y va de son commentaire<\/a> : <em>\u00ab On va all\u00e9ger, \u00e9purer. Il faut que la lumi\u00e8re entre. \u00bb<\/em><\/p>\n<p>Nous, on ne r\u00e9siste pas \u00e0 l\u2019id\u00e9e de ressortir des fagots cette <a href=\"https:\/\/wp.muchomaas.com\/politique\/article\/salauds-de-pauvres-la-complainte-de-l-homme-blanc-presidentiel\">citation d\u2019Emmanuel Macron<\/a> <em>himself<\/em> :<\/p>\n<blockquote><p>\u00ab On met un pognon de dingue dans les minimas sociaux et les gens ne s\u2019en sortent pas. Les gens pauvres restent pauvres, ceux qui tombent pauvres restent pauvres. \u00bb<\/p><\/blockquote>\n<p>Surtout n\u2019y voyez aucun rapport avec les <a href=\"https:\/\/wp.muchomaas.com\/mot\/gilets-jaunes\">gilets jaunes<\/a>.<\/p>\n<p>&nbsp;<\/p>\n<p>\n<a href=\"https:\/\/wp.muchomaas.com\/auteur\/loic-le-clerc\"><strong>Lo\u00efc Le Clerc<\/strong><\/a><\/p>\n","protected":false},"excerpt":{"rendered":"<p>Difficile d\u2019\u00eatre le &#8220;Pr\u00e9sident des riches&#8221; sans sortir le ch\u00e9quier \u00e0 tout bout de champ. Entre plaisir \u00e9go\u00efste et prestige de la France, Emmanuel et Brigitte Macron ne sont jamais \u00e0 court d\u2019id\u00e9es quand il s\u2019agit de d\u00e9penser.<\/p>\n","protected":false},"author":1203,"featured_media":0,"comment_status":"open","ping_status":"open","sticky":false,"template":"","format":"standard","meta":{"_themeisle_gutenberg_block_has_review":false,"footnotes":""},"categories":[6],"tags":[487],"class_list":["post-11358","post","type-post","status-publish","format-standard","hentry","category-actu","tag-emmanuel-macron"],"_links":{"self":[{"href":"https:\/\/archives.regards.fr\/index.php?rest_route=\/wp\/v2\/posts\/11358","targetHints":{"allow":["GET"]}}],"collection":[{"href":"https:\/\/archives.regards.fr\/index.php?rest_route=\/wp\/v2\/posts"}],"about":[{"href":"https:\/\/archives.regards.fr\/index.php?rest_route=\/wp\/v2\/types\/post"}],"author":[{"embeddable":true,"href":"https:\/\/archives.regards.fr\/index.php?rest_route=\/wp\/v2\/users\/1203"}],"replies":[{"embeddable":true,"href":"https:\/\/archives.regards.fr\/index.php?rest_route=%2Fwp%2Fv2%2Fcomments&post=11358"}],"version-history":[{"count":0,"href":"https:\/\/archives.regards.fr\/index.php?rest_route=\/wp\/v2\/posts\/11358\/revisions"}],"wp:attachment":[{"href":"https:\/\/archives.regards.fr\/index.php?rest_route=%2Fwp%2Fv2%2Fmedia&parent=11358"}],"wp:term":[{"taxonomy":"category","embeddable":true,"href":"https:\/\/archives.regards.fr\/index.php?rest_route=%2Fwp%2Fv2%2Fcategories&post=11358"},{"taxonomy":"post_tag","embeddable":true,"href":"https:\/\/archives.regards.fr\/index.php?rest_route=%2Fwp%2Fv2%2Ftags&post=11358"}],"curies":[{"name":"wp","href":"https:\/\/api.w.org\/{rel}","templated":true}]}}