{"id":11354,"date":"2018-12-05T10:30:00","date_gmt":"2018-12-05T09:30:00","guid":{"rendered":"https:\/\/wp.muchomaas.com\/article-gilets-jaunes-des-ronds-point\/"},"modified":"2023-06-23T23:32:59","modified_gmt":"2023-06-23T21:32:59","slug":"article-gilets-jaunes-des-ronds-point","status":"publish","type":"post","link":"https:\/\/archives.regards.fr\/?p=11354","title":{"rendered":"Gilets jaunes : des ronds\u00a0? Point\u00a0!"},"content":{"rendered":"<p class=\"post_excerpt\">Pr\u00e8s d\u2019un mois apr\u00e8s le d\u00e9but du mouvement des &#8220;gilets jaunes&#8221;, intellectuels, artistes, politiques, syndicalistes et personnalit\u00e9s de la soci\u00e9t\u00e9 civile donnent \u00e0 <em>Regards<\/em> leur lecture de ce soul\u00e8vement populaire.<\/p>\n<p>Gilets jaunes : des ronds ? Point ! Cette question r\u00e9p\u00e9t\u00e9e en boucle et cette r\u00e9ponse, d\u2019un autre temps, r\u00e9sumeraient-elles ce qui se joue chaque jour aux quatre coins du pays et se montre sur les \u00e9crans des t\u00e9l\u00e9visions\u00a0familiales : des feux (de joie\u00a0?) et des gilets (jaunes\u00a0!).<\/p>\n<p>Il y a quelque temps, <em>T\u00e9l\u00e9rama<\/em> titrait son enqu\u00eate sur les p\u00e9riph\u00e9ries contemporaines\u00a0: &#8220;La France moche&#8221;\u00a0; celle des ronds-points, des supermarch\u00e9s et des lotissements pavillonnaires. C\u2019est elle qui se retrouve sur le seul espace public de ces non-lieux ou devant les supermarch\u00e9s, temples de la consommation.<\/p>\n<p>&nbsp;<\/p>\n<p>\n<strong>LIRE AUSSI SUR REGARDS.FR<br \/>\n>><\/strong> <em><a href=\"https:\/\/wp.muchomaas.com\/societe\/article\/gilets-jaunes-que-la-colere-se-mue-en-esperance\">Gilets jaunes : que la col\u00e8re se mue en esp\u00e9rance<\/a><\/em><br \/>\npar Cl\u00e9mentine Autain<\/p>\n<p>&nbsp;<\/p>\n<p>\nLe choix du tout routier et du r\u00e8gne organis\u00e9 des grandes surfaces met en p\u00e9ril les commerces et les emplois du r\u00e9seau de villes de cette France, que l\u2019on dit profonde, et la prive de ses services publics de proximit\u00e9.<\/p>\n<p>Pour \u00eatre citoyen, il faut acheter. Un nouveau syst\u00e8me censitaire se met en place, celui de la d\u00e9mocratie marchande. <\/p>\n<p>Bien au-del\u00e0 du prix de l\u2019essence ou du gazole, c\u2019est la premi\u00e8re chose \u00e0 entendre\u00a0: nous sommes, nous sommes las, nous sommes l\u00e0\u00a0! Je reste \u00e9tonn\u00e9, au-del\u00e0 de l\u2019ent\u00eatement bougon quelquefois exprim\u00e9 sur les barrages, de la lucidit\u00e9 de beaucoup et de ce que disent les repr\u00e9sentants auto-d\u00e9sign\u00e9s et aussit\u00f4t d\u00e9cri\u00e9s des gilets jaunes, se jouant des pi\u00e8ges que leur tendent les rou\u00e9s qui les interrogent comme ceux qui les surplombent des hauteurs du gouvernement de la France. <\/p>\n<blockquote><p>On ne peut laisser cette p\u00e9tition dans l\u2019indicible. Soyons politiques avec les gilets jaunes.<\/p><\/blockquote>\n<p>Mais, par moment, comme dans une partie de cartes, que l\u2019on observerait \u00e0 l\u2019insu des joueurs, on a envie de crier \u2013 comme les enfants au guignol \u2013 que veut dire la l\u00e9gitimit\u00e9 d\u2019une assembl\u00e9e issue d\u2019un scrutin majoritaire\u00a0: un zest de d\u00e9mocratie\u00a0? Un pauvre reste d\u2019expression populaire.<\/p>\n<p>Ce mouvement ambigu, cette jacquerie qui d\u2019\u00e9vidence attire aussi les Dupont-la-joie, toutes sortes de provocateurs, toutes sortes d\u2019incendiaires et aussi de pilleurs, il faut les politiser.<\/p>\n<p>Pour r\u00e9pondre au peuple qui s\u2019affirme tout en cherchant ce qu\u2019il pourrait \u00eatre, il est aussi n\u00e9cessaire de repolitiser des partis hors sol et sans m\u00e9moire.<\/p>\n<p>Politiser ce moment, c\u2019est y participer, sinon cela voudrait dire que le <em>vulgum p\u00e9cus<\/em> n\u2019aurait d\u2019autre porte-voix que le Rassemblement national. De cette \u00e9motion peut surgir un homme providentiel et les grenouilles choisir leur roi\u00a0: <em>ein volk, ein reich, ein f\u00fchrer<\/em>. On ne peut laisser cette p\u00e9tition dans l\u2019indicible. Soyons politiques avec les gilets jaunes. Comment passer d\u2019une col\u00e8re sans politique \u00e0 une politique d\u00e9passant la col\u00e8re\u00a0? La politique est une invention et non une \u00e9vidence. Mais certains, d\u2019\u00e9vidence, l\u2019apprennent plus vite que d\u2019autres.<\/p>\n<p>&nbsp;<\/p>\n<p>\n<strong>Paul Chemetov,<br \/>\narchitecte, urbaniste<\/strong><\/p>\n<p>&nbsp;<\/p>\n<p><strong><em>Retrouvez l&#8217;ensemble<br \/> <br \/>\ndes tribunes<br \/> <br \/>\nci-dessous<\/strong><\/em><br \/>\n-><a href=\"https:\/\/wp.muchomaas.com\/societe\/article\/gilets-jaunes-que-la-colere-se-mue-en-esperance\">Cl\u00e9mentine Autain<\/a><br \/>\n-><a href=\"https:\/\/wp.muchomaas.com\/societe\/article\/ok-tribune-le-risque-est-reel-de-voir-la-contestation-se-droitiser\">Bertrand Badie<\/a><br \/>\n-><a href=\"https:\/\/wp.muchomaas.com\/societe\/article\/ludivine-bantigny\">Ludivine Bantigny<\/a><br \/>\n-><a href=\"https:\/\/wp.muchomaas.com\/societe\/article\/ok-tribune-ce-mouvement-populaire-ressemble-a-la-france-tout-simplement\">Esther Benbassa<\/a><br \/>\n-><a href=\"https:\/\/wp.muchomaas.com\/societe\/article\/crepuscule-du-parlementarisme\">Alain Bertho<\/a><br \/>\n-><a href=\"https:\/\/wp.muchomaas.com\/societe\/article\/macron-demission-est-une-revendication-sociale\">Laurent Binet<\/a><br \/>\n-><a href=\"https:\/\/wp.muchomaas.com\/societe\/article\/nous-touchons-ici-aux-grands-evenements\">Thomas Branthome<\/a><br \/>\n-><a href=\"https:\/\/wp.muchomaas.com\/politique\/article\/tribune-gilets-jaunes-des-ronds-point\">Paul Chemetov<\/a><br \/>\n-><a href=\"https:\/\/wp.muchomaas.com\/societe\/article\/la-colere-populaire-n-est-jamais-elegante\">Rokhaya Diallo<\/a><br \/>\n-><a href=\"https:\/\/wp.muchomaas.com\/societe\/article\/tribune-gilets-jaunes-nos-echecs-repetes-notre-impuissance-ont-beaucoup-affecte\">Bernard Friot<\/a><br \/>\n-><a href=\"https:\/\/wp.muchomaas.com\/societe\/article\/pierre-khalfa\">Pierre Khalfa<\/a><br \/>\n-><a href=\"https:\/\/wp.muchomaas.com\/societe\/article\/ok-tribune-les-gilets-jaunes-deja-ont-acquis-la-liberte-celle-d-exister-de-se\">Philippe Panerai<\/a><br \/>\n-><a href=\" https:\/\/wp.muchomaas.com\/societe\/article\/gilets-jaunes-une-colere-qui-merite-une-reponse-collective-a-gauche\">Thomas Porcher et Farid Benlagha<\/a><br \/>\n-><a href=\"https:\/\/wp.muchomaas.com\/societe\/article\/m-foulon-a-ete-pendu-hier-par-arret-du-peuple\">Olivier Tonneau<\/a><br \/>\n-><a href=\"https:\/\/wp.muchomaas.com\/societe\/article\/les-gilets-jaunes-un-mouvement-populiste-une-crise-de-regime-un-debouche\">Christophe Ventura<\/a><br \/>\n-><a href=\"https:\/\/wp.muchomaas.com\/societe\/article\/ok-tribune-gilets-jaunes-et-si-nous-reinventions-la-dialectique\">Dominique Vidal<\/a><br \/>\n-><a href=\"https:\/\/wp.muchomaas.com\/societe\/article\/la-republique-en-marge\">Arnaud Viviant<\/a><div id='gallery-1' class='gallery galleryid-11354 gallery-columns-3 gallery-size-thumbnail'><figure class='gallery-item'>\n\t\t\t<div class='gallery-icon landscape'>\n\t\t\t\t<a href='https:\/\/archives.regards.fr\/wp-content\/uploads\/2018\/12\/pc-375.png'><img loading=\"lazy\" decoding=\"async\" width=\"150\" height=\"150\" src=\"https:\/\/archives.regards.fr\/wp-content\/uploads\/2018\/12\/pc-375-150x150.png\" class=\"attachment-thumbnail size-thumbnail\" alt=\"pc.png\" \/><\/a>\n\t\t\t<\/div><\/figure>\n\t\t<\/div>\n<\/p>\n","protected":false},"excerpt":{"rendered":"<p>Pr\u00e8s d\u2019un mois apr\u00e8s le d\u00e9but du mouvement des &#8220;gilets jaunes&#8221;, intellectuels, artistes, politiques, syndicalistes et personnalit\u00e9s de la soci\u00e9t\u00e9 civile donnent \u00e0 <em>Regards<\/em> leur lecture de ce soul\u00e8vement populaire.<\/p>\n","protected":false},"author":1,"featured_media":26910,"comment_status":"open","ping_status":"open","sticky":false,"template":"","format":"standard","meta":{"_themeisle_gutenberg_block_has_review":false,"footnotes":""},"categories":[278],"tags":[359,511],"class_list":["post-11354","post","type-post","status-publish","format-standard","has-post-thumbnail","hentry","category-tribunes","tag-exclure-de-la-home","tag-gilets-jaunes"],"_links":{"self":[{"href":"https:\/\/archives.regards.fr\/index.php?rest_route=\/wp\/v2\/posts\/11354","targetHints":{"allow":["GET"]}}],"collection":[{"href":"https:\/\/archives.regards.fr\/index.php?rest_route=\/wp\/v2\/posts"}],"about":[{"href":"https:\/\/archives.regards.fr\/index.php?rest_route=\/wp\/v2\/types\/post"}],"author":[{"embeddable":true,"href":"https:\/\/archives.regards.fr\/index.php?rest_route=\/wp\/v2\/users\/1"}],"replies":[{"embeddable":true,"href":"https:\/\/archives.regards.fr\/index.php?rest_route=%2Fwp%2Fv2%2Fcomments&post=11354"}],"version-history":[{"count":0,"href":"https:\/\/archives.regards.fr\/index.php?rest_route=\/wp\/v2\/posts\/11354\/revisions"}],"wp:featuredmedia":[{"embeddable":true,"href":"https:\/\/archives.regards.fr\/index.php?rest_route=\/wp\/v2\/media\/26910"}],"wp:attachment":[{"href":"https:\/\/archives.regards.fr\/index.php?rest_route=%2Fwp%2Fv2%2Fmedia&parent=11354"}],"wp:term":[{"taxonomy":"category","embeddable":true,"href":"https:\/\/archives.regards.fr\/index.php?rest_route=%2Fwp%2Fv2%2Fcategories&post=11354"},{"taxonomy":"post_tag","embeddable":true,"href":"https:\/\/archives.regards.fr\/index.php?rest_route=%2Fwp%2Fv2%2Ftags&post=11354"}],"curies":[{"name":"wp","href":"https:\/\/api.w.org\/{rel}","templated":true}]}}