{"id":11282,"date":"2018-10-30T13:54:57","date_gmt":"2018-10-30T12:54:57","guid":{"rendered":"https:\/\/wp.muchomaas.com\/article-inch-allah-quoi-de-plus-vendeur-que-l-islam-et-le-93\/"},"modified":"2023-06-23T23:31:55","modified_gmt":"2023-06-23T21:31:55","slug":"article-inch-allah-quoi-de-plus-vendeur-que-l-islam-et-le-93","status":"publish","type":"post","link":"https:\/\/archives.regards.fr\/?p=11282","title":{"rendered":"Inch\u2019Allah : quoi de plus vendeur que l\u2019islam et le 93 ?"},"content":{"rendered":"<p class=\"post_excerpt\">G\u00e9rard Davet et Fabrice Lhomme viennent de publier <em>Inch\u2019Allah, l\u2019islamisation \u00e0 visage d\u00e9couvert<\/em>, \u00e9crit avec cinq \u00e9tudiants en journalisme. Un livre sans r\u00e9v\u00e9lation, qui reprend point apr\u00e8s point tous les clich\u00e9s sur la Seine-Saint-Denis.<\/p>\n<p>Imaginez, demain, sort dans toutes les bonnes librairies de France et de Navarre ce livre : <em>Mazel Tov, le sionisme \u00e0 visage d\u00e9couvert<\/em>, suivi de ce sous-titre : &#8220;Une enqu\u00eate spotlight dans le Marais&#8221;. On entend d\u00e9j\u00e0 la Licra \u00e9crire un communiqu\u00e9 pour d\u00e9noncer un antis\u00e9mitisme primaire, ordinaire, dangereux.<\/p>\n<p>Mais ce livre ne sera jamais \u00e9crit. Et heureusement !<\/p>\n<p>C\u2019est un autre qui attire notre attention, dont voil\u00e0 le v\u00e9ritable titre : <em>Inch\u2019Allah, l\u2019islamisation \u00e0 visage d\u00e9couvert<\/em>, et le sous-titre : <em>\u00ab Une enqu\u00eate spotlight en Seine-Saint-Denis \u00bb<\/em>.<\/p>\n<p>L\u2019islam, cette religion diff\u00e9rente des autres dans notre R\u00e9publique la\u00efque.<\/p>\n<p>&nbsp;<\/p>\n<p>\n<strong>LIRE AUSSI SUR REGARDS.FR<br \/>\n>><\/strong> <em><a href=\"https:\/\/wp.muchomaas.com\/politique\/article\/le-printemps-republicain-ce-boulet-aux-pieds-du-parti-socialiste\">Le Printemps r\u00e9publicain, ce boulet aux pieds du Parti socialiste<\/a><\/em><\/p>\n<p>&nbsp;<\/p>\n<p>Passons sur le qualificatif de &#8220;spotlight&#8221;, tir\u00e9 de la cellule d\u2019enqu\u00eate du <em>Boston Globe<\/em> qui r\u00e9v\u00e9la en 2002 un des plus gros scandales de p\u00e9dophilie dans l&#8217;\u00c9glise catholique. Modestie, quand tu nous tiens.<\/p>\n<p>Cet ouvrage, c\u2019est le nouveau &#8220;pari&#8221; de G\u00e9rard Davet et Fabrice Lhomme, les deux enqu\u00eateurs du journal <em>Le Monde<\/em> \u00e0 qui l\u2019on doit de nombreuses r\u00e9v\u00e9lations comme l\u2019affaire Bettencourt. Plus r\u00e9cemment, ils se sont illustr\u00e9s avec <em>Un pr\u00e9sident ne devrait pas dire \u00e7a&#8230;<\/em>, livre-confession avec Fran\u00e7ois Hollande. Un <em>best-seller<\/em>.<\/p>\n<p>Mais si l\u2019ancien Pr\u00e9sident socialiste fait vendre, il est un terreau encore plus fertile : l\u2019islam. Et, en bon journaliste, rien de tel que de passer le p\u00e9riph\u2019 pour se rendre en Seine-Saint-Denis, alias le &#8220;territoire perdu de la R\u00e9publique&#8221;.<\/p>\n<p>Vous \u00eates pr\u00eats \u00e0 ne rien apprendre de plus que les habituels clich\u00e9s sur ce d\u00e9partement ?<\/p>\n<h2>Le &#8220;9-3&#8221;, comme d\u2019hab<\/h2>\n<p>Ce livre de Davet et Lhomme a \u00e9t\u00e9 co\u00e9crit avec cinq \u00e9tudiants en journalisme du CFJ. On imagine leur excitation, pr\u00e8s d\u2019un an d\u2019enqu\u00eate avec deux rockstars du m\u00e9tier, \u00e7a claque ! Au point qu\u2019ils <a href=\"https:\/\/www.liberation.fr\/checknews\/2018\/10\/24\/a-qui-vont-revenir-les-droits-d-inch-allah-le-livre-ecrit-par-des-etudiants-et-dirige-par-davet-et-l_1686975\">ne toucheront pas un kopeck des ventes<\/a> du livre. S\u00fbrement pour mieux les pr\u00e9parer \u00e0 la pr\u00e9carit\u00e9 du m\u00e9tier de journaliste.<\/p>\n<p>Notons que, dans la pr\u00e9face, Davet et Lhomme pr\u00e9cisent qu\u2019ils ont <em>\u00ab mis un point d\u2019honneur \u00e0 ne jamais les accompagner \u00e0 un seul rendez-vous \u00bb<\/em>. Comprenez &#8220;le 93, on y est jamais all\u00e9&#8221;. Ce sont donc ces jeunes journalistes-en-devenir qui ont arpent\u00e9 les rues de la Seine-Saint-Denis, seuls.<\/p>\n<p>R\u00e9sultat : 21 portraits. Et d\u00e9j\u00e0 un premier probl\u00e8me, que soul\u00e8vent Nassira El Moaddem du <a href=\"https:\/\/www.bondyblog.fr\/reportages\/cest-chaud\/inchallah-deux-journalistes-du-monde-forment-des-etudiants-en-deformant-le-93\/\">Bondy Blog<\/a> et Fa\u00efza Zerouala de <a href=\"https:\/\/www.mediapart.fr\/journal\/france\/251018\/inch-allah-deux-journalistes-forment-des-etudiants-en-deformant-le-93\">Mediapart<\/a> :<\/p>\n<blockquote><p>\u00ab Les jeunes reporters [\u2026] ont privil\u00e9gi\u00e9 le terrain, multipli\u00e9 les entretiens, pr\u00e8s de 200 selon leur comptage ; mais la difficult\u00e9 de la requ\u00eate \u2013 ne serait-ce que du fait de leur manque d\u2019exp\u00e9rience et de carnet d\u2019adresses \u2013 les a men\u00e9s \u00e0 interroger toutes les figures habituelles sur le sujet. Ce principe gouverne l\u2019ensemble de cet essai, o\u00f9 la quasi-totalit\u00e9 des informations publi\u00e9es sont d\u00e9j\u00e0 connues. \u00bb<\/p><\/blockquote>\n<p>Seule &#8220;r\u00e9v\u00e9lation&#8221; de l\u2019ouvrage : <em>\u00ab Les dysfonctionnements des services de renseignements, qui ont priv\u00e9 la Seine-Saint-Denis de surveillance de l\u2019islamisme radical entre 2010 et 2013 \u00bb<\/em>, ce qui est fort int\u00e9ressant mais qui \u00e0 plus \u00e0 voir avec le fonctionnement de l\u2019Etat qu\u2019avec l\u2019islamisation du 93.<\/p>\n<p>Mais rien sur le social, l\u2019\u00e9conomique. Pas plus sur les richesses de ce d\u00e9partement. Rien non plus sur le fait que la R\u00e9publique a bel et bien d\u00e9sert\u00e9 ce territoire (et n\u2019en a pas \u00e9t\u00e9 chass\u00e9e, n\u2019en d\u00e9plaise au <a href=\"https:\/\/fr.reuters.com\/article\/topNews\/idFRKCN1MV0C6-OFRTP\">ministre de l\u2019Int\u00e9rieur qui veut le <em>\u00ab reconqu\u00e9rir \u00bb<\/em><\/a>). L\u2019\u00e9cole, les transports en commun, la sant\u00e9, la s\u00e9curit\u00e9, etc. Tout est \u00e0 l\u2019abandon. En France, les citoyens naissent libres et \u00e9gaux en droit, mais pas dans le &#8220;9-3&#8221;.<\/p>\n<p>D\u2019aucuns justifieront cet abandon par la violence des quartiers : les pompiers se font caillasser, normal qu\u2019ils ne viennent plus. Comme \u00e7a normal ? La Seine-Saint-Denis, c\u2019est plus de 1,5 millions d\u2019habitants sur 236km\u00b2. Depuis quand l\u2019Etat abandonne-t-il autant de monde, sur un si grand territoire, \u00e0 cause de faits divers ?<\/p>\n<p>Il faut \u00eatre un bien pi\u00e8tre r\u00e9publicain pour penser ainsi.<\/p>\n<h2>L\u2019\u00e9cole de l\u2019objectivit\u00e9<\/h2>\n<p>Depuis la parution du livre, Davet et Lhomme, mais aussi les cinq jeunes journalistes, font une promotion intense sur tous les plateaux de radios et de t\u00e9l\u00e9visions. Et \u00e7a paye. Une quinzaine de jours plus tard, le livre est en top des ventes. Juste devant Eric Zemmour (mais n\u2019y voyez aucune co\u00efncidence, c\u2019est &#8220;juste&#8221; l\u2019air du temps).<\/p>\n<p>&nbsp;<\/p>\n<p>\n<img loading=\"lazy\" decoding=\"async\" class=\" aligncenter size-full wp-image-26741\" src=\"https:\/\/wp.muchomaas.com\/wp-content\/uploads\/2018\/10\/meileurs_ventes_amazon-65d.png\" alt=\"meileurs_ventes_amazon.png\" align=\"center\" width=\"999\" height=\"431\" srcset=\"https:\/\/archives.regards.fr\/wp-content\/uploads\/2018\/10\/meileurs_ventes_amazon-65d.png 999w, https:\/\/archives.regards.fr\/wp-content\/uploads\/2018\/10\/meileurs_ventes_amazon-65d-300x129.png 300w, https:\/\/archives.regards.fr\/wp-content\/uploads\/2018\/10\/meileurs_ventes_amazon-65d-768x331.png 768w\" sizes=\"auto, (max-width: 999px) 100vw, 999px\" \/><\/p>\n<p>&nbsp;<\/p>\n<p>Sur le plateau de l\u2019\u00e9mission Quotidien, il n\u2019aura pas fallu cinq minutes \u00e0 G\u00e9rard Davet pour \u00e9voquer les citoyens <em>\u00ab d\u2019origine musulmane \u00bb<\/em>. Vous savez, ces gens qui viennent de &#8220;Musulmanie&#8221;, ce pays situ\u00e9 non loin du &#8220;Catholistan&#8221;.<\/p>\n<p>Il n\u2019aura pas fallu beaucoup plus de temps pour qu\u2019une source du livre, \u00e0 savoir V\u00e9ronique Decker, directrice de l&#8217;\u00e9cole \u00e9l\u00e9mentaire Marie-Curie \u00e0 Bobigny, fasse savoir qu\u2019elle <a href=\"https:\/\/www.francetvinfo.fr\/culture\/livres\/pour-buzzer-ils-ont-fait-fi-des-regles-une-directrice-d-ecole-interrogee-dans-inch-allah-s-indigne-des-conditions-d-ecriture-de-l-ouvrage_2995647.html\">conteste l\u2019utilisation de ses propos<\/a> :<\/p>\n<blockquote><p>\u00ab Le projet du livre, qui ne m&#8217;a jamais \u00e9t\u00e9 pr\u00e9sent\u00e9, est assez ouvertement islamophobe, et les anecdotes que je raconte sont compress\u00e9es et donnent l&#8217;impression que je passe ma vie \u00e0 combattre des militants religieux, ce qui n&#8217;est pas le cas. \u00bb<\/p><\/blockquote>\n<p>Le r\u00e9el probl\u00e8me de ce <em>Inch\u2019Allah, l\u2019islamisation \u00e0 visage d\u00e9couvert<\/em>, c\u2019est qu\u2019il est au journalisme ce que Lorant Deutch est \u00e0 l\u2019Histoire. Accus\u00e9s de toute part d\u2019&#8221;islamophobie&#8221;, les auteurs se d\u00e9fendent \u00e0 coups de &#8220;faits objectifs&#8221;.<\/p>\n<p>Sauf que tout bon journaliste sait (ou devrait savoir) que l\u2019objectivit\u00e9, \u00e7a n\u2019existe pas. C\u2019est comme le P\u00e8re No\u00ebl et le <a href=\"https:\/\/wp.muchomaas.com\/societe\/article\/pourquoi-le-racisme-anti-blancs-n-existe-pas\">racisme anti-blancs<\/a>. Un journaliste peut se targuer d\u2019avoir une m\u00e9thode objective \u2013 croisement des faits, multiplicit\u00e9 des sources, etc. \u2013 mais en aucun cas un article ne peut \u00eatre, lui, objectif. Les livres d\u2019Histoire ne le sont pas non plus !<\/p>\n<p><em>### Interlude technique ###<\/em><\/p>\n<p>Votre serviteur \u00e9tant lui-m\u00eame journaliste, il peut vous assurer que la carte &#8220;objectivit\u00e9&#8221; est une sorte de joker que la profession aime \u00e0 d\u00e9gainer quand elle est accul\u00e9e. Mais la base du journalisme repose sur l\u2019&#8221;angle&#8221;, soit le choix d\u2019attaque d\u2019un sujet. Ainsi, on peut choisir de traiter la Seine-Saint-Denis comme <em>Le Parisien<\/em> \u2013 du fait divers et rien que du fait divers \u2013, comme <em>Le Figaro<\/em> \u2013 o\u00f9 Saint-Denis devient <em>\u00ab Molenbeek-sur-Seine \u00bb<\/em> \u2013 ou comme le Bondy Blog \u2013 en faisant parler les habitants de leur d\u00e9partement, le tout, figurez-vous, sans devenir une officine des Fr\u00e8res musulmans ! Les trois m\u00e9dias sont objectifs, pour s\u00fbr.<\/p>\n<p><em>### Fin de l\u2019interlude technique ###<\/em><\/p>\n<p>Davet et Lhomme, sous-couvert de vendre du papier, se servent ainsi de cinq jeunes journalistes pour avancer leurs billes. Pr\u00e9jug\u00e9s, lieux-communs voire islamophobie, les jeunes, c\u2019est \u00e7a le journalisme. On gage qu\u2019ils auront tous le Prix Albert Londres apr\u00e8s \u00e7a.<\/p>\n<h2>Ils sont partout<\/h2>\n<p><em>\u00ab 700.000 musulmans sont r\u00e9pertori\u00e9s en Seine-Saint-Denis sur une population d\u20191,6 million d\u2019habitants \u00bb<\/em>, peut-on lire dans cet ouvrage. Un chiffre auquel personne ne croit, pas m\u00eame Fabrice Lhomme qui parlait d\u2019une estimation <em>\u00ab au doigt mouill\u00e9 \u00bb<\/em>, au micro de <a href=\"https:\/\/www.youtube.com\/watch?v=q5BiS0jgJaA\">France Inter le 15 octobre<\/a> dernier. Au doigt mouill\u00e9, sachant qu\u2019il y a <a href=\"https:\/\/www.francetvinfo.fr\/replay-radio\/le-vrai-du-faux\/135-nationalites-a-saint-denis-dont-une-qui-a-quasiment-disparue_1800303.html\">environ 130 nationalit\u00e9s<\/a> qui cohabitent dans le 93, on pourrait dire n\u2019importe quoi. En tout cas, <em>Valeurs actuelles<\/em> a bien saisi la perche. Voici comment commence <a href=\"https:\/\/www.valeursactuelles.com\/societe\/inchallah-une-enquete-choc-denonce-lislamisation-de-la-seine-saint-denis-99831\">sa &#8220;critique&#8221; du livre<\/a> :<\/p>\n<blockquote><p>\u00ab R\u00e9v\u00e9lations. Le rapport des deux journalistes du Monde d\u00e9crit un islam en rupture avec la soci\u00e9t\u00e9 fran\u00e7aise et ses valeurs, dans un d\u00e9partement dont la moiti\u00e9 de la population est musulmane. \u00bb<\/p><\/blockquote>\n<p>Autre exemple d\u2019approximation &#8220;objective&#8221;, Le Bondy Blog et Mediapart soulignent un aspect assez \u00e9difiant du livre. L\u2019Universit\u00e9 Paris 8, situ\u00e9e \u00e0 Saint-Denis, serait elle aussi en proie \u00e0 l\u2019&#8221;islamisation&#8221;. \u00c9tudiantes voil\u00e9es, halal \u00e0 la caf\u00e9t\u00e9ria, salle de pri\u00e8re clandestine. Autant d\u2019\u00e9l\u00e9ments avanc\u00e9s par une <em>\u00ab secr\u00e9taire \u00bb<\/em>, qui se contredit elle-m\u00eame. Apr\u00e8s enqu\u00eate, les auteurs concluent qu\u2019il n&#8217;y a rien de tel \u00e0 Paris 8. Un faux t\u00e9moignage + une v\u00e9rification infructueuse = on publie quand m\u00eame. Et quand <a href=\"https:\/\/www.bondyblog.fr\/opinions\/tribune\/inchallah-la-secretaire-de-paris-8-denonce-une-manipulation-et-un-abus-de-confiance\/\">le Bondy Blog parvient \u00e0 retrouver cette secr\u00e9taire<\/a>, qui d\u00e9nonce une <em>\u00ab manipulation \u00bb<\/em> et un <em>\u00ab abus de confiance \u00bb<\/em>, un des jeunes aspirant-journalistes <a href=\"https:\/\/twitter.com\/romaingaspar1\/status\/1056916990487658496\">balance sur Twitte<\/a>r les <em>\u00ab d\u00e9rush d&#8217;interviews \u00bb<\/em> qui n\u2019ont pas \u00e9t\u00e9 publi\u00e9s.<\/p>\n<p>On continue de discuter d\u00e9ontologie ou on s\u2019arr\u00eate-l\u00e0 ?<\/p>\n<p>Allez, une derni\u00e8re citation pour la route :<\/p>\n<blockquote><p>\u00ab De fait, consommer halal est devenu une \u00e9vidence \u00e0 Saint Denis. De fait, quasiment une obligation. \u00bb<\/p><\/blockquote>\n<p>\u00c0 croire qu\u2019il n\u2019y a pas que Davet et Lhomme qui ont <em>\u00ab mis un point d\u2019honneur \u00bb<\/em> \u00e0 ne pas se rendre sur place.<\/p>\n<p>Bref, si vous aviez aim\u00e9 le reportage de France 2 dans ce fameux <a href=\"https:\/\/www.bondyblog.fr\/enquete\/bar-pmu-de-sevran-la-contre-enquete-du-bondy-blog\/\">bar de Sevran &#8220;interdit aux femmes&#8221;<\/a> \u2013 reportage r\u00e9alis\u00e9 \u00e0 partir de vid\u00e9os de militantes mais valid\u00e9 par David Pujadas \u2013, vous allez adorer ce livre, dont le documentaire, que dis-je le <em>making-of<\/em>, est diffus\u00e9 par LCP (et produit par David Pujadas).<div id='gallery-1' class='gallery galleryid-11282 gallery-columns-3 gallery-size-thumbnail'><figure class='gallery-item'>\n\t\t\t<div class='gallery-icon landscape'>\n\t\t\t\t<a href='https:\/\/archives.regards.fr\/wp-content\/uploads\/2018\/10\/meileurs_ventes_amazon-2d4.png'><img loading=\"lazy\" decoding=\"async\" width=\"150\" height=\"150\" src=\"https:\/\/archives.regards.fr\/wp-content\/uploads\/2018\/10\/meileurs_ventes_amazon-2d4-150x150.png\" class=\"attachment-thumbnail size-thumbnail\" alt=\"meileurs_ventes_amazon.png\" \/><\/a>\n\t\t\t<\/div><\/figure><figure class='gallery-item'>\n\t\t\t<div class='gallery-icon landscape'>\n\t\t\t\t<a href='https:\/\/archives.regards.fr\/wp-content\/uploads\/2018\/10\/befunky-collage-58-52e-scaled.jpg'><img loading=\"lazy\" decoding=\"async\" width=\"150\" height=\"150\" src=\"https:\/\/archives.regards.fr\/wp-content\/uploads\/2018\/10\/befunky-collage-58-52e-150x150.jpg\" class=\"attachment-thumbnail size-thumbnail\" alt=\"befunky-collage-58.jpg\" \/><\/a>\n\t\t\t<\/div><\/figure>\n\t\t<\/div>\n<\/p>\n","protected":false},"excerpt":{"rendered":"<p>G\u00e9rard Davet et Fabrice Lhomme viennent de publier <em>Inch\u2019Allah, l\u2019islamisation \u00e0 visage d\u00e9couvert<\/em>, \u00e9crit avec cinq \u00e9tudiants en journalisme. Un livre sans r\u00e9v\u00e9lation, qui reprend point apr\u00e8s point tous les clich\u00e9s sur la Seine-Saint-Denis.<\/p>\n","protected":false},"author":1203,"featured_media":26741,"comment_status":"open","ping_status":"open","sticky":false,"template":"","format":"standard","meta":{"_themeisle_gutenberg_block_has_review":false,"footnotes":""},"categories":[10],"tags":[407,300],"class_list":["post-11282","post","type-post","status-publish","format-standard","has-post-thumbnail","hentry","category-societe","tag-religion","tag-territoires"],"_links":{"self":[{"href":"https:\/\/archives.regards.fr\/index.php?rest_route=\/wp\/v2\/posts\/11282","targetHints":{"allow":["GET"]}}],"collection":[{"href":"https:\/\/archives.regards.fr\/index.php?rest_route=\/wp\/v2\/posts"}],"about":[{"href":"https:\/\/archives.regards.fr\/index.php?rest_route=\/wp\/v2\/types\/post"}],"author":[{"embeddable":true,"href":"https:\/\/archives.regards.fr\/index.php?rest_route=\/wp\/v2\/users\/1203"}],"replies":[{"embeddable":true,"href":"https:\/\/archives.regards.fr\/index.php?rest_route=%2Fwp%2Fv2%2Fcomments&post=11282"}],"version-history":[{"count":0,"href":"https:\/\/archives.regards.fr\/index.php?rest_route=\/wp\/v2\/posts\/11282\/revisions"}],"wp:featuredmedia":[{"embeddable":true,"href":"https:\/\/archives.regards.fr\/index.php?rest_route=\/wp\/v2\/media\/26741"}],"wp:attachment":[{"href":"https:\/\/archives.regards.fr\/index.php?rest_route=%2Fwp%2Fv2%2Fmedia&parent=11282"}],"wp:term":[{"taxonomy":"category","embeddable":true,"href":"https:\/\/archives.regards.fr\/index.php?rest_route=%2Fwp%2Fv2%2Fcategories&post=11282"},{"taxonomy":"post_tag","embeddable":true,"href":"https:\/\/archives.regards.fr\/index.php?rest_route=%2Fwp%2Fv2%2Ftags&post=11282"}],"curies":[{"name":"wp","href":"https:\/\/api.w.org\/{rel}","templated":true}]}}