{"id":11280,"date":"2018-10-29T13:55:00","date_gmt":"2018-10-29T12:55:00","guid":{"rendered":"https:\/\/wp.muchomaas.com\/article-au-rassemblement-national-on-dit-non-aux-droits-de-l-homme-et-oui-a-la-peine-de\/"},"modified":"2018-10-29T13:55:00","modified_gmt":"2018-10-29T12:55:00","slug":"article-au-rassemblement-national-on-dit-non-aux-droits-de-l-homme-et-oui-a-la-peine-de","status":"publish","type":"post","link":"https:\/\/archives.regards.fr\/?p=11280","title":{"rendered":"Au Rassemblement national, on dit non aux Droits de l\u2019Homme et oui \u00e0 la peine de mort"},"content":{"rendered":"<p class=\"post_excerpt\">Apr\u00e8s l\u2019attentat contre une synagogue aux Etats-Unis, le s\u00e9nateur RN St\u00e9phane Ravier d\u00e9roule son programme : r\u00e9tablir la peine de mort et faire fi de la D\u00e9claration des Droits de l\u2019Homme et du Citoyen.<\/p>\n<p>Samedi 27 octobre, \u00e0 Pittsburgh aux Etats-Unis, un attentat dans une synagogue, perp\u00e9tr\u00e9 par un supr\u00e9matiste blanc, a fait <a href=\"https:\/\/www.francetvinfo.fr\/monde\/usa\/ce-que-l-on-sait-de-la-fusillade-dans-une-synagogue-a-pittsburgh_3006647.html\">onze morts et six bless\u00e9s<\/a>. La r\u00e9action de Donald Trump a \u00e9t\u00e9 la suivante : il faut <a href=\"https:\/\/www.marianne.net\/monde\/etats-unis-attaque-antisemite-pittsburgh-trump-veut-renforcer-la-peine-de-mort\">renforcer la peine de mort<\/a>.<\/p>\n<p>Et voil\u00e0 que ce lundi 29 octobre, un \u00e9lu fran\u00e7ais ouvre le d\u00e9bat sur la peine de mort, abolie en 1981.<\/p>\n<p>Cet \u00e9lu, c\u2019est St\u00e9phane Ravier, s\u00e9nateur du Rassemblement national (ex-Front national). Invit\u00e9 sur France Inter, il d\u00e9clare \u00e0 propos de la <em>\u00ab r\u00e9ponse \u00bb<\/em> de Donald Trump :<\/p>\n<blockquote><p>\u00ab Sa r\u00e9ponse a \u00e9t\u00e9 celle que j&#8217;attendrais d&#8217;un responsable en France : renforcer la peine de mort. \u00bb<\/p><\/blockquote>\n<p>On voit mal comment un <em>\u00ab responsable en France <\/em> \u00bb pourrait <em>\u00ab renforcer \u00bb<\/em> quelque chose qui a \u00e9t\u00e9 aboli\u2026 Et ce cadre du parti d\u2019extr\u00eame droite d\u2019ajouter :<\/p>\n<blockquote><p>\u00ab Quelle est la r\u00e9ponse d\u2019Emmanuel Macron ? Pr\u00e9server le vivre-ensemble et les grandes th\u00e9ories, les grands principes de 1789. Moi, je suis pour pr\u00e9server la vie des Fran\u00e7ais. [\u2026] Il faut savoir ce que l\u2019on veut : soit les Droits de l\u2019Homme, soit le droit des Fran\u00e7ais \u00e0 vivre en s\u00e9curit\u00e9 chez eux. \u00bb<\/p><\/blockquote>\n<p>Voil\u00e0 qui a le m\u00e9rite d\u2019\u00eatre clair.<\/p>\n<h2>Le RN n&#8217;est pas d&#8217;extr\u00eame droite<\/h2>\n<p>A noter l\u2019\u00e9l\u00e9ment de langage du jour c\u00f4t\u00e9 RN, St\u00e9phane Ravier, tout comme Wallerand de Saint-Just sur <em>franceinfo<\/em>, a jur\u00e9 <em>mordicus<\/em> qu&#8217;il n&#8217;\u00e9tait pas <em>\u00ab d&#8217;extr\u00eame droite \u00bb<\/em>. Le jour o\u00f9 le nouveau pr\u00e9sident br\u00e9silien Jair Bolsonaro est qualifi\u00e9 de &#8220;fasciste&#8221; par bons nombres d&#8217;observateurs&#8230;<\/p>\n<p>Il faut dire que le RN, <a href=\"https:\/\/twitter.com\/MLP_officiel\/status\/1056799812002156544\">Marine Le Pen en t\u00eate<\/a>, applaudit depuis cette nuit l\u2019\u00e9lection du nostalgique de la dictature br\u00e9silienne. <em>\u00ab Les Br\u00e9siliens viennent de sanctionner la corruption g\u00e9n\u00e9ralis\u00e9e et la terrifiante criminalit\u00e9 qui ont prosp\u00e9r\u00e9 sous les gouvernements d\u2019extr\u00eame-gauche \u00bb<\/em>, tweete la dirigeante du RN.<\/p>\n<p>C\u2019est juste qu\u2019ils r\u00eavent de faire de m\u00eame en France.<\/p>\n<p>&nbsp;<\/p>\n<p>\n<strong>VOIR AUSSI SUR REGARDS.FR<br \/>\n>><\/strong> <em><a href=\"https:\/\/wp.muchomaas.com\/la-midinale\/article\/christophe-ventura-le-vrai-adversaire-de-bolsonaro-ca-va-etre-le-peuple\">Christophe Ventura : \u00ab Le vrai adversaire de Bolsonaro, \u00e7a va \u00eatre le peuple \u00bb<\/a><\/em><\/p>\n<p>&nbsp;<\/p>\n<p>\n","protected":false},"excerpt":{"rendered":"<p>Apr\u00e8s l\u2019attentat contre une synagogue aux Etats-Unis, le s\u00e9nateur RN St\u00e9phane Ravier d\u00e9roule son programme : r\u00e9tablir la peine de mort et faire fi de la D\u00e9claration des Droits de l\u2019Homme et du Citoyen.<\/p>\n","protected":false},"author":1203,"featured_media":0,"comment_status":"open","ping_status":"open","sticky":false,"template":"","format":"standard","meta":{"_themeisle_gutenberg_block_has_review":false,"footnotes":""},"categories":[6],"tags":[355],"class_list":["post-11280","post","type-post","status-publish","format-standard","hentry","category-actu","tag-extreme-droite"],"_links":{"self":[{"href":"https:\/\/archives.regards.fr\/index.php?rest_route=\/wp\/v2\/posts\/11280","targetHints":{"allow":["GET"]}}],"collection":[{"href":"https:\/\/archives.regards.fr\/index.php?rest_route=\/wp\/v2\/posts"}],"about":[{"href":"https:\/\/archives.regards.fr\/index.php?rest_route=\/wp\/v2\/types\/post"}],"author":[{"embeddable":true,"href":"https:\/\/archives.regards.fr\/index.php?rest_route=\/wp\/v2\/users\/1203"}],"replies":[{"embeddable":true,"href":"https:\/\/archives.regards.fr\/index.php?rest_route=%2Fwp%2Fv2%2Fcomments&post=11280"}],"version-history":[{"count":0,"href":"https:\/\/archives.regards.fr\/index.php?rest_route=\/wp\/v2\/posts\/11280\/revisions"}],"wp:attachment":[{"href":"https:\/\/archives.regards.fr\/index.php?rest_route=%2Fwp%2Fv2%2Fmedia&parent=11280"}],"wp:term":[{"taxonomy":"category","embeddable":true,"href":"https:\/\/archives.regards.fr\/index.php?rest_route=%2Fwp%2Fv2%2Fcategories&post=11280"},{"taxonomy":"post_tag","embeddable":true,"href":"https:\/\/archives.regards.fr\/index.php?rest_route=%2Fwp%2Fv2%2Ftags&post=11280"}],"curies":[{"name":"wp","href":"https:\/\/api.w.org\/{rel}","templated":true}]}}