{"id":11236,"date":"2018-10-08T12:05:00","date_gmt":"2018-10-08T10:05:00","guid":{"rendered":"https:\/\/wp.muchomaas.com\/article-alternatiba-pour-le-sursaut-d-une-mobilisation-climatique\/"},"modified":"2023-06-23T23:31:08","modified_gmt":"2023-06-23T21:31:08","slug":"article-alternatiba-pour-le-sursaut-d-une-mobilisation-climatique","status":"publish","type":"post","link":"https:\/\/archives.regards.fr\/?p=11236","title":{"rendered":"Alternatiba : pour le sursaut d\u2019une mobilisation climatique"},"content":{"rendered":"<p class=\"post_excerpt\">\u00c0 Bayonne, cinq ans apr\u00e8s le premier village Alternatiba, plusieurs milliers de personnes ont brav\u00e9 la pluie afin de d\u00e9fendre la g\u00e9n\u00e9ralisation d\u2019alternatives concr\u00e8tes au tout carbone.<\/p>\n<p><em>\u00ab Changeons le syst\u00e8me, pas le climat \u00bb<\/em> : voici \u00e0 nouveau la th\u00e8se forte d\u00e9fendue par les organisateurs du village-Aternatiba, le 5 et 6 octobre \u00e0 Bayonne, au Pays basque. En effet, <em>\u00ab depuis la COP21, au lieu de baisser, les \u00e9missions de gaz \u00e0 effet de serre qui sont la cause principale des d\u00e9r\u00e8glements climatiques poursuivent leur escalade \u00e0 l\u2019\u00e9chelle mondiale, mais aussi en France ! \u00bb<\/em>, s\u2019inqui\u00e8te Genevi\u00e8ve Azam, \u00e9conomiste \u00e0 ATTAC. Et ceci dans un contexte o\u00f9 les d\u00e9l\u00e9gu\u00e9s des \u00c9tats de l&#8217;ONU, s\u2019appr\u00eataient \u00e0 rendre public en Cor\u00e9e du Sud le <a href=\"https:\/\/www.francetvinfo.fr\/meteo\/climat\/cop21\/rechauffement-climatique-il-faut-une-action-rapide-et-de-grande-portee-alertent-les-experts-du-giec_2975715.html\">dernier rapport du GIEC<\/a>, bas\u00e9 sur 6.000 \u00e9tudes scientifiques, concernant l\u2019impact d&#8217;un r\u00e9chauffement global de 1,5 \u00b0C.<\/p>\n<p><em> <strong>LIRE AUSSI SUR REGARDS.FR<br \/>\n>> <a href=\"https:\/\/wp.muchomaas.com\/web\/article\/le-mouvement-climatique-est-il-l\">Le mouvement climatique est-il l\u2019avenir de l\u2019anticapitalisme ?<\/a><\/strong> <\/em><\/p>\n<p><em>\u00ab Rien n\u2019est perdu, mais cela implique une transformation de fond et rapide de notre syst\u00e8me de production \u00bb<\/em>, veut croire cependant Pauline Boyer, porte-parole d\u2019Alternatiba. Ainsi, dans l\u2019espoir de remettre sur le devant de la sc\u00e8ne politique l\u2019enjeu climatique, \u00e0 c\u00f4t\u00e9 des ONG (Greenpeace, ATTAC, Les Amis de la Terre, Negawatt, R\u00e9seau Action Climat&#8230;) plusieurs hommes et femmes politiques ont tenu \u00e0 \u00eatre pr\u00e9sents ce week-end \u00e0 Bayonne : trois anciens ministres de l\u2019environnement Corinne Lepage, Yves Cochet et Delphine Batho ; Eric Piolle, le maire \u00e9cologiste de Grenoble ; la d\u00e9put\u00e9e de la France Insoumise Cl\u00e9mentine Autain ; Damien Car\u00eame, maire de Grande-Scynthe, l\u2019ex-candidat \u00e0 la pr\u00e9sidentielle Benoit Hamon ; la militante \u00e9co-socialiste Corinne Morel Darleux\u2026<\/p>\n<h2>Retour aux origines d\u2019Alternatiba<\/h2>\n<p>La tenue d\u2019un impressionnant rassemblement environnemental \u00e0 Bayonne ne tient \u00e9videmment pas au hasard : outre les inondations des grandes mar\u00e9es qui y \u00e9voquent r\u00e9guli\u00e8rement l&#8217;urgence climatique, Alternatiba, litt\u00e9ralement alternative en basque, y a \u00e9t\u00e9 impuls\u00e9 initialement par l\u2019ONG locale &#8220;Bizi !&#8221; avant d\u2019essaimer et de s\u2019imposer dans tout l\u2019hexagone comme l\u2019expression de la soci\u00e9t\u00e9 civile lors du contre-sommet climatique de la COP21 de Paris. Loin des clich\u00e9s \u00e9galement, <em>\u00ab au Pays-Basque il y a aussi un h\u00e9ritage et une pr\u00e9sence syndicaliste, tr\u00e8s importante \u00bb<\/em>, analyse la militante \u00e9co-socialiste Corinne Morel Darleux.<\/p>\n<p>V\u00e9ritable pierre angulaire du village-alternatiba, plus de cinquante tables-rondes et de d\u00e9bats r\u00e9unissaient politiques, repr\u00e9sentants d\u2019ONG et penseurs comme Paul Aries, Michel Berhocoirigoien et Pierre Larrouturou. Bien s\u00fbr, il \u00e9tait question des cons\u00e9quences politiques et \u00e9cologiques du rapport du GIEC \u00e0 venir, mais aussi, de la promotion d\u2019alternatives concr\u00e8tes et r\u00e9alisables au changement climatique en terme d\u2019agriculture paysanne, de relocalisation de la production, d\u2019\u00e9co-f\u00e9minisme, de sobri\u00e9t\u00e9 \u00e9nerg\u00e9tique, d\u2019\u00e9co-habitat, d\u2019\u00e9conomie sociale et solidaire, de monnaie locale, de solidarit\u00e9 avec les migrants, etc.<\/p>\n<p><em>\u00ab Tout est li\u00e9<\/em>, analyse Maialen, une trentenaire venue rejoindre les 500 b\u00e9n\u00e9voles sur la dur\u00e9e d\u2019Alternatiba Bayonne, <em>il y a 10 ans par exemple, la crise des subprimes a montr\u00e9 les limites d\u2019un mod\u00e8le \u00e9conomique qui repose sur l\u2019usage croissant d\u2019\u00e9nergies fossiles. \u00bb<\/em><\/p>\n<h2>Le tour des alternatives<\/h2>\n<p>Temps fort du week-end \u00e9galement, quatre mois apr\u00e8s son d\u00e9part, samedi le quartier du petit-Bayonne accueillait en fanfare l&#8217;arriv\u00e9e du Tour Alternatiba, ce tour cycliste des initiatives citoyennes pour le climat \u00e0 travers l\u2019hexagone et sur 5800 km. En effet, au fil des \u00e9tapes se sont tenues plus de 200 actions de d\u00e9sob\u00e9issance en faveur de la bio-diversit\u00e9 et du climat, 200 v\u00e9lorutions, 100 conf\u00e9rences et autant de formations \u00e0 l\u2019action non-violente. <em>\u00ab Apr\u00e8s <a href=\"https:\/\/wp.muchomaas.com\/web\/article\/faucheurs-de-chaises-le-radicalo-pragmatisme-selon-txetx-et-jon-palais\">l\u2019exp\u00e9rience des faucheurs de chaises<\/a> ou d\u2019exp\u00e9riences concr\u00e8tes non-violentes, nous mettons en pratique un peu ce que disait Saul Alinsky, c\u2019est-\u00e0-dire que c\u2019est l\u2019action qui cr\u00e9\u00e9 la conscience \u00bb<\/em>, raconte le militant de Bizi ! Jon Palais. Les v\u00e9los en tout genre du Tour Alternatiba \u00e9taient accompagn\u00e9s sur les derniers kilom\u00e8tres par la marraine de l\u2019\u00e9dition 2018, Mariama Diallo, porte-parole d\u2019Alternatiba Dakar, ou encore par C\u00e9dric Herrou et Beno\u00eet Hamon p\u00e9dalant c\u00f4te \u00e0 c\u00f4te.<\/p>\n<p>Enfin, le dimanche et en d\u00e9pit d\u2019une pluie battante, quasi d\u00e9courageante, des dizaines de stands ont \u00e9t\u00e9 malgr\u00e9 tout mont\u00e9s dans le but de faire d\u00e9couvrir et de promouvoir des solutions concr\u00e8tes en mati\u00e8re d\u2019habitat, de consommation, d\u2019alimentation, de transports. <em>\u00ab L\u2019objectif est vraiment d\u2019acc\u00e9l\u00e9rer la g\u00e9n\u00e9ralisation des alternatives afin de transformer le syst\u00e8me. C\u2019est le sens de la campagne de plaidoyers locaux que nous avons lanc\u00e9e. Baptis\u00e9e &#8220;alternatives territoriales&#8221;, elle vise \u00e0 pouvoir intervenir sur les plans climats que devront adopter les intercommunalit\u00e9s d\u2019ici la fin de l\u2019ann\u00e9e \u00bb<\/em>, annonce Txetx Etchevrry, co-fondateur d\u2019Alternatiba. Loin du fatalisme donc, de nouvelles perspectives pour la lutte climatique.<div id='gallery-1' class='gallery galleryid-11236 gallery-columns-3 gallery-size-thumbnail'><figure class='gallery-item'>\n\t\t\t<div class='gallery-icon landscape'>\n\t\t\t\t<a href='https:\/\/archives.regards.fr\/wp-content\/uploads\/2018\/10\/befunky-collage-48-99b-scaled.jpg'><img loading=\"lazy\" decoding=\"async\" width=\"150\" height=\"150\" src=\"https:\/\/archives.regards.fr\/wp-content\/uploads\/2018\/10\/befunky-collage-48-99b-150x150.jpg\" class=\"attachment-thumbnail size-thumbnail\" alt=\"befunky-collage-48.jpg\" \/><\/a>\n\t\t\t<\/div><\/figure>\n\t\t<\/div>\n<\/p>\n","protected":false},"excerpt":{"rendered":"<p>\u00c0 Bayonne, cinq ans apr\u00e8s le premier village Alternatiba, plusieurs milliers de personnes ont brav\u00e9 la pluie afin de d\u00e9fendre la g\u00e9n\u00e9ralisation d\u2019alternatives concr\u00e8tes au tout carbone.<\/p>\n","protected":false},"author":1,"featured_media":26621,"comment_status":"open","ping_status":"open","sticky":false,"template":"","format":"standard","meta":{"_themeisle_gutenberg_block_has_review":false,"footnotes":""},"categories":[18],"tags":[302,412],"class_list":["post-11236","post","type-post","status-publish","format-standard","has-post-thumbnail","hentry","category-ecologie","tag-alternatives","tag-ecologie"],"_links":{"self":[{"href":"https:\/\/archives.regards.fr\/index.php?rest_route=\/wp\/v2\/posts\/11236","targetHints":{"allow":["GET"]}}],"collection":[{"href":"https:\/\/archives.regards.fr\/index.php?rest_route=\/wp\/v2\/posts"}],"about":[{"href":"https:\/\/archives.regards.fr\/index.php?rest_route=\/wp\/v2\/types\/post"}],"author":[{"embeddable":true,"href":"https:\/\/archives.regards.fr\/index.php?rest_route=\/wp\/v2\/users\/1"}],"replies":[{"embeddable":true,"href":"https:\/\/archives.regards.fr\/index.php?rest_route=%2Fwp%2Fv2%2Fcomments&post=11236"}],"version-history":[{"count":0,"href":"https:\/\/archives.regards.fr\/index.php?rest_route=\/wp\/v2\/posts\/11236\/revisions"}],"wp:featuredmedia":[{"embeddable":true,"href":"https:\/\/archives.regards.fr\/index.php?rest_route=\/wp\/v2\/media\/26621"}],"wp:attachment":[{"href":"https:\/\/archives.regards.fr\/index.php?rest_route=%2Fwp%2Fv2%2Fmedia&parent=11236"}],"wp:term":[{"taxonomy":"category","embeddable":true,"href":"https:\/\/archives.regards.fr\/index.php?rest_route=%2Fwp%2Fv2%2Fcategories&post=11236"},{"taxonomy":"post_tag","embeddable":true,"href":"https:\/\/archives.regards.fr\/index.php?rest_route=%2Fwp%2Fv2%2Ftags&post=11236"}],"curies":[{"name":"wp","href":"https:\/\/api.w.org\/{rel}","templated":true}]}}