{"id":11234,"date":"2018-10-07T12:05:00","date_gmt":"2018-10-07T10:05:00","guid":{"rendered":"https:\/\/wp.muchomaas.com\/article-pcf-le-temps-de-la-desunion\/"},"modified":"2023-06-23T23:31:03","modified_gmt":"2023-06-23T21:31:03","slug":"article-pcf-le-temps-de-la-desunion","status":"publish","type":"post","link":"https:\/\/archives.regards.fr\/?p=11234","title":{"rendered":"PCF : le temps de la d\u00e9sunion"},"content":{"rendered":"\n\n<p class=\"post_excerpt\">Les votes au moment des Congr\u00e8s nationaux fixent l\u2019image d\u2019une organisation qui fut autrefois le plus grand parti de France. Cette fois, le Congr\u00e8s s\u2019annonce comme celui d\u2019un parti \u00e9clat\u00e9 et globalement r\u00e9tract\u00e9.<\/p>\n\nLes votes de Congr\u00e8s, dans le Parti communiste fran\u00e7ais, sont toujours de bons indicateurs de l\u2019\u00e9tat r\u00e9el de l\u2019organisation communiste. Officiellement, la direction communiste \u00e9voque un nombre d\u2019adh\u00e9rents (comptabilis\u00e9s par le nombre de cartes <em>\u00ab plac\u00e9es \u00bb<\/em> aupr\u00e8s des militants) de 110.000, contre un peu plus de 130.000 en 2009. Mais ce chiffre indique davantage un r\u00e9seau de proximit\u00e9 militante qu\u2019un nombre r\u00e9el d\u2019adh\u00e9rents. Le chiffre des cotisants est plus proche de la r\u00e9alit\u00e9. Il est pass\u00e9 d\u2019un peu moins de 80.000 en 2008 \u00e0 49.000 en 2018. En chiffres absolus, le vivier militant reste cons\u00e9quent, mais le PCF a perdu pr\u00e8s d\u2019un cotisant sur trois en une dizaine d\u2019ann\u00e9es.\n\n<em> <strong>LIRE AUSSI SUR REGARDS.FR\n>> <a href=\"https:\/\/wp.muchomaas.com\/politique\/article\/les-communistes-votent-contre-leur-direction-et-maintenant\">Les communistes votent contre leur direction\u00a0: et maintenant\u00a0?<\/a><\/strong> <\/em>\n\nLa distribution de la base militante s\u2019est concentr\u00e9e. Plus du tiers des cotisants se trouvent dans dix d\u00e9partements et la moiti\u00e9 dans seize d\u2019entre eux. Les premi\u00e8res concentrations militantes sont d\u00e9sormais dans les lieux de plus vieille implantation industrielle et urbaine, le Nord-Pas-de-Calais, la r\u00e9gion parisienne, les Bouches-du-Rh\u00f4ne, la Seine-Maritime et le Rh\u00f4ne. Dans de nombreux d\u00e9partements, en revanche, le vivier militant du PCF est r\u00e9duit \u00e0 la proportion congrue.\n\n<h2>L&#8217;ambition rat\u00e9e de l&#8217;union<\/h2>\n\nLes militants se sont plut\u00f4t bien mobilis\u00e9s pour cette consultation, le nombre de votants \u00e9tant rest\u00e9 stable d\u2019un congr\u00e8s \u00e0 l\u2019autre, pour un nombre de cotisants moins \u00e9lev\u00e9. Mais cet ensemble s\u2019est fractionn\u00e9 un peu plus encore que lors des congr\u00e8s pr\u00e9c\u00e9dents. Le temps o\u00f9 le texte adopt\u00e9 par la direction sortante recueillait l\u2019approbation d\u2019une \u00e9crasante majorit\u00e9 des adh\u00e9rents est maintenant bien loin. Le texte d\u00e9fendu par le secr\u00e9taire national avait failli \u00eatre minoritaire en 2016, quand se profilait la perspective de l\u2019\u00e9lection pr\u00e9sidentielle. Il se situe aujourd\u2019hui nettement au-dessous du seuil des 40%. Il est sensiblement d\u00e9pass\u00e9, de plus de 1.300 voix par le texte que d\u00e9fendait le d\u00e9put\u00e9 du Puy-de-D\u00f4me, Andr\u00e9 Chassaigne.\n\nLe texte d\u00e9fendu par le secr\u00e9taire national conserve une part des r\u00e9flexes traditionnels de l\u00e9gitimit\u00e9 des communistes. Il a la majorit\u00e9 absolue dans 28 d\u00e9partements et se situe au-dessus de la moyenne nationale dans 52 d\u2019entre eux. Mais il ne se maintient ou progresse que dans 24 d\u00e9partements, dont aucun ne se situe dans territoires de plus forte implantation communiste. Plus significatif encore, en dehors de l\u2019Essonne, de la Seine-Saint-Denis, des Bouches-du-Rh\u00f4ne et de la Seine-Maritime, il ne l\u2019a pas emport\u00e9 dans les plus fortes f\u00e9d\u00e9rations d\u00e9partementales. Celles-ci constituent plut\u00f4t le noyau d\u2019implantation du texte <em>Chassaigne<\/em>, qui l\u2019emporte \u00e0 la fois dans les vieux bastions industriels du Nord et de l\u2019Est, dans la France du centre et dans le Val-de-Marne. \n\n<h2>Un Congr\u00e8s agit\u00e9 en ligne de mire<\/h2>\n\nLe choix des militants s\u2019est \u00e0 la fois divis\u00e9 \u2013 pas de majorit\u00e9 absolue \u00e0 l\u2019\u00e9chelon national \u2013 et concentr\u00e9 sur les deux textes principaux (80% \u00e0 eux deux). Les autres sont r\u00e9duits \u00e0 la portion congrue. Le texte n\u00b01 \u2013 <em>Pour un printemps du communisme<\/em> perd la moiti\u00e9 du pourcentage obtenu par le texte intitul\u00e9 en 2016 <em>L\u2019ambition communiste<\/em>. Il ne progresse sur le congr\u00e8s pr\u00e9c\u00e9dent que dans huit d\u00e9partements et r\u00e9siste un peu mieux (perte de moins d\u2019un quart) dans cinq autres. Le texte qui continuait de pr\u00f4ner un spectre de rassemblement continuant l\u2019esprit du Front de gauche, a manifestement pay\u00e9 le rejet provoqu\u00e9 par la d\u00e9testation de Jean-Luc M\u00e9lenchon dans une part non n\u00e9gligeable du corps militant communiste.\n\nLe prochain congr\u00e8s du PCF s\u2019annonce donc complexe. Les h\u00e9sitations permanentes sur la ligne strat\u00e9gique manifest\u00e9es par la majorit\u00e9, entre 2012 et aujourd\u2019hui ont co\u00fbt\u00e9 cher \u00e0 la majorit\u00e9 conduite par Pierre Laurent. Le secr\u00e9taire national avait voulu incarner une ligne bonhomme et prudente, apr\u00e8s les traumatismes des d\u00e9cennies pr\u00e9c\u00e9dentes. Mais il a paru osciller sur le champ des alliances \u00e9lectorales, brouill\u00e9 la dynamique du Front de gauche aux municipales de 2014 et h\u00e9sit\u00e9 trop longtemps \u00e0 soutenir la candidature de Jean-Luc M\u00e9lenchon en 2016. Le parti pris de prudence s\u2019est ainsi retourn\u00e9 en impression de faiblesse, d\u00e9courageant tout autant les partisans de l\u2019identit\u00e9 communiste renforc\u00e9e et les tenants d\u2019un Front de gauche maintenu.\n\nLe prochain congr\u00e8s du PCF s\u2019annonce donc d\u00e9licat. Sur le papier, la seule majorit\u00e9 \u2013 de justesse \u2013 est dans l\u2019addition du texte <em>Manifeste<\/em> d&#8217;Andr\u00e9 Chassaigne et du texte plus identitaire <em>Un parti de classe<\/em>. Mais quelle que soit la configuration, les alliances \u00e0 construire risquent bien d\u2019\u00e9voquer davantage le mariage de la carpe et du lapin, si ce n\u2019est les laborieuses n\u00e9gociations des congr\u00e8s socialistes de nagu\u00e8re.<div id='gallery-1' class='gallery galleryid-11234 gallery-columns-3 gallery-size-thumbnail'><figure class='gallery-item'>\n\t\t\t<div class='gallery-icon landscape'>\n\t\t\t\t<a href='https:\/\/archives.regards.fr\/wp-content\/uploads\/2018\/10\/capture_d_e_cran_2018-10-06_a_23-226.33.43.png'><img loading=\"lazy\" decoding=\"async\" width=\"150\" height=\"150\" src=\"https:\/\/archives.regards.fr\/wp-content\/uploads\/2018\/10\/capture_d_e_cran_2018-10-06_a_23-226.33.43-150x150.png\" class=\"attachment-thumbnail size-thumbnail\" alt=\"capture_d_e_cran_2018-10-06_a_23.33.43.png\" \/><\/a>\n\t\t\t<\/div><\/figure>\n\t\t<\/div>\n\n<h2 class=\"wp-block-heading\">Documents joints<\/h2>\n\n\n\n<div class=\"wp-block-file\"><a href=\"https:\/\/wp.muchomaas.com\/wp-content\/uploads\/2018\/10\/donne_es_vote_base_commune_octobre_2018_2-e2f.pdf\">Tableau des scores<\/a><\/div>\n\n\n","protected":false},"excerpt":{"rendered":"<p>Les votes au moment des Congr\u00e8s nationaux fixent l\u2019image d\u2019une organisation qui fut autrefois le plus grand parti de France. Cette fois, le Congr\u00e8s s\u2019annonce comme celui d\u2019un parti \u00e9clat\u00e9 et globalement r\u00e9tract\u00e9.<\/p>\n","protected":false},"author":328,"featured_media":26611,"comment_status":"open","ping_status":"open","sticky":false,"template":"","format":"standard","meta":{"_themeisle_gutenberg_block_has_review":false,"footnotes":""},"categories":[6],"tags":[406],"class_list":["post-11234","post","type-post","status-publish","format-standard","has-post-thumbnail","hentry","category-actu","tag-pcf"],"_links":{"self":[{"href":"https:\/\/archives.regards.fr\/index.php?rest_route=\/wp\/v2\/posts\/11234","targetHints":{"allow":["GET"]}}],"collection":[{"href":"https:\/\/archives.regards.fr\/index.php?rest_route=\/wp\/v2\/posts"}],"about":[{"href":"https:\/\/archives.regards.fr\/index.php?rest_route=\/wp\/v2\/types\/post"}],"author":[{"embeddable":true,"href":"https:\/\/archives.regards.fr\/index.php?rest_route=\/wp\/v2\/users\/328"}],"replies":[{"embeddable":true,"href":"https:\/\/archives.regards.fr\/index.php?rest_route=%2Fwp%2Fv2%2Fcomments&post=11234"}],"version-history":[{"count":0,"href":"https:\/\/archives.regards.fr\/index.php?rest_route=\/wp\/v2\/posts\/11234\/revisions"}],"wp:featuredmedia":[{"embeddable":true,"href":"https:\/\/archives.regards.fr\/index.php?rest_route=\/wp\/v2\/media\/26611"}],"wp:attachment":[{"href":"https:\/\/archives.regards.fr\/index.php?rest_route=%2Fwp%2Fv2%2Fmedia&parent=11234"}],"wp:term":[{"taxonomy":"category","embeddable":true,"href":"https:\/\/archives.regards.fr\/index.php?rest_route=%2Fwp%2Fv2%2Fcategories&post=11234"},{"taxonomy":"post_tag","embeddable":true,"href":"https:\/\/archives.regards.fr\/index.php?rest_route=%2Fwp%2Fv2%2Ftags&post=11234"}],"curies":[{"name":"wp","href":"https:\/\/api.w.org\/{rel}","templated":true}]}}