{"id":11198,"date":"2018-09-21T17:48:38","date_gmt":"2018-09-21T15:48:38","guid":{"rendered":"https:\/\/wp.muchomaas.com\/article-elle-ne-nettoiera-plus-les-bibliotheques-de-la-ville-de-paris\/"},"modified":"2023-06-23T23:30:44","modified_gmt":"2023-06-23T21:30:44","slug":"article-elle-ne-nettoiera-plus-les-bibliotheques-de-la-ville-de-paris","status":"publish","type":"post","link":"https:\/\/archives.regards.fr\/?p=11198","title":{"rendered":"Elle ne nettoiera plus les biblioth\u00e8ques de la Ville de Paris"},"content":{"rendered":"<p class=\"post_excerpt\">Le flot continue de l&#8217;actualit\u00e9 m\u00e9diatique ob\u00e8re souvent les r\u00e9alit\u00e9s crues qui fondent notre soci\u00e9t\u00e9. Danielle Simonnet, conseill\u00e8re de Paris et oratrice nationale de la France insoumise, nous le rappelle dans cette tribune.<\/p>\n<p>Elle s\u2019appelait Sabine. Elle avait la cinquantaine. Elle faisait le m\u00e9nage de la biblioth\u00e8que municipale rue des Couronnes. Elle ne le fera plus. Elle a \u00e9t\u00e9 retrouv\u00e9e morte en fin de journ\u00e9e ce lundi. Elle travaillait le matin, t\u00f4t et seule. Ce n\u2019est que vers 18h25, alors que la biblioth\u00e8que \u00e9tait ferm\u00e9e comme tous les lundis, qu\u2019une \u00e9tudiante passant dans la rue, alert\u00e9e par de l\u2019eau qui coulait sous la porte, est entr\u00e9e et a d\u00e9couvert son corps inanim\u00e9. <\/p>\n<p>On ne connait pas encore la cause de son d\u00e9c\u00e8s, le Procureur a demand\u00e9 une autopsie. Mais quelle qu\u2019en soit la cause, n\u2019est-ce pas irresponsable, alors qu\u2019on multiplie \u00e0 juste titre les formations aux gestes de premier secours de laisser, dans le m\u00eame temps, des agents travailler seuls dans les \u00e9tablissements et bureaux ? A quoi bon communiquer sur le d\u00e9ploiement de mille d\u00e9fibrillateurs dans l&#8217;espace public de la capitale, si personne ne peut apporter les premiers secours aupr\u00e8s de celles et ceux qui se chargent de nettoyer nos locaux municipaux \u00e0 l\u2019aube ? Comment ne pas se dire, non sans col\u00e8re, que cette vie aurait peut-\u00eatre pu \u00eatre sauv\u00e9e ?<\/p>\n<h2>Des agents de plus en plus isol\u00e9s<\/h2>\n<p>Cela fait longtemps que les organisations syndicales alertent contre l\u2019isolement des agents de m\u00e9nage, pour des raisons \u00e9videntes de s\u00e9curit\u00e9. La course effr\u00e9n\u00e9e aux petites \u00e9conomies, en r\u00e9duisant la masse salariale, par r\u00e9duction et red\u00e9ploiement des effectifs ou en ayant recours \u00e0 de la sous-traitance priv\u00e9e pour le nettoyage doit cesser. Sabine n\u2019aurait pas d\u00fb se retrouver seule sur son lieu de travail. Pendant ce temps, la communication \u00e0 l\u2019H\u00f4tel de Ville se poursuit pour vanter les engagements du r\u00e9f\u00e9rentiel <em>Quali Paris<\/em> dont le confort et la propret\u00e9 seraient des crit\u00e8res importants. Plus importants que la vie des agents ? Et ind\u00e9pendants du respect des conditions de travail des agents ? <\/p>\n<p>En mai dernier, une gr\u00e8ve des agents de m\u00e9nage et des personnels de biblioth\u00e8que avait eu lieu contre la privatisation du nettoyage dans certains \u00e9tablissements. J\u2019avais relay\u00e9 cette mobilisation par une question d\u2019actualit\u00e9 au Conseil de Paris. Les personnels et repr\u00e9sentants syndicaux d\u00e9non\u00e7aient une d\u00e9cision prise sans concertation. Ils alertaient notamment sur la d\u00e9gradation des conditions de travail quand le m\u00e9nage \u00e9tait r\u00e9alis\u00e9 par une entreprise priv\u00e9e : g\u00e9n\u00e9ralement les salari\u00e9s se retrouvaient bien moins nombreux pour des surfaces plus grandes, sans m\u00eame tout le mat\u00e9riel n\u00e9cessaire. Je me souviens tr\u00e8s bien de leur revendication \u00e0 minima (modeste en attendant la remunicipalisation revendiqu\u00e9e de tout le nettoyage des locaux municipaux parisiens que je partage) : que dans les \u00e9tablissements g\u00e9r\u00e9s par le priv\u00e9, il n\u2019y ait jamais un-e salari\u00e9-e laiss\u00e9-e seul-e, comme c\u2019est la r\u00e8gle pour les salari\u00e9s de la ville\u2026 Je me souviens \u00e9galement d\u2019avoir relay\u00e9 la n\u00e9cessit\u00e9 de poursuivre l\u2019\u00e9volution des horaires pour garantir des journ\u00e9es d\u00e9centes \u00e0 ces agents et poursuivre leur d\u00e9pr\u00e9carisation. On m\u2019avait r\u00e9torqu\u00e9 que cette gr\u00e8ve n\u2019avait pas de motif valable, que tout se passait bien entre le recours au priv\u00e9 dans certains \u00e9tablissements et ceux nettoy\u00e9s par les fonctionnaires de la ville\u2026 <\/p>\n<h2>Incurie des services publics<\/h2>\n<p>Le nettoyage de la biblioth\u00e8que de la rue des Couronnes ne relevait (pas encore ?) d\u2019un prestataire priv\u00e9 mais \u00e9tait bien assur\u00e9 par les salari\u00e9s de la maire de Paris. Mais voil\u00e0, l\u2019autre coll\u00e8gue cens\u00e9 travailler avec Sabine n\u2019y travaillait plus depuis un mois. Transf\u00e9r\u00e9 dans un autre service selon les syndicats, parti en retraite selon le parisien, au final c\u2019est le m\u00eame r\u00e9sultat : son absence n\u2019\u00e9tait pas remplac\u00e9e. Comme l\u2019\u00e9crasante majorit\u00e9 des agents cat\u00e9gories C, les <em>\u201cpetites mains\u201d<\/em> sur qui repose pourtant de fa\u00e7on d\u00e9terminante le bon fonctionnement de la ville ne vivent pas \u00e0 Paris. Les loyers \u00e9tant trop chers, ils n\u2019y sont pas \u00e9lecteurs. Alors leur sort&#8230;<\/p>\n<p>Il est plus qu\u2019urgent que l\u2019ex\u00e9cutif municipal prenne ses responsabilit\u00e9s : il lui revient de garantir d\u2019autres conditions de travail pour celles, car il s\u2019agit majoritairement de femmes, qui garantissent l&#8217;hygi\u00e8ne et la propret\u00e9 des b\u00e2timents de la ville. La ville doit instaurer imm\u00e9diatement a minima des bin\u00f4mes pour que plus jamais un-e agent de m\u00e9nage ne se retrouve seul-e sur son lieu de travail. L\u2019administration a une responsabilit\u00e9 directe en mati\u00e8re de pr\u00e9vention des risques professionnels. Va-t-elle r\u00e9unir un comit\u00e9 d&#8217;hygi\u00e8ne, s\u00e9curit\u00e9 et conditions de travail (CHSCT) exceptionnel comme le r\u00e9clament les syndicats et prendre la mesure de la situation ? Va-t-elle cesser de r\u00e9duire les effectifs pour satisfaire la contractualisation budg\u00e9taire impos\u00e9e par Macron, elle-m\u00eame dict\u00e9e par les trait\u00e9s aust\u00e9ritaires de Bruxelles ? C\u2019est aussi pour cela que j\u2019avais vot\u00e9 contre, alors que tous les groupes de la majorit\u00e9 avaient approuv\u00e9, ou au mieux l\u00e2chement s\u2019\u00e9taient abstenus. Des vies sont en jeu. Qu\u2019elles comptent enfin plus que leurs coups de rabot.<div id='gallery-1' class='gallery galleryid-11198 gallery-columns-3 gallery-size-thumbnail'><figure class='gallery-item'>\n\t\t\t<div class='gallery-icon landscape'>\n\t\t\t\t<a href='https:\/\/archives.regards.fr\/wp-content\/uploads\/2018\/09\/82229-a51.jpg'><img loading=\"lazy\" decoding=\"async\" width=\"150\" height=\"150\" src=\"https:\/\/archives.regards.fr\/wp-content\/uploads\/2018\/09\/82229-a51-150x150.jpg\" class=\"attachment-thumbnail size-thumbnail\" alt=\"82229.jpg\" \/><\/a>\n\t\t\t<\/div><\/figure>\n\t\t<\/div>\n<\/p>\n","protected":false},"excerpt":{"rendered":"<p>Le flot continue de l&#8217;actualit\u00e9 m\u00e9diatique ob\u00e8re souvent les r\u00e9alit\u00e9s crues qui fondent notre soci\u00e9t\u00e9. Danielle Simonnet, conseill\u00e8re de Paris et oratrice nationale de la France insoumise, nous le rappelle dans cette tribune.<\/p>\n","protected":false},"author":1,"featured_media":26535,"comment_status":"open","ping_status":"open","sticky":false,"template":"","format":"standard","meta":{"_themeisle_gutenberg_block_has_review":false,"footnotes":""},"categories":[278],"tags":[],"class_list":["post-11198","post","type-post","status-publish","format-standard","has-post-thumbnail","hentry","category-tribunes"],"_links":{"self":[{"href":"https:\/\/archives.regards.fr\/index.php?rest_route=\/wp\/v2\/posts\/11198","targetHints":{"allow":["GET"]}}],"collection":[{"href":"https:\/\/archives.regards.fr\/index.php?rest_route=\/wp\/v2\/posts"}],"about":[{"href":"https:\/\/archives.regards.fr\/index.php?rest_route=\/wp\/v2\/types\/post"}],"author":[{"embeddable":true,"href":"https:\/\/archives.regards.fr\/index.php?rest_route=\/wp\/v2\/users\/1"}],"replies":[{"embeddable":true,"href":"https:\/\/archives.regards.fr\/index.php?rest_route=%2Fwp%2Fv2%2Fcomments&post=11198"}],"version-history":[{"count":0,"href":"https:\/\/archives.regards.fr\/index.php?rest_route=\/wp\/v2\/posts\/11198\/revisions"}],"wp:featuredmedia":[{"embeddable":true,"href":"https:\/\/archives.regards.fr\/index.php?rest_route=\/wp\/v2\/media\/26535"}],"wp:attachment":[{"href":"https:\/\/archives.regards.fr\/index.php?rest_route=%2Fwp%2Fv2%2Fmedia&parent=11198"}],"wp:term":[{"taxonomy":"category","embeddable":true,"href":"https:\/\/archives.regards.fr\/index.php?rest_route=%2Fwp%2Fv2%2Fcategories&post=11198"},{"taxonomy":"post_tag","embeddable":true,"href":"https:\/\/archives.regards.fr\/index.php?rest_route=%2Fwp%2Fv2%2Ftags&post=11198"}],"curies":[{"name":"wp","href":"https:\/\/api.w.org\/{rel}","templated":true}]}}