{"id":11194,"date":"2018-09-19T11:25:00","date_gmt":"2018-09-19T09:25:00","guid":{"rendered":"https:\/\/wp.muchomaas.com\/article-le-ps-a-une-idee-de-genie-pour-les-europeennes-rassembler-la-gauche\/"},"modified":"2018-09-19T11:25:00","modified_gmt":"2018-09-19T09:25:00","slug":"article-le-ps-a-une-idee-de-genie-pour-les-europeennes-rassembler-la-gauche","status":"publish","type":"post","link":"https:\/\/archives.regards.fr\/?p=11194","title":{"rendered":"Le PS a une id\u00e9e de g\u00e9nie pour les europ\u00e9ennes : rassembler la gauche"},"content":{"rendered":"<p class=\"post_excerpt\">Au Parti socialiste, Olivier Faure \u00e0 la t\u00e2che de rassembler sa famille politique derri\u00e8re un projet, avant de monter une liste pour les \u00e9lections. Le Premier secr\u00e9taire se cherche des alli\u00e9s \u00e0 gauche. Ambitieux ou bluffeur ?<\/p>\n<p>\u00c0 huit mois des \u00e9lections europ\u00e9ennes, chaque parti peaufine sa strat\u00e9gie, son programme, sa liste. C\u2019est le cas du Parti socialiste, qui entend bien se servir de ce scrutin comme d\u2019une rampe de (re)lancement, et ainsi esp\u00e9rer tourner la page 2017 avec les 6% de Beno\u00eet Hamon.<\/p>\n<p>Ainsi, ce mercredi 19 septembre, au futur-ex-si\u00e8ge du PS, rue de Solferino, le Premier secr\u00e9taire Olivier Faure a pr\u00e9sent\u00e9 la premi\u00e8re version du projet europ\u00e9en des socialistes, intitul\u00e9 &#8220;La gauche est l\u2019avenir de l\u2019Europe&#8221;. Un texte vot\u00e9 la veille au soir <em>\u00ab \u00e0 l\u2019unanimit\u00e9 \u00bb<\/em>, ou presque. Des 38 membres du Bureau national pr\u00e9sents, 30 ont vot\u00e9 pour, 8 n\u2019ont pas particip\u00e9 au vote.<\/p>\n<p>N\u00e9anmoins, Olivier Faure se f\u00e9licite d\u2019avoir r\u00e9ussi l\u2019exploit de r\u00e9diger un texte avec l\u2019ensemble des sensibilit\u00e9s du PS. <em>\u00ab C\u2019est un effort de d\u00e9passer les postures<\/em>, affirme-t-il, <em>mais le rassemblement marche. \u00bb<\/em><\/p>\n<p>Le prochain effort sera d\u2019autant plus grand : composer une liste et choisir sa t\u00eate.<\/p>\n<h2>Virage \u00e0 gauche ?<\/h2>\n<p>D\u2019ici l\u00e0, le Premier secr\u00e9taire assure que son parti veut en finir avec les <em>\u00ab coalitions avec la droite \u00bb<\/em>. L\u2019heure n\u2019est plus \u00e0 la <em>\u00ab confusion \u00bb<\/em> mais \u00e0 la <em>\u00ab rupture \u00bb<\/em>. Une position qui concorde avec les <a href=\"https:\/\/www.pes.eu\/export\/sites\/default\/.galleries\/Documents-gallery\/FR-Resolution-Conseil-PSE-Europe-progressiste-Renouveau-adoptee.pdf_2063069299.pdf\">conclusions du dernier Conseil du PSE<\/a>. Le PS compte mener bataille pour incarner l\u2019alternative entre le <em>\u00ab duo \u00bb<\/em> nationalistes (et\/ou souverainistes, au choix) et lib\u00e9raux. Selon lui, tous deux se nourrissent d\u2019\u00eatre l\u2019\u00e9pouvantail de l\u2019autre.<\/p>\n<p><em> <strong>LIRE AUSSI SUR REGARDS.FR >> <a href=\"https:\/\/wp.muchomaas.com\/la-midinale\/article\/ian-brossat-nous-n-avons-pas-renonce-a-rassembler-au-dela-du-pcf-pour-les\">Ian Brossat : \u00ab Nous n\u2019avons pas renonc\u00e9 \u00e0 rassembler au-del\u00e0 du PCF pour les europ\u00e9ennes \u00bb<\/a><\/strong> <\/em><\/p>\n<p>Olivier Faure pr\u00e9sente donc ce document comme un <em>\u00ab socle commun \u00bb<\/em> \u00e0 partir duquel le PS entend discuter avec une <em>\u00ab partie de la gauche \u00bb<\/em> \u2013 car il estime que, si la gauche a <em>\u00ab toujours \u00e9t\u00e9 diverse, elle n\u2019est forte que quand elle se rassemble \u00bb<\/em>. Et pour rassembler, pas de probl\u00e8me, \u00e0 \u00e9couter Olivier Faure. Le PS propose une alliance avec les socio-d\u00e9mocrates europ\u00e9ens et esp\u00e8re \u00e9largir. C\u00f4t\u00e9 fran\u00e7ais, <em>\u00ab toutes les forces sont les bienvenues \u00bb<\/em>, assure-t-il.<\/p>\n<p>\u00c0 d\u00e9faut d\u2019un accord pr\u00e9-\u00e9lectoral, ce sera une proposition d\u2019<em>\u00ab intergroupe de toute la gauche au Parlement europ\u00e9en pour construire des combats communs \u00bb<\/em>. <em>\u00ab Nous ne sommes pas irr\u00e9conciliables \u00bb<\/em>, lance le Premier secr\u00e9taire. Celui-ci assure en avoir d\u00e9j\u00e0 parl\u00e9 \u00e0 <a href=\"https:\/\/wp.muchomaas.com\/la-midinale\/article\/pierre-laurent-il-faudra-necessairement-rassembler-toutes-les-forces-de-la\">Pierre Laurent<\/a>, Jean-Luc M\u00e9lenchon et David Cormand. Tous les trois lui ont r\u00e9pondu : <em>\u00ab On va te r\u00e9pondre \u00bb<\/em>.<\/p>\n<h2>Pas trop \u00e0 gauche non plus<\/h2>\n<p>Il faut dire que le PS est bien emb\u00eat\u00e9 avec ces europ\u00e9ennes. Depuis la pr\u00e9sidentielle, son espace politique s\u2019est amoindri. La R\u00e9publique en marche a siphonn\u00e9 son aile droite et <a href=\"https:\/\/wp.muchomaas.com\/politique\/article\/la-nouvelle-strategie-de-melenchon-peut-elle-l-emporter\">l\u2019aile gauche est au bord de la rupture<\/a>. Sans compter avec la pression importante exerc\u00e9e par G\u00e9n\u00e9ration.s, <a href=\"https:\/\/wp.muchomaas.com\/politique\/article\/eelv-crise-ou-pas-crise\">EELV<\/a>, le PCF et surtout la France insoumise. Mais on ne combat pas les <em>\u00ab forces collat\u00e9rales \u00bb<\/em>, pr\u00e9cise Olivier Faure.<\/p>\n<p>Le premier des socialistes voit dans ce paysage des convergences possibles avec les r\u00e9formistes et les \u00e9cologistes. Mais il ne se fera pas plus pr\u00e9cis. Sauf au moment d\u2019&#8221;entamer le dialogue&#8221; avec la FI, Olivier Faure lance cette pique :<\/p>\n<blockquote><p>\u00ab La France insoumise veut bouleverser l\u2019Europe sans passer par les socio-d\u00e9mocrates en ayant un seul \u00e9lu au Parlement europ\u00e9en ? C\u2019est une vue de l\u2019esprit, \u00e7a fait le jeu des lib\u00e9raux. Comment peut-on dire que l\u2019on va d\u00e9sob\u00e9ir aux trait\u00e9s sans \u00eatre au pouvoir ? Nous sommes une gauche qui entend gouverner, pas protester. \u00bb<\/p><\/blockquote>\n<p>La division de la gauche, dans l\u2019opposition comme au pouvoir\u2026 <em>\u00ab C\u2019est ce qui fait \u00e0 la fois son charme et son handicap \u00bb<\/em>, glisse Olivier Faure. En attendant la liste, le PS est cr\u00e9dit\u00e9 de <a href=\"https:\/\/www.huffingtonpost.fr\/2018\/09\/13\/europeennes-2019-sondage-inquietant-pour-lrem-alarmant-pour-les-republicains-et-desastreux-pour-le-ps_a_23526494\/\">4,5% des intentions de vote<\/a>, \u00e0 peine plus que <a href=\"https:\/\/wp.muchomaas.com\/politique\/article\/barbara-romagnan-generation-s-ca-n-a-aucun-sens-politique-qu-on-soit-separe-d\">G\u00e9n\u00e9ration.s<\/a>, \u00e0 4%. Quand la FI se maintient, pour l&#8217;instant, \u00e0 un score \u00e0 deux chiffres.<\/p>\n","protected":false},"excerpt":{"rendered":"<p>Au Parti socialiste, Olivier Faure \u00e0 la t\u00e2che de rassembler sa famille politique derri\u00e8re un projet, avant de monter une liste pour les \u00e9lections. Le Premier secr\u00e9taire se cherche des alli\u00e9s \u00e0 gauche. Ambitieux ou bluffeur ?<\/p>\n","protected":false},"author":1203,"featured_media":0,"comment_status":"open","ping_status":"open","sticky":false,"template":"","format":"standard","meta":{"_themeisle_gutenberg_block_has_review":false,"footnotes":""},"categories":[6],"tags":[507,390],"class_list":["post-11194","post","type-post","status-publish","format-standard","hentry","category-actu","tag-europeennes-2019","tag-parti-socialiste"],"_links":{"self":[{"href":"https:\/\/archives.regards.fr\/index.php?rest_route=\/wp\/v2\/posts\/11194","targetHints":{"allow":["GET"]}}],"collection":[{"href":"https:\/\/archives.regards.fr\/index.php?rest_route=\/wp\/v2\/posts"}],"about":[{"href":"https:\/\/archives.regards.fr\/index.php?rest_route=\/wp\/v2\/types\/post"}],"author":[{"embeddable":true,"href":"https:\/\/archives.regards.fr\/index.php?rest_route=\/wp\/v2\/users\/1203"}],"replies":[{"embeddable":true,"href":"https:\/\/archives.regards.fr\/index.php?rest_route=%2Fwp%2Fv2%2Fcomments&post=11194"}],"version-history":[{"count":0,"href":"https:\/\/archives.regards.fr\/index.php?rest_route=\/wp\/v2\/posts\/11194\/revisions"}],"wp:attachment":[{"href":"https:\/\/archives.regards.fr\/index.php?rest_route=%2Fwp%2Fv2%2Fmedia&parent=11194"}],"wp:term":[{"taxonomy":"category","embeddable":true,"href":"https:\/\/archives.regards.fr\/index.php?rest_route=%2Fwp%2Fv2%2Fcategories&post=11194"},{"taxonomy":"post_tag","embeddable":true,"href":"https:\/\/archives.regards.fr\/index.php?rest_route=%2Fwp%2Fv2%2Ftags&post=11194"}],"curies":[{"name":"wp","href":"https:\/\/api.w.org\/{rel}","templated":true}]}}