{"id":11166,"date":"2018-09-06T11:10:00","date_gmt":"2018-09-06T09:10:00","guid":{"rendered":"https:\/\/wp.muchomaas.com\/article-sachez-le-traiter-generation-identitaire-de-nazi-c-est-risquer-le-tribunal\/"},"modified":"2023-06-23T23:30:20","modified_gmt":"2023-06-23T21:30:20","slug":"article-sachez-le-traiter-generation-identitaire-de-nazi-c-est-risquer-le-tribunal","status":"publish","type":"post","link":"https:\/\/archives.regards.fr\/?p=11166","title":{"rendered":"Sachez-le, traiter G\u00e9n\u00e9ration identitaire de \u00ab nazi \u00bb, c&#8217;est risquer le tribunal"},"content":{"rendered":"<p class=\"post_excerpt\">Pour avoir d\u00e9nonc\u00e9 les agissements du groupuscule d&#8217;extr\u00eame droite, Madjid Messaoudene, \u00e9lu \u00e0 Saint-Denis, et Thomas Portes, porte-parole du PCF du Tarn-et-Garonne, sont assign\u00e9s en justice.<\/p>\n<p>Devinette. Quand un groupuscule d\u2019extr\u00eame droite se rend \u00e0 la fronti\u00e8re franco-italienne pour jouer \u00e0 la chasse aux migrants, qui a des ennuis avec la justice : les &#8220;miliciens&#8221; ou ceux qui les d\u00e9noncent ?<\/p>\n<p>La r\u00e9ponse n\u2019est pas une mauvaise blague. Madjid Messaoudene, \u00e9lu \u00e0 Saint-Denis, et Thomas Portes, porte-parole du PCF du Tarn-et-Garonne, sont tous deux assign\u00e9s en justice par G\u00e9n\u00e9ration identitaire.<\/p>\n<p><em> <strong>LIRE AUSSI SUR REGARDS.FR >> <a href=\"https:\/\/wp.muchomaas.com\/societe\/article\/proces-meric-premiere-journee-d-audience-chaotique\">Mort de Cl\u00e9ment M\u00e9ric : premi\u00e8re journ\u00e9e du proc\u00e8s<\/a><\/strong> <\/em><\/p>\n<p>Revenons un peu en arri\u00e8re. Le 22 avril dernier, une centaine de militants de G\u00e9n\u00e9ration identitaire se rendent au col de l\u2019\u00c9chelle, dans les Hautes-Alpes, pour y monter une fronti\u00e8re symbolique. Ils sont sur\u00e9quip\u00e9s : deux h\u00e9licopt\u00e8res, des pick-ups, des drones. Le but de l\u2019op\u00e9ration : <em>\u00ab d\u00e9fendre l\u2019Europe \u00bb<\/em> contre <em>\u00ab l\u2019invasion \u00bb<\/em>.<\/p>\n<blockquote class=\"twitter-tweet\" data-partner=\"tweetdeck\">\n<p lang=\"und\" dir=\"ltr\"><a href=\"https:\/\/twitter.com\/hashtag\/StopMigrantsAlpes?src=hash&amp;ref_src=twsrc%5Etfw\">#StopMigrantsAlpes<\/a> <a href=\"https:\/\/twitter.com\/hashtag\/DefendEurope?src=hash&amp;ref_src=twsrc%5Etfw\">#DefendEurope<\/a> <a href=\"https:\/\/t.co\/wfPus36Exm\">pic.twitter.com\/wfPus36Exm<\/a><\/p>\n<p>&mdash; Damien Rieu (@DamienRieu) <a href=\"https:\/\/twitter.com\/DamienRieu\/status\/987676043636076545?ref_src=twsrc%5Etfw\">April 21, 2018<\/a><\/p><\/blockquote>\n<p><script async src=\"https:\/\/platform.twitter.com\/widgets.js\" charset=\"utf-8\"><\/script><\/p>\n<p>&nbsp;<\/p>\n<p>\nFace \u00e0 cette action, de nombreux internautes r\u00e9agissent, jugeant qu\u2019on ne peut laisser une bande de fachos faire la loi en France. Parmi ces commentaires, ceux de Madjid Messaoudene et Thomas Portes, que voici :<\/p>\n<blockquote><p>\u00ab Pourquoi y&#8217;a pas d&#8217;avalanche quand G\u00e9n\u00e9ration identitaire font du trek en bande nazie ? \u00bb<\/p><\/blockquote>\n<blockquote class=\"twitter-tweet\" data-lang=\"fr\">\n<p lang=\"fr\" dir=\"ltr\">Pourquoi y&#39;a pas d&#39;avalanche quand <a href=\"https:\/\/twitter.com\/hashtag\/GenerationIdentitaire?src=hash&amp;ref_src=twsrc%5Etfw\">#GenerationIdentitaire<\/a> font du trekk en bande nazie ?<a href=\"https:\/\/twitter.com\/hashtag\/OuiAuxNazisEnsevelis?src=hash&amp;ref_src=twsrc%5Etfw\">#OuiAuxNazisEnsevelis<\/a><\/p>\n<p>&mdash; Madjid Messaoudene (@MadjidFalastine) <a href=\"https:\/\/twitter.com\/MadjidFalastine\/status\/987799545311563776?ref_src=twsrc%5Etfw\">21 avril 2018<\/a><\/p><\/blockquote>\n<p><script async src=\"https:\/\/platform.twitter.com\/widgets.js\" charset=\"utf-8\"><\/script><\/p>\n<blockquote><p>\u00ab On poursuit C\u00e9dric Herrou ainsi que toutes celles et ceux qui font preuve de solidarit\u00e9 et d\u2019humanit\u00e9. En revanche, on laisse faire un groupuscule n\u00e9o-nazi qui m\u00e8ne une op\u00e9ration raciste et d\u00e9gueulasse. Bienvenue dans le nouveau monde. \u00bb<\/p><\/blockquote>\n<blockquote class=\"twitter-tweet\" data-lang=\"fr\">\n<p lang=\"fr\" dir=\"ltr\">On poursuit C\u00e9dric Herrou ainsi que toutes celles et ceux qui font preuve de solidarit\u00e9 et d\u2019humanit\u00e9. En revanche, on laisse faire un groupuscule n\u00e9o-nazi qui m\u00e8ne une op\u00e9ration raciste et d\u00e9gueullase. Bienvenue dans le nouveau monde. <a href=\"https:\/\/twitter.com\/hashtag\/StopMigrantsAlpes?src=hash&amp;ref_src=twsrc%5Etfw\">#StopMigrantsAlpes<\/a> <a href=\"https:\/\/twitter.com\/hashtag\/PJLAsileImmigration?src=hash&amp;ref_src=twsrc%5Etfw\">#PJLAsileImmigration<\/a><\/p>\n<p>&mdash; Thomas Portes \u270a (@Portes_Thomas) <a href=\"https:\/\/twitter.com\/Portes_Thomas\/status\/987708807932329984?ref_src=twsrc%5Etfw\">21 avril 2018<\/a><\/p><\/blockquote>\n<p><script async src=\"https:\/\/platform.twitter.com\/widgets.js\" charset=\"utf-8\"><\/script><\/p>\n<p>&nbsp;<\/p>\n<p><h2>Appeler un chat un chat<\/h2>\n<p><em>\u00ab Bande nazie \u00bb<\/em> et <em>\u00ab n\u00e9o-nazi \u00bb<\/em>, voil\u00e0 les termes qui n\u2019ont pas plu \u00e0 G\u00e9n\u00e9ration identitaire. <em>\u00ab Ce qui les d\u00e9range, c\u2019est qu\u2019on les qualifie de ce qu\u2019ils sont \u00bb<\/em>, commente Thomas Portes, contact\u00e9 par <em>Regards<\/em>.<\/p>\n<p>Mais au-del\u00e0 de \u00e7a, <em>\u00ab ce qui est choquant<\/em>, nous explique Madjid Messaoudene, <em>c\u2019est l\u2019accumulation d\u2019actions \u2013 il y a d\u00e9j\u00e0 eu le <a href=\"https:\/\/abonnes.lemonde.fr\/les-decodeurs\/article\/2017\/08\/09\/navire-antimigrants-c-star-une-mission-inutile-voire-illegale_5170650_4355770.html?\">bateau &#8220;anti-migrants&#8221; C-Star<\/a> \u2013 et l\u2019impunit\u00e9 dont ils b\u00e9n\u00e9ficient \u00bb<\/em>. L\u2019\u00e9lu dionysien en reste <em>\u00ab sans voix \u00bb<\/em> lorsqu\u2019il entend la <a href=\"https:\/\/www.huffingtonpost.fr\/2018\/04\/22\/generation-identitaire-la-reaction-de-gerard-collomb-ne-passe-pas-a-gauche_a_23417206\/\">r\u00e9action du ministre de l\u2019Int\u00e9rieur<\/a> G\u00e9rard Collomb. Au moment des faits, il les qualifie de <em>\u00ab gesticulations \u00bb<\/em>. Alors qu&#8217;en parall\u00e8le, <a href=\"https:\/\/wp.muchomaas.com\/web\/article\/des-passeurs-citoyens-poursuivis-pour-delit-de-solidarite\">C\u00e9dric Herrou<\/a> ou <a href=\"https:\/\/wp.muchomaas.com\/politique\/article\/apres-avoir-profite-de-mamoudou-gassama-l-etat-reprend-une-activite-normale\">Martine Landry<\/a> d\u2019Amnesty passent devant les juges pour avoir aid\u00e9 des r\u00e9fugi\u00e9s.<\/p>\n<p>Thomas Portes s\u2019indigne de voir que <em>\u00ab celles et ceux qui font preuve de solidarit\u00e9 sont poursuivis \u00bb<\/em>, l\u00e0 o\u00f9 l\u2019extr\u00eame droite agit impun\u00e9ment <em>\u00ab avec la complicit\u00e9 passive du gouvernement \u00bb<\/em>, ajoute Madjid Messaoudene. Tous les deux se sont vus assign\u00e9s en juillet dernier pour &#8220;injures publiques&#8221;. Chacun a depuis cr\u00e9\u00e9 un comit\u00e9 de soutien (\u00e0 retrouver <a href=\"http:\/\/comitedesoutien.madjid.fr\/\">ici<\/a> et <a href=\"https:\/\/www.comitesoutienthomasportes.com\/\">l\u00e0<\/a>).<\/p>\n<h2>L&#8217;Etat d&#8217;extr\u00eame droit(e)<\/h2>\n<p><em>\u00ab A-t-on le droit de combattre l\u2019extr\u00eame droite ? \u00bb<\/em>, interroge Madjid Messaoudene. Ce dernier analyse la <em>\u00ab passivit\u00e9 \u00bb<\/em> de l\u2019ex\u00e9cutif de la sorte : G\u00e9n\u00e9ration identitaire consid\u00e8re l\u2019immigration comme un fl\u00e9au, le gouvernement aussi. Il en veut pour preuve la <a href=\"https:\/\/wp.muchomaas.com\/politique\/article\/loi-asile-et-immigration-le-fn-et-en-marche-main-dans-la-main-a-l-assemblee\">loi Asile et immigration<\/a>, adopt\u00e9e en ao\u00fbt.<\/p>\n<p>Leur proc\u00e8s se tiendra le 20 septembre. Ils risquent une amende de 5000 euros (sans compter les frais de justice). Une condamnation serait un <em>\u00ab tr\u00e8s mauvais signal \u00bb<\/em>, anticipe Madjid Messaoudene, qui attend de voir l\u2019attitude du procureur qui, au pire des cas, devra se justifier publiquement. Et Thomas Portes l\u2019assure : <em>\u00ab Quoi qu\u2019il arrive, je continuerai \u00e0 d\u00e9noncer l\u2019extr\u00eame droite \u00bb<\/em>.<\/p>\n<p><em> <strong>LIRE AUSSI SUR REGARDS.FR >> <a href=\"https:\/\/wp.muchomaas.com\/la-midinale\/article\/cecile-coudriou-la-solidarite-est-un-devoir-il-faut-cesser-de-la-criminaliser\">C\u00e9cile Coudriou : &#8220;La solidarit\u00e9 est un devoir, il faut cesser de la criminaliser.&#8221;<\/a><\/strong> <\/em><div id='gallery-1' class='gallery galleryid-11166 gallery-columns-3 gallery-size-thumbnail'><figure class='gallery-item'>\n\t\t\t<div class='gallery-icon landscape'>\n\t\t\t\t<a href='https:\/\/archives.regards.fr\/wp-content\/uploads\/2018\/09\/befunky-collage-36-3b8-scaled.jpg'><img loading=\"lazy\" decoding=\"async\" width=\"150\" height=\"150\" src=\"https:\/\/archives.regards.fr\/wp-content\/uploads\/2018\/09\/befunky-collage-36-3b8-150x150.jpg\" class=\"attachment-thumbnail size-thumbnail\" alt=\"befunky-collage-36.jpg\" \/><\/a>\n\t\t\t<\/div><\/figure>\n\t\t<\/div>\n<\/p>\n","protected":false},"excerpt":{"rendered":"<p>Pour avoir d\u00e9nonc\u00e9 les agissements du groupuscule d&#8217;extr\u00eame droite, Madjid Messaoudene, \u00e9lu \u00e0 Saint-Denis, et Thomas Portes, porte-parole du PCF du Tarn-et-Garonne, sont assign\u00e9s en justice.<\/p>\n","protected":false},"author":1203,"featured_media":26458,"comment_status":"open","ping_status":"open","sticky":false,"template":"","format":"standard","meta":{"_themeisle_gutenberg_block_has_review":false,"footnotes":""},"categories":[6],"tags":[355],"class_list":["post-11166","post","type-post","status-publish","format-standard","has-post-thumbnail","hentry","category-actu","tag-extreme-droite"],"_links":{"self":[{"href":"https:\/\/archives.regards.fr\/index.php?rest_route=\/wp\/v2\/posts\/11166","targetHints":{"allow":["GET"]}}],"collection":[{"href":"https:\/\/archives.regards.fr\/index.php?rest_route=\/wp\/v2\/posts"}],"about":[{"href":"https:\/\/archives.regards.fr\/index.php?rest_route=\/wp\/v2\/types\/post"}],"author":[{"embeddable":true,"href":"https:\/\/archives.regards.fr\/index.php?rest_route=\/wp\/v2\/users\/1203"}],"replies":[{"embeddable":true,"href":"https:\/\/archives.regards.fr\/index.php?rest_route=%2Fwp%2Fv2%2Fcomments&post=11166"}],"version-history":[{"count":0,"href":"https:\/\/archives.regards.fr\/index.php?rest_route=\/wp\/v2\/posts\/11166\/revisions"}],"wp:featuredmedia":[{"embeddable":true,"href":"https:\/\/archives.regards.fr\/index.php?rest_route=\/wp\/v2\/media\/26458"}],"wp:attachment":[{"href":"https:\/\/archives.regards.fr\/index.php?rest_route=%2Fwp%2Fv2%2Fmedia&parent=11166"}],"wp:term":[{"taxonomy":"category","embeddable":true,"href":"https:\/\/archives.regards.fr\/index.php?rest_route=%2Fwp%2Fv2%2Fcategories&post=11166"},{"taxonomy":"post_tag","embeddable":true,"href":"https:\/\/archives.regards.fr\/index.php?rest_route=%2Fwp%2Fv2%2Ftags&post=11166"}],"curies":[{"name":"wp","href":"https:\/\/api.w.org\/{rel}","templated":true}]}}