{"id":11163,"date":"2018-09-05T17:40:16","date_gmt":"2018-09-05T15:40:16","guid":{"rendered":"https:\/\/wp.muchomaas.com\/article-mort-de-clement-meric-premiere-journee-du-proces\/"},"modified":"2023-06-23T23:30:15","modified_gmt":"2023-06-23T21:30:15","slug":"article-mort-de-clement-meric-premiere-journee-du-proces","status":"publish","type":"post","link":"https:\/\/archives.regards.fr\/?p=11163","title":{"rendered":"Mort de Cl\u00e9ment M\u00e9ric : premi\u00e8re journ\u00e9e du proc\u00e8s"},"content":{"rendered":"<p class=\"post_excerpt\">La premi\u00e8re journ\u00e9e du proc\u00e8s faisant suite au d\u00e9c\u00e8s de Cl\u00e9ment M\u00e9ric s\u2019est achev\u00e9e mardi 4 septembre aux alentours de 22h. Elle a \u00e9t\u00e9 le th\u00e9\u00e2tre de nombreux moments marquants, tant dans la salle d\u2019audience que dans la rue. <\/p>\n<p>Hier soir, la rue de Caumartin est devenue la rue Cl\u00e9ment M\u00e9ric. Pr\u00e8s de 200 personnes se sont rassembl\u00e9es en hommage au jeune militant dans le 9\u00e8me arrondissement, o\u00f9 une plaque en sa m\u00e9moire fut appos\u00e9e alors que r\u00e9sonnaient des chants et des slogans antifascistes.<\/p>\n<p>Dans cette m\u00eame rue, alors \u00e2g\u00e9 de 18 ans, Cl\u00e9ment M\u00e9ric d\u00e9c\u00e9dait \u00e0 la suite de coups re\u00e7us au visage lors d\u2019une bagarre avec des skinheads d\u2019extr\u00eame droite le 5 juin 2013. Trois de ces derniers se retrouvaient plus t\u00f4t dans la journ\u00e9e devant la Cour d\u2019Assises de Paris : Esteban Morillo et Samuel Dufour comparaissaient pour violences en r\u00e9union ayant entra\u00een\u00e9 la mort sans intention de la donner avec usage ou menace d\u2019une arme, ainsi qu&#8217;Alexandre Eyraud, jug\u00e9 pour violences volontaires.<\/p>\n<h2>Plusieurs manquent \u00e0 l\u2019appel<\/h2>\n<p>Le proc\u00e8s s\u2019est ouvert dans l\u2019incertitude. \u00c0 10h30, soit une heure apr\u00e8s l&#8217;horaire pr\u00e9vu, l\u2019audience n\u2019a toujours pas d\u00e9but\u00e9. Et pour cause : la chaise o\u00f9 doit si\u00e9ger Samuel Dufour est vide. <em>\u00ab La Cour est forc\u00e9e de constater l\u2019absence de Samuel Dufour \u00bb<\/em>, d\u00e9clare la Pr\u00e9sidente, qui ajoute que le pr\u00e9venu est <em>\u00ab introuvable et injoignable \u00bb<\/em>. Le proc\u00e8s ne pouvant d\u00e9buter sans lui, une suspension d\u2019audience est annonc\u00e9e.<\/p>\n<p>\u00c0 la reprise, en d\u00e9but d\u2019apr\u00e8s-midi, l\u2019ancien skinhead est bien pr\u00e9sent. Face \u00e0 la Cour, il invoque un contr\u00f4le de police aux abords du tribunal qui se serait prolong\u00e9 dans un commissariat de l\u2019arrondissement, motif confirm\u00e9 par l\u2019avocat g\u00e9n\u00e9ral.<\/p>\n<p>\u00c0 l\u2019appel des t\u00e9moins, une autre absence significative est remarqu\u00e9e : celle de Serge Ayoub, ancien leader des skinheads de Paris et fondateur de &#8220;Troisi\u00e8me Voie&#8221; et des &#8220;Jeunesses Nationalistes R\u00e9volutionnaires&#8221; (groupuscules fascistes impliqu\u00e9s dans cette affaire). Son absence est motiv\u00e9e par un courrier accompagn\u00e9 d\u2019un certificat m\u00e9dical, attestant un \u00e9tat de sant\u00e9 qui ne lui permettrait pas de se rendre \u00e0 l\u2019audience. Le surnomm\u00e9 Batskin poursuit en assurant ne pas vouloir se soustraire \u00e0 ses obligations, avant d\u2019indiquer des risques de troubles et ajouter avec une teinte de provocation qu\u2019il \u00e9tait <em>\u00ab hors de question que le drame [la mort de Cl\u00e9ment, NDLR] se reproduise [\u2026] et [qu\u2019il soit] oblig\u00e9 de se d\u00e9fendre \u00bb<\/em> s\u2019il venait \u00e0 \u00eatre pris \u00e0 parti.<\/p>\n<p>Une troisi\u00e8me absence, celle d\u2019un autre t\u00e9moin, est signal\u00e9e au d\u00e9but du proc\u00e8s. Un militant d\u2019extr\u00eame droite, pr\u00e9sent lors de la bagarre mais ayant b\u00e9n\u00e9fici\u00e9 d\u2019un non-lieu lors de l\u2019instruction, pr\u00e9texte quant \u00e0 lui\u2026 des vacances en Corse. Un motif l\u00e9ger pour la pr\u00e9sidente, qui sugg\u00e8re <em>\u00ab d\u2019\u00e9courter [ses] vacances \u00bb<\/em>.<\/p>\n<h2>\u00ab Vous dites que vous avez chang\u00e9, [\u2026] vous avez juste gomm\u00e9 \u00bb<\/h2>\n<p>E. Morillo demeure le centre des attentions de la journ\u00e9e. L\u2019auteur du coup fatal donn\u00e9 au militant antifasciste a d\u00e9laiss\u00e9 le look skinhead pour un bien plus sobre costume noir, et le cr\u00e2ne ras\u00e9 a laiss\u00e9 place \u00e0 une sage m\u00e8che coiff\u00e9e. Lors de la lecture du rapport retra\u00e7ant les faits, il fixe le sol d\u2019un regard vide.<\/p>\n<p>Appel\u00e9 \u00e0 la barre, ce dernier a pr\u00e9sent\u00e9 son engagement fasciste comme une attitude qu\u2019il souhaitait laisser para\u00eetre, plus que de r\u00e9elles convictions. Tout en minimisant son r\u00f4le au sein de &#8220;Troisi\u00e8me Voie&#8221; dont il assure n\u2019avoir jamais \u00e9t\u00e9 membre, il se d\u00e9finit comme un suiveur, ignorant bon nombre des pratiques et symboliques, tout en prenant le soin de ne jamais \u00e9voquer de liens directs avec S. Ayoub. Ainsi, lorsque la Pr\u00e9sidente interroge le pr\u00e9venu sur son tatouage &#8220;Travail Famille Patrie&#8221;, il indique avoir appris seulement apr\u00e8s sa signification :<\/p>\n<blockquote><p>\u00ab Je ne savais pas que c\u2019\u00e9tait la devise de Vichy [\u2026] je trouvais juste la devise belle. \u00bb<\/p><\/blockquote>\n<p>Un deuxi\u00e8me tatouage, repr\u00e9sentant le trident de &#8220;Troisi\u00e8me Voie&#8221;, aurait \u00e9t\u00e9 fait seulement pour <em>\u00ab impressionner \u00bb<\/em> les autres. M\u00eame r\u00e9ponse quand la pr\u00e9sidente d\u00e9crit son compte Facebook, o\u00f9 il affichait <em>Mein Kampf<\/em>. Il affirme ne jamais l\u2019avoir lu ni eu entre les mains, et l\u2019avait publi\u00e9 pour <em>\u00ab \u00eatre bien vu \u00bb<\/em>. Quant aux <em>\u00ab propos violents \u00bb<\/em> dont fait \u00e9tat la pr\u00e9sidente sur ce m\u00eame compte, il assure ne pas s\u2019en souvenir.<\/p>\n<p>L\u2019ignorance affich\u00e9e par E. Morillo prend parfois des allures d\u2019amn\u00e9sie. Lorsque Ma\u00eetre Ouhioun, avocate de la partie civile, \u00e9voque une photo le montrant aux c\u00f4t\u00e9s de S. Ayoub, brandissant un drapeau des JNR (avec lesquelles il avait assur\u00e9 quelques minutes plus t\u00f4t n\u2019avoir jamais \u00e9t\u00e9 en lien), il indique d\u2019une voix p\u00e2le : <em>\u00ab je ne me souviens plus \u00bb<\/em>.<\/p>\n<p>Le ton monte lorsque l\u2019avocat g\u00e9n\u00e9ral prend la parole suite aux d\u00e9clarations du pr\u00e9venu, qu\u2019il estime se d\u00e9rober devant son pass\u00e9. <em>\u00ab \u00c9tiez-vous un nazi ? \u00bb<\/em>, lance-t-il, avant d\u2019ajouter, devant la r\u00e9ponse n\u00e9gative de l\u2019int\u00e9ress\u00e9 : <em>\u00ab \u00cates vous courageux ? \u00bb<\/em>. Le constat est le m\u00eame pour Ma\u00eetre St-Palais, avocat de la famille M\u00e9ric, qui d\u00e9clare : <em>\u00ab Vous dites que vous avez chang\u00e9 monsieur, moi j\u2019ai l\u2019impression que vous avez juste gomm\u00e9 \u00bb<\/em>.<\/p>\n<h2>Des zones d\u2019ombre \u00e0 \u00e9claircir<\/h2>\n<p>Tout au long de ce proc\u00e8s, la Cour s\u2019efforcera de faire la lumi\u00e8re sur des zones d\u2019ombre pr\u00e9sentes dans la d\u00e9fense de E.Morillo. Des contradictions et des versions floues ont \u00e9t\u00e9 \u00e9voqu\u00e9es lors de cette premi\u00e8re journ\u00e9e, notamment par les avocats de la partie civile. Ainsi, lors de l\u2019\u00e9tude de personnalit\u00e9, l\u2019ancien skinhead d\u00e9clare avoir quitt\u00e9 le CFA boulangerie dans lequel il \u00e9tudiait, \u00e9voquant un redoublement impos\u00e9. Un des avocats de la partie civile fait part d\u2019une autre version, issue du dossier d\u2019instruction : E. Morillo aurait \u00e9t\u00e9 exclu, apr\u00e8s avoir port\u00e9 des bijoux n\u00e9onazis, dont une bague frapp\u00e9e d\u2019une croix gamm\u00e9e. L\u2019accus\u00e9 nie en bloc. Ces bijoux, confisqu\u00e9s, auraient \u00e9t\u00e9 pourtant remis \u00e0 la Justice dans le cadre de l\u2019enqu\u00eate, selon la pr\u00e9sidente. Au sujet des poings am\u00e9ricains retrouv\u00e9s chez lui, Morillo invoque la crainte de cambriolage, contredisant sa version lors de l\u2019instruction o\u00f9 il avait indiqu\u00e9 \u00eatre un collectionneur.<\/p>\n<p>Ses tatouages fascistes, <a href=\"https:\/\/www.streetpress.com\/sujet\/1535964768-meurtrier-presume-meric-efface-tatouages-neo-nazis\">recouverts en juillet dernier<\/a> (soit quatre ans apr\u00e8s sa sortie de d\u00e9tention provisoire) par l\u2019ancienne barmaid du bar tenu par Serge Ayoub, posent question. Il assure, malgr\u00e9 sa volont\u00e9 de sortir de ce milieu, avoir \u00e9t\u00e9 contraint de la contacter apr\u00e8s avoir essuy\u00e9 le refus de chaque salon o\u00f9 il s\u2019\u00e9tait rendu. Un troisi\u00e8me tatouage est abord\u00e9 : une toile d\u2019araign\u00e9e au coude, port\u00e9 \u00e9galement par A. Eyraud. Quand Morillo \u00e9voque <em>\u00ab un truc de marin, piller de bar \u00bb<\/em>, la pr\u00e9sidente d\u00e9crit pour sa part une signification li\u00e9e aux skinheads, indiqu\u00e9e par Eyraud lors de l\u2019instruction, devant des signes de protestation de la part de ce dernier. <\/p>\n<h2>Le proc\u00e8s des violences d\u2019extr\u00eame droite<\/h2>\n<p>Rue de Caumartin, scand\u00e9s au milieu des poings lev\u00e9s, des <em>\u00ab On oublie pas, on pardonne pas \u00bb<\/em> retentissent dans la rue pi\u00e9tonne. Un devoir de m\u00e9moire envers Cl\u00e9ment, bien s\u00fbr, mais aussi \u00e9galement envers toutes les victimes des violences de l\u2019extr\u00eame droite. Mettre en lumi\u00e8re les agissements violents des groupes fascistes est un enjeu majeur de ce proc\u00e8s, et n\u00e9gliger le caract\u00e8re politique de ce drame est une erreur, bien trop souvent commise dans certaines analyses.<\/p>\n<p>Le <a href=\"http:\/\/www.pourclement.org\/\">Comit\u00e9 pour Cl\u00e9ment<\/a> indique dans un communiqu\u00e9 attendre du proc\u00e8s <em>\u00ab que la v\u00e9rit\u00e9 soit dite publiquement sur les circonstances de la mort de Cl\u00e9ment \u00bb<\/em>, ainsi que la <em>\u00ab dimension politique de ce crime soit clairement mise en \u00e9vidence \u00bb<\/em>. Devant la salle d\u2019audience, le p\u00e8re du jeune militant le rappelle \u00e9galement :<\/p>\n<blockquote><p>\u00ab Ce proc\u00e8s sera aussi celui des violences d\u2019extr\u00eame droite. \u00bb<\/p><\/blockquote>\n<p>Tout au long des dix jours de proc\u00e8s, des \u00e9v\u00e9nements sont organis\u00e9s par le Comit\u00e9. Ils seront, en parall\u00e8le des audiences, des lieux d\u2019\u00e9changes et de mobilisation, \u00e0 la m\u00e9moire de Cl\u00e9ment et de ses combats.<\/p>\n<p><a href=\"https:\/\/twitter.com\/sofyaine_c\">@sofyaine_c<\/a><div id='gallery-1' class='gallery galleryid-11163 gallery-columns-3 gallery-size-thumbnail'><figure class='gallery-item'>\n\t\t\t<div class='gallery-icon landscape'>\n\t\t\t\t<a href='https:\/\/archives.regards.fr\/wp-content\/uploads\/2018\/09\/befunky-collage_1_-7-30b-scaled.jpg'><img loading=\"lazy\" decoding=\"async\" width=\"150\" height=\"150\" src=\"https:\/\/archives.regards.fr\/wp-content\/uploads\/2018\/09\/befunky-collage_1_-7-30b-150x150.jpg\" class=\"attachment-thumbnail size-thumbnail\" alt=\"befunky-collage_1_-7.jpg\" \/><\/a>\n\t\t\t<\/div><\/figure>\n\t\t<\/div>\n<\/p>\n","protected":false},"excerpt":{"rendered":"<p>La premi\u00e8re journ\u00e9e du proc\u00e8s faisant suite au d\u00e9c\u00e8s de Cl\u00e9ment M\u00e9ric s\u2019est achev\u00e9e mardi 4 septembre aux alentours de 22h. Elle a \u00e9t\u00e9 le th\u00e9\u00e2tre de nombreux moments marquants, tant dans la salle d\u2019audience que dans la rue. <\/p>\n","protected":false},"author":1,"featured_media":26454,"comment_status":"open","ping_status":"open","sticky":false,"template":"","format":"standard","meta":{"_themeisle_gutenberg_block_has_review":false,"footnotes":""},"categories":[10],"tags":[459,460,355,367],"class_list":["post-11163","post","type-post","status-publish","format-standard","has-post-thumbnail","hentry","category-societe","tag-antifascisme","tag-clement-meric","tag-extreme-droite","tag-justice"],"_links":{"self":[{"href":"https:\/\/archives.regards.fr\/index.php?rest_route=\/wp\/v2\/posts\/11163","targetHints":{"allow":["GET"]}}],"collection":[{"href":"https:\/\/archives.regards.fr\/index.php?rest_route=\/wp\/v2\/posts"}],"about":[{"href":"https:\/\/archives.regards.fr\/index.php?rest_route=\/wp\/v2\/types\/post"}],"author":[{"embeddable":true,"href":"https:\/\/archives.regards.fr\/index.php?rest_route=\/wp\/v2\/users\/1"}],"replies":[{"embeddable":true,"href":"https:\/\/archives.regards.fr\/index.php?rest_route=%2Fwp%2Fv2%2Fcomments&post=11163"}],"version-history":[{"count":0,"href":"https:\/\/archives.regards.fr\/index.php?rest_route=\/wp\/v2\/posts\/11163\/revisions"}],"wp:featuredmedia":[{"embeddable":true,"href":"https:\/\/archives.regards.fr\/index.php?rest_route=\/wp\/v2\/media\/26454"}],"wp:attachment":[{"href":"https:\/\/archives.regards.fr\/index.php?rest_route=%2Fwp%2Fv2%2Fmedia&parent=11163"}],"wp:term":[{"taxonomy":"category","embeddable":true,"href":"https:\/\/archives.regards.fr\/index.php?rest_route=%2Fwp%2Fv2%2Fcategories&post=11163"},{"taxonomy":"post_tag","embeddable":true,"href":"https:\/\/archives.regards.fr\/index.php?rest_route=%2Fwp%2Fv2%2Ftags&post=11163"}],"curies":[{"name":"wp","href":"https:\/\/api.w.org\/{rel}","templated":true}]}}