{"id":11147,"date":"2018-08-27T11:59:00","date_gmt":"2018-08-27T09:59:00","guid":{"rendered":"https:\/\/wp.muchomaas.com\/article-macron-saison-2-rutabagas-pour-les-manants\/"},"modified":"2023-06-23T23:30:02","modified_gmt":"2023-06-23T21:30:02","slug":"article-macron-saison-2-rutabagas-pour-les-manants","status":"publish","type":"post","link":"https:\/\/archives.regards.fr\/?p=11147","title":{"rendered":"Macron saison 2 : rutabagas pour les manants"},"content":{"rendered":"<p class=\"post_excerpt\">Le gouvernement entame sa deuxi\u00e8me rentr\u00e9e et les r\u00e9formes, notamment \u00e9conomiques, ne devraient pas voir leur rythme s&#8217;essouffler&#8230; au d\u00e9triment, comme d&#8217;habitude, des plus pauvres.<\/p>\n<p>C\u2019est peu dire que la premi\u00e8re ann\u00e9e du quinquennat d\u2019Emmanuel Macron aura \u00e9t\u00e9 un conte de f\u00e9es pour nantis en tout genre. Quasi suppression de l\u2019imp\u00f4t sur la fortune, <em>flat tax<\/em> qui limite l\u2019imposition des revenus du capital \u00e0 30%, telle une f\u00eate \u00e0 Versailles sous Louis XIV, ce fut un v\u00e9ritable feu d\u2019artifice et tant pis pour les vilains qui peuplent le royaume. Hausse de la CSG notamment pour les retrait\u00e9s, hausse des taxes sur l\u2019essence quand beaucoup ne peuvent faire autrement qu\u2019utiliser leur voiture pour se d\u00e9placer, attaque sur le code du travail, la populace fut somm\u00e9e de mettre la main au portefeuille et d\u2019attendre des jours meilleurs.<\/p>\n<h2>Retournement de conjoncture<\/h2>\n<p>De lendemains radieux, il n\u2019y aura point. La timide reprise \u00e9conomique amorc\u00e9e \u00e0 la fin du quinquennat Hollande est d\u00e9j\u00e0 achev\u00e9e, victime des incertitudes internationales, europ\u00e9ennes et de l\u2019\u00e9puisement d\u2019une logique marchande fond\u00e9e sur une croissance infinie. Partout en Europe, les instituts de prospectives r\u00e9visent leurs pr\u00e9visions de croissance \u00e0 la baisse. Gageons que le cumul redoutable de la baisse de la croissance, de la fin des emplois aid\u00e9s et des facilit\u00e9s accrues de licencier avec la r\u00e9forme du code du travail devraient avoir rapidement des cons\u00e9quences n\u00e9fastes sur la courbe du ch\u00f4mage.<\/p>\n<p>Pire, pouss\u00e9e par la remont\u00e9e des prix de l\u2019\u00e9nergie, l\u2019inflation repointe le bout de son nez. Avec la situation inextricable au Proche et Moyen-Orient doubl\u00e9e par la politique belliqueuse de Donald Trump vis-\u00e0-vis de l\u2019Iran, cette situation devrait plut\u00f4t s\u2019aggraver \u00e0 court et moyen termes.<\/p>\n<p>Le gouvernement fran\u00e7ais a donc d\u00fb se r\u00e9soudre, lui aussi, \u00e0 abaisser ses pr\u00e9visions au moment o\u00f9 il faut pr\u00e9parer le budget 2019. Comme il n\u2019envisage nullement de revenir sur sa politique initiale favorisant les plus riches, l\u2019heure est donc aux coupes sombres et au rabot social. <\/p>\n<h2>Les retrait\u00e9s pri\u00e9s de passer \u00e0 la caisse<\/h2>\n<p>Les retrait\u00e9s avaient ador\u00e9 la hausse de la CSG qui les a prioritairement touch\u00e9s et il devrait se d\u00e9lecter de la nouvelle trouvaille du gouvernement\u00a0: d\u00e9coupler les pensions retraites de l\u2019inflation. <em>\u00ab L&#8217;aide personnalis\u00e9e au logement, les allocations familiales, les pensions de retraite (&#8230;) progresseront de fa\u00e7on plus mod\u00e9r\u00e9e, de 0,3\u202f% par an en 2019 et en 2020\u202f \u00bb<\/em> a ainsi affirm\u00e9 le premier ministre Edouard Philippe dans une interview au <em>Journal du Dimanche<\/em>. Avec une inflation \u00e9valu\u00e9e \u00e0 1,6%, c\u2019est donc une perte s\u00e8che de 1,3% pour les retrait\u00e9s qui s\u2019annonce. Il ne s\u2019agit l\u00e0, bien s\u00fbr, que d\u2019une moyenne. Pour les plus modestes dont la part des revenus d\u00e9pens\u00e9s pour se chauffer est plus \u00e9lev\u00e9e, c\u2019est une amputation par les deux bouts qui se produira\u00a0: baisse des revenus d\u2019une part, hausse du gaz ou du fioul d\u2019autre part.<\/p>\n<p>Notons au passage cette curieuse d\u00e9claration du chef du gouvernement\u00a0: <em>\u00ab Les prestations qui b\u00e9n\u00e9ficient \u00e0 nos concitoyens les plus fragiles, comme le RSA, seront augment\u00e9es conform\u00e9ment \u00e0 la loi \u00bb<\/em>. Le gouvernement va donc respecter la loi. Encore heureux pourrait-on dire.<\/p>\n<h2>Haro sur la fonction publique\u00a0!<\/h2>\n<p>Pour les fonctionnaires, la politique gouvernementale s\u2019apparente \u00e0 la double peine. Victime du gel du point d\u2019indice, l\u2019indicateur qui permet de calculer leur r\u00e9mun\u00e9ration, ils n\u2019ont eu que 1,2% d\u2019augmentation depuis le 1er juillet 2010, soit il y un peu plus de huit ans. Nul doute qu\u2019avec le retour de l\u2019inflation, cela va tousser un peu. En 25 ans, de janvier 1994 \u00e0 ao\u00fbt 2018, le point d\u2019indice aura donc augment\u00e9 de 20,6% quand l\u2019inflation progressait, elle, de 41%. C\u2019est donc une forme de smicardisation g\u00e9n\u00e9ralis\u00e9e de la fonction publique qui est \u00e0 l\u2019oeuvre.<\/p>\n<p>Au gel des salaires s\u2019ajoute, en plus, les r\u00e9ductions de postes\u00a0: 4.500 dans la fonction publique d\u2019\u00c9tat en 2019, plus de 10.000 en 2020. En r\u00e9alit\u00e9, comme environ 3.300 postes seront cr\u00e9\u00e9s aux minist\u00e8res de l\u2019int\u00e9rieur et de la justice, c\u2019est donc pr\u00e8s de 8.000 postes qui devraient dispara\u00eetre dans les autres minist\u00e8res. O\u00f9\u00a0? Nul ne le sait encore.<\/p>\n<p>Victime de son dogmatisme lib\u00e9ral et contre toutes les r\u00e9alit\u00e9s \u00e9conomiques et sociales, Emmanuel Macron a largement gav\u00e9 la frange la plus ais\u00e9e de la population fran\u00e7aise. Confront\u00e9 \u00e0 une d\u00e9t\u00e9rioration de la situation \u00e9conomique, son gouvernement s\u2019appr\u00eate d\u00e9sormais \u00e0 frapper durement des millions de Fran\u00e7ais. Le m\u00e9contentement qui ne manquera pas de grandir dans la soci\u00e9t\u00e9 doit maintenant trouver une issue progressiste et \u00e9mancipatrice.<div id='gallery-1' class='gallery galleryid-11147 gallery-columns-3 gallery-size-thumbnail'><figure class='gallery-item'>\n\t\t\t<div class='gallery-icon landscape'>\n\t\t\t\t<a href='https:\/\/archives.regards.fr\/wp-content\/uploads\/2018\/08\/m-7-889.jpg'><img loading=\"lazy\" decoding=\"async\" width=\"150\" height=\"150\" src=\"https:\/\/archives.regards.fr\/wp-content\/uploads\/2018\/08\/m-7-889-150x150.jpg\" class=\"attachment-thumbnail size-thumbnail\" alt=\"m-7.jpg\" \/><\/a>\n\t\t\t<\/div><\/figure>\n\t\t<\/div>\n<\/p>\n","protected":false},"excerpt":{"rendered":"<p>Le gouvernement entame sa deuxi\u00e8me rentr\u00e9e et les r\u00e9formes, notamment \u00e9conomiques, ne devraient pas voir leur rythme s&#8217;essouffler&#8230; au d\u00e9triment, comme d&#8217;habitude, des plus pauvres.<\/p>\n","protected":false},"author":1097,"featured_media":26423,"comment_status":"open","ping_status":"open","sticky":false,"template":"","format":"standard","meta":{"_themeisle_gutenberg_block_has_review":false,"footnotes":""},"categories":[6],"tags":[487],"class_list":["post-11147","post","type-post","status-publish","format-standard","has-post-thumbnail","hentry","category-actu","tag-emmanuel-macron"],"_links":{"self":[{"href":"https:\/\/archives.regards.fr\/index.php?rest_route=\/wp\/v2\/posts\/11147","targetHints":{"allow":["GET"]}}],"collection":[{"href":"https:\/\/archives.regards.fr\/index.php?rest_route=\/wp\/v2\/posts"}],"about":[{"href":"https:\/\/archives.regards.fr\/index.php?rest_route=\/wp\/v2\/types\/post"}],"author":[{"embeddable":true,"href":"https:\/\/archives.regards.fr\/index.php?rest_route=\/wp\/v2\/users\/1097"}],"replies":[{"embeddable":true,"href":"https:\/\/archives.regards.fr\/index.php?rest_route=%2Fwp%2Fv2%2Fcomments&post=11147"}],"version-history":[{"count":0,"href":"https:\/\/archives.regards.fr\/index.php?rest_route=\/wp\/v2\/posts\/11147\/revisions"}],"wp:featuredmedia":[{"embeddable":true,"href":"https:\/\/archives.regards.fr\/index.php?rest_route=\/wp\/v2\/media\/26423"}],"wp:attachment":[{"href":"https:\/\/archives.regards.fr\/index.php?rest_route=%2Fwp%2Fv2%2Fmedia&parent=11147"}],"wp:term":[{"taxonomy":"category","embeddable":true,"href":"https:\/\/archives.regards.fr\/index.php?rest_route=%2Fwp%2Fv2%2Fcategories&post=11147"},{"taxonomy":"post_tag","embeddable":true,"href":"https:\/\/archives.regards.fr\/index.php?rest_route=%2Fwp%2Fv2%2Ftags&post=11147"}],"curies":[{"name":"wp","href":"https:\/\/api.w.org\/{rel}","templated":true}]}}