{"id":11145,"date":"2018-08-23T16:31:00","date_gmt":"2018-08-23T14:31:00","guid":{"rendered":"https:\/\/wp.muchomaas.com\/article-eelv-crise-ou-pas-crise\/"},"modified":"2018-08-23T16:31:00","modified_gmt":"2018-08-23T14:31:00","slug":"article-eelv-crise-ou-pas-crise","status":"publish","type":"post","link":"https:\/\/archives.regards.fr\/?p=11145","title":{"rendered":"EELV : crise ou pas crise ?"},"content":{"rendered":"<p class=\"post_excerpt\">Pour lancer sa campagne des europ\u00e9ennes, la t\u00eate de liste EELV Yannick Jadot a ferm\u00e9 la porte \u00e0 une alliance avec G\u00e9n\u00e9ration.s. Rien de tel pour diviser les \u00e9cologistes d\u2019entr\u00e9e de jeu.<\/p>\n<p>Quand on met deux \u00e9colos autour d\u2019une table, il en sort trois tendances. Ce genre de poncifs colle \u00e0 la peau des \u00e9cologistes depuis un bon bout de temps. Au point que d\u00e8s que l\u2019un d\u2019entre eux \u00e9met une nuance par rapport \u00e0 un autre de ses camarades, on parle de crise.<\/p>\n<p>Vrai ou pas vrai ?<\/p>\n<p>Ainsi, le 19 ao\u00fbt dernier, Yannick <a href=\"https:\/\/www.lejdd.fr\/politique\/yannick-jadot-malgre-lui-hulot-devient-la-caution-verte-du-pouvoir-3735590\">Jadot lance au <em>JDD<\/em><\/a> : <em>\u00ab Notre priorit\u00e9 est de rassembler les \u00e9cologistes autour d&#8217;une ligne claire, pas de faire de la vieille politique avec ses accords d&#8217;appareils et ses confusions. [\u2026] Il existait une possibilit\u00e9 de faire gagner nos id\u00e9es<\/em> [\u00e0 la pr\u00e9sidentielle de 2017, NDLR]<em>. Finalement, l&#8217;\u00e9chec a \u00e9t\u00e9 assez retentissant. Il n&#8217;est pas interdit d&#8217;apprendre de ses erreurs. \u00bb<\/em><\/p>\n<p><em> <strong>LIRE AUSSI SUR REGARDS.FR >> <a href=\"https:\/\/wp.muchomaas.com\/politique\/article\/barbara-romagnan-generation-s-ca-n-a-aucun-sens-politique-qu-on-soit-separe-d\">Barbara Romagnan (G\u00e9n\u00e9ration.s) : \u00ab \u00c7a n\u2019a aucun sens politique qu\u2019on soit s\u00e9par\u00e9 d\u2019EELV \u00bb<\/a><\/strong> <\/em><\/p>\n<p>D\u2019aucuns auront compris que la strat\u00e9gie d\u2019EELV lors de la pr\u00e9sidentielle \u2013 se retirer pour appuyer Beno\u00eet Hamon \u2013 fut une &#8220;erreur&#8221;, erreur \u00e0 ne pas r\u00e9p\u00e9ter aux europ\u00e9ennes en s\u2019alliant avec G\u00e9n\u00e9ration.s.<\/p>\n<p>Et d\u00e8s le lendemain de la parution de cette interview, porte-parole d\u2019EELV Julien <a href=\"https:\/\/www.francetvinfo.fr\/politique\/eelv\/elections-europeennes-je-pense-qu-on-sera-plus-fort-si-on-travaille-ensemble-reagit-julien-bayou_2902409.html#xtor=RSS-3-%5Bpolitique%5D\">Bayou expliquait \u00e0 <em>franceinfo<\/em><\/a> : <em>\u00ab Je pense qu&#8217;on devrait faire avec toutes celles et ceux qui se r\u00e9clament \u00e9cologistes \u00bb<\/em>, ajoutant : <em>\u00ab J&#8217;esp\u00e8re qu&#8217;on pourra \u00e9ventuellement en rediscuter<\/em> [de la d\u00e9cision de Yannick Jadot, NDLR] <em>[\u2026] je pense qu&#8217;on sera plus forts si on travaille ensemble. \u00bb<\/em><\/p>\n<h2>Une nuance \u00e9cologiste<\/h2>\n<p>On pourrait croire que Yannick Jadot et Julien Bayou viennent d\u2019\u00e9mettre deux id\u00e9es diff\u00e9rentes concernant la strat\u00e9gie d\u2019EELV. Pourtant, du c\u00f4t\u00e9 du parti \u00e9cologiste, on refuse d\u2019y voir-l\u00e0 un d\u00e9saccord, un clivage, encore moins de parler de &#8220;crise&#8221;. Que neni !, \u00e0 \u00e9couter David Cormand, secr\u00e9taire national d\u2019EELV : <em>\u00ab Yannick Jadot et Julien Bayou disent \u00e0 peu pr\u00e8s la m\u00eame chose : il faut une offre politique claire autour de l\u2019\u00e9cologie et celles et ceux qui se reconnaissent l\u00e0-dedans ont vocation \u00e0 pouvoir travailler ensemble. Si vous cherchez une nuance, Julien Bayou dit &#8220;oui, si\u2026&#8221; et Yannick Jadot dit &#8220;non, sauf\u2026&#8221;. \u00bb<\/em><\/p>\n<p>D\u2019ailleurs, David Cormand nous explique ne pas voir dans l\u2019interview de Yannick Jadot une fin de non-recevoir \u00e0 l\u2019adresse de G\u00e9n\u00e9ration.s : <em>\u00ab Ce que Yannick exprime, ce sont deux choses largement partag\u00e9es par les militants \u00e9cologistes : sur la pr\u00e9sidentielle, il ne s\u2019agit pas de dire qu\u2019on aurait d\u00fb faire autrement, il s\u2019agit de dire que le pari n\u2019a pas fonctionn\u00e9. La deuxi\u00e8me chose, c\u2019est qu\u2019on est dans un moment de glissement o\u00f9 une partie de la gauche traditionnelle veut reconstruire la gauche. Notre d\u00e9marche est diff\u00e9rente, cette guerre n\u2019est pas la n\u00f4tre, nous, notre bataille, c\u2019est de construire une nouvelle offre politique : l\u2019\u00e9cologie politique. La question tactique est secondaire. \u00bb<\/em><\/p>\n<p>Est-ce \u00e0 dire qu\u2019EELV ne fera pas d\u2019alliances ? Oui. Du moins, pas a priori. Du moins, pas pour le moment. D\u2019apr\u00e8s Sandra Regol, <em>\u00ab la question n\u2019est pas l\u00e0 \u00bb<\/em>. La porte-parole d\u2019EELV poursuit :<\/p>\n<blockquote><p>\u00ab Vous savez, les alliances avec G\u00e9n\u00e9ration.s, avec les communistes ou avec les socialistes, les \u00e9lecteurs s\u2019en fichent compl\u00e8tement. Leur souci, c\u2019est la sant\u00e9 de leurs enfants, l\u2019emploi, etc. \u00bb<\/p><\/blockquote>\n<p>Ainsi, la strat\u00e9gie avanc\u00e9e est celle de la (re)conqu\u00eate de l\u2019imaginaire \u00e9cologiste. Incarnez l\u2019\u00e9cologie, en somme, l\u00e0 o\u00f9 les autres partis de gauche tendront vers le social, le &#8220;d\u00e9gagisme&#8221;.<\/p>\n<p>Mais un doute subsiste, tel que le d\u00e9peint Sergio Coronado, candidat LFI aux europ\u00e9ennes et membre d\u2019EELV : <em>\u00ab Ils \u00e9taient tous favorables \u00e0 faire une liste avec G\u00e9n\u00e9ration.s. Mais ils veulent tous se faire \u00e9lire. Jadot d\u00e9fend l\u2019id\u00e9e d\u2019une liste autonome parce qu\u2019il la conduit. C\u2019est une fa\u00e7on de faire monter les ench\u00e8res. Il ne dirait pas non \u00e0 une liste commune avec G\u00e9n\u00e9ration.s tant qu\u2019il reste t\u00eate de liste. \u00bb<\/em><\/p>\n<p>Et il n\u2019est pas le seul \u00e0 s\u2019agacer. Il y a aussi Esther Benbassa, qui mart\u00e8le : <em>\u00ab Yannick Jadot n\u2019est pas notre secr\u00e9taire national, ce n\u2019est pas au candidat d\u00e9sign\u00e9 par le collectif de parler au nom du parti \u00bb<\/em>. La s\u00e9natrice EELV regrette cette position de <em>\u00ab fermeture \u00bb<\/em> de la part de la t\u00eate de liste qui <em>\u00ab hypoth\u00e8que l\u2019avenir avec des d\u00e9clarations abruptes \u00bb<\/em>. Elle lance : <em>\u00ab Il faut expliquer ce &#8220;non&#8221; cat\u00e9gorique. Malgr\u00e9 les errements de Beno\u00eet Hamon, nous n\u2019avons pas de grandes diff\u00e9rences avec G\u00e9n\u00e9ration.s. \u00bb<\/em><\/p>\n<h2>La perte du monopole de l\u2019\u00e9cologie<\/h2>\n<p>Comment comprendre l\u2019attitude de Yannick Jadot ? Selon Erwan Lec\u0153ur, sociologue sp\u00e9cialiste de l\u2019\u00e9cologie politique, <em>\u00ab tout le probl\u00e8me d\u2019EELV, c\u2019est de reprendre l\u2019option \u00e9cologiste \u00e0 l\u2019heure o\u00f9 tout le monde parle d\u2019\u00e9cologie \u00bb<\/em>. En effet, de La France insoumise \u00e0 G\u00e9n\u00e9ration.s en passant par le PCF, la gauche toute enti\u00e8re s\u2019est saisie, depuis un moment d\u00e9j\u00e0, de la question \u00e9cologique.<\/p>\n<p>Mais il en faut plus pour inqui\u00e9ter David Cormand. <em>\u00ab Macron aussi s\u2019est saisi d\u2019\u00e9cologie<\/em>, nous glisse-t-il. <em>Il s\u2019est m\u00eame saisi de Nicolas Hulot. \u00bb<\/em> Pour le leader d\u2019EELV, parler d\u2019\u00e9cologie ne suffit pas \u00e0 d\u00e9tenir une offre politique coh\u00e9rente. Et Sergio Coronado de r\u00e9torquer :<\/p>\n<blockquote><p>\u00ab A EELV, ils n\u2019ont pas vraiment de strat\u00e9gie, ils pensent qu\u2019il suffit de crier &#8220;\u00e9cologie !&#8221; pour faire un r\u00e9sultat. \u00bb<\/p><\/blockquote>\n<p>Pour sa part, Esther Benbassa craint un <em>\u00ab brouillage \u00bb<\/em> du message d\u2019EELV qui conduirait \u00e0 l\u2019isolement. <em>\u00ab La question est simple<\/em>, r\u00e9sume-t-elle, <em>r\u00e9unir nos forces, partager la dynamique, est-ce que cela renforce notre projet politique ? Est-ce que cela fera gagner l\u2019\u00e9cologie politique ? \u00bb<\/em><\/p>\n<h2>Vers une gauche \u00e0 cinq listes<\/h2>\n<p>Pour ces \u00e9lections europ\u00e9ennes, chaque chapelle hisse son drapeau. On se retrouve ainsi, pour l\u2019instant, avec le PS, EELV, G\u00e9n\u00e9ration.s, le PCF et LFI. On peut s\u2019interroger sur le risque d\u2019un \u00e9parpillement des voix de la gauche, mais Sergio Coronado nous arr\u00eate de suite. Il ne <em>\u00ab comprend pas pourquoi on pose cette question comme si c\u2019\u00e9tait la premi\u00e8re fois qu\u2019il y avait des listes de gauche \u00bb<\/em>.<\/p>\n<p>De toute fa\u00e7on, personne n\u2019a l\u2019air chaud pour former des alliances. Sandra Regol admet bien qu\u2019EELV <em>\u00ab a des proximit\u00e9s avec G\u00e9n\u00e9ration.s, avec LFI et le PCF \u00bb<\/em>, mais la porte-parole \u00e9colo se questionne : <em>\u00ab Est-ce qu\u2019on est m\u00fbrs pour travailler ensemble et proposer un projet de soci\u00e9t\u00e9 l\u00e0, tout de suite, en mai 2019 ? \u00bb<\/em><\/p>\n<p>David Cormand d\u00e9plore quant \u00e0 lui la <em>\u00ab pression unitaire \u00bb<\/em>. Il appelle \u00e0 <em>\u00ab r\u00e9fl\u00e9chir \u00e0 ce que pourrait \u00eatre une coalition qui met en minorit\u00e9 Emmanuel Macron \u00bb<\/em>, ajoutant au passage : <em>\u00ab Ceux qui auraient d\u00fb faire ce travail de leadership, c\u2019est LFI. Ils ont refus\u00e9 de le faire suite \u00e0 la pr\u00e9sidentielle. \u00bb<\/em><\/p>\n<h2>Jadot fait tapis<\/h2>\n<p>Erwan Lec\u0153ur parle de <em>\u00ab syndrome d\u2019EELV \u00bb<\/em> selon lequel le parti a \u00e9t\u00e9 profond\u00e9ment marqu\u00e9 par les europ\u00e9ennes de 2009 \u2013 les \u00e9colos obtenaient alors 16% des voix \u2013 et garde en m\u00e9moire le r\u00eave de rassembler \u00e0 nouveau tous les \u00e9cologistes. Selon le sociologue, Yannick Jadot a <em>\u00ab raison de le faire au moment des europ\u00e9ennes, parce que c\u2019est une \u00e9lection tr\u00e8s favorable aux \u00e9cologistes, \u00e9lection \u00e0 un tour, donc il n\u2019y a pas de rassemblement qui vaille \u00bb<\/em>.<\/p>\n<p>Il reste neuf mois pour que chacun \u00e9tudie le terrain et jauge les opportunit\u00e9s. A en croire David Cormand, <em>\u00ab c\u2019est \u00e0 G\u00e9n\u00e9ration.s de savoir ce qu\u2019ils veulent faire. Si leur proposition, c\u2019est de bricoler un accord d\u2019appareils, on ne le fera pas. On perdrait en coh\u00e9rence, eux comme nous. En revanche, s\u2019il s\u2019agit de construire cette nouvelle gauche du XXI\u00e8me si\u00e8cle, \u00e9cologiste, tout le monde est le bienvenu. \u00bb<\/em><\/p>\n<p><em>\u00ab Tout le monde est le bienvenu. \u00bb<\/em> Comme la sensation que tout le monde dit \u00e7a \u00e0 tout le monde. Ces europ\u00e9ennes ressemblent, pour l\u2019heure, \u00e0 une fin de mercato. Les clubs se font mutuellement du pied pour d\u00e9marcher les meilleurs joueurs. Tous les coups sont permis. Mais bon, EELV ne joue pas au foot.<\/p>\n","protected":false},"excerpt":{"rendered":"<p>Pour lancer sa campagne des europ\u00e9ennes, la t\u00eate de liste EELV Yannick Jadot a ferm\u00e9 la porte \u00e0 une alliance avec G\u00e9n\u00e9ration.s. Rien de tel pour diviser les \u00e9cologistes d\u2019entr\u00e9e de jeu.<\/p>\n","protected":false},"author":1203,"featured_media":0,"comment_status":"open","ping_status":"open","sticky":false,"template":"","format":"standard","meta":{"_themeisle_gutenberg_block_has_review":false,"footnotes":""},"categories":[6],"tags":[457,507],"class_list":["post-11145","post","type-post","status-publish","format-standard","hentry","category-actu","tag-eelv","tag-europeennes-2019"],"_links":{"self":[{"href":"https:\/\/archives.regards.fr\/index.php?rest_route=\/wp\/v2\/posts\/11145","targetHints":{"allow":["GET"]}}],"collection":[{"href":"https:\/\/archives.regards.fr\/index.php?rest_route=\/wp\/v2\/posts"}],"about":[{"href":"https:\/\/archives.regards.fr\/index.php?rest_route=\/wp\/v2\/types\/post"}],"author":[{"embeddable":true,"href":"https:\/\/archives.regards.fr\/index.php?rest_route=\/wp\/v2\/users\/1203"}],"replies":[{"embeddable":true,"href":"https:\/\/archives.regards.fr\/index.php?rest_route=%2Fwp%2Fv2%2Fcomments&post=11145"}],"version-history":[{"count":0,"href":"https:\/\/archives.regards.fr\/index.php?rest_route=\/wp\/v2\/posts\/11145\/revisions"}],"wp:attachment":[{"href":"https:\/\/archives.regards.fr\/index.php?rest_route=%2Fwp%2Fv2%2Fmedia&parent=11145"}],"wp:term":[{"taxonomy":"category","embeddable":true,"href":"https:\/\/archives.regards.fr\/index.php?rest_route=%2Fwp%2Fv2%2Fcategories&post=11145"},{"taxonomy":"post_tag","embeddable":true,"href":"https:\/\/archives.regards.fr\/index.php?rest_route=%2Fwp%2Fv2%2Ftags&post=11145"}],"curies":[{"name":"wp","href":"https:\/\/api.w.org\/{rel}","templated":true}]}}