{"id":11126,"date":"2018-07-10T10:56:00","date_gmt":"2018-07-10T08:56:00","guid":{"rendered":"https:\/\/wp.muchomaas.com\/article-et-en-meme-temps-c-est-fini\/"},"modified":"2018-07-10T10:56:00","modified_gmt":"2018-07-10T08:56:00","slug":"article-et-en-meme-temps-c-est-fini","status":"publish","type":"post","link":"https:\/\/archives.regards.fr\/?p=11126","title":{"rendered":"\u00ab Et en m\u00eame temps \u00bb, c\u2019est fini !"},"content":{"rendered":"<p class=\"post_excerpt\">Des sondages en berne, une \u201c\u00e9conomie\u201d qui peine \u00e0 red\u00e9marrer, un discours devant le congr\u00e8s \u00e0 Versailles sans annonce aucune : rien ne va plus au royaume d\u2019Emmanuel Macron qui a mis fin au <em>\u00ab et en m\u00eame temps \u00bb<\/em>.<\/p>\n<p>En ce moment, les astrologues nous disent que la lune est opposition avec Jupiter. C\u2019est peut-\u00eatre de l\u00e0 que vient le probl\u00e8me. Depuis maintenant plus d\u2019un an qu\u2019Emmanuel Macron a \u00e9t\u00e9 \u00e9lu pr\u00e9sident de la R\u00e9publique, sa majorit\u00e9 \u00e0 l\u2019Assembl\u00e9e nationale, comme les Fran\u00e7ais d\u2019ailleurs, commencent \u00e0 se lasser du style pr\u00e9sidentiel et des r\u00e9formes qui s\u2019encha\u00eenent s\u2019en m\u00eame le temps de crier gare. Les sondages sur l\u2019ex\u00e9cutif d\u00e9clinent de mani\u00e8re significative \u2013 pour s\u2019approcher des pires scores de son pr\u00e9d\u00e9cesseur (d\u00e9tenteur de records d\u2019impopularit\u00e9) \u2013 et l\u2019on voit m\u00eame certains de ses partisans commencer \u00e0 faire la grimace. Il est peut-\u00eatre temps de shooter la lune.<\/p>\n<p>Hier, Emmanuel Macron s\u2019est ainsi adress\u00e9 aux parlementaires r\u00e9unis en congr\u00e8s \u00e0 Versailles. Quatre-vingt onze minutes de discours. C\u2019est plus que Fran\u00e7ois Hollande et Nicolas Sarkozy r\u00e9unis en 2015 et 2009 (respectivement trente-sept et quarante-quatre minutes). Mais pour dire quoi ? Plus qu\u2019une adresse \u00e0 sa majorit\u00e9, aux d\u00e9put\u00e9s et aux s\u00e9nateurs de l\u2019opposition, c\u2019est la pl\u00e8be que le pr\u00e9sident a tent\u00e9 de convaincre en proposant, une nouvelle fois, sa vision : le <em>macronisme<\/em>. Oui mais voil\u00e0, depuis la premi\u00e8re allocution du genre, qui s\u2019est tenue quelques semaines apr\u00e8s son \u00e9lection, il s\u2019est pass\u00e9 un an. Et l\u2019atmosph\u00e8re n\u2019est pas exactement la m\u00eame&#8230;<\/p>\n<h2>Pr\u00eacher tout et son contraire &#8211; mais surtout son contraire<\/h2>\n<p>Au-del\u00e0 du fond des r\u00e9formes successives qui s\u2019encha\u00eenent sur un rythme endiabl\u00e9, c\u2019est surtout sur la qualit\u00e9 du discours que le b\u00e2t de Macron blesse le plus. Derri\u00e8re l\u2019hyperm\u00e9diatisation et l\u2019hyperpr\u00e9sidentialisme, il ne reste souvent plus que des bribes de pens\u00e9es, souvent paradoxales, parfois absconses, qui n\u2019arrivent plus \u00e0 \u00e9mouvoir ni \u00e0 convaincre personne. Ainsi a-t-il propos\u00e9 lundi \u00e0 son public de parlementaires polic\u00e9s, un exercice, classique pour lui, d\u2019affirmations et de contre-affirmations, noy\u00e9 dans un charabia de concepts mous et d\u2019annonces calendaires. Ne voil\u00e0-t-il pas que <em>\u00ab tout pr\u00e9sident de la R\u00e9publique connait le doute \u00bb<\/em> tout en \u00e9tant <em>\u00ab r\u00e9solu \u00bb<\/em>, qu\u2019<em>\u00ab [il] sai[t] qu[\u2018il] ne peu[t] pas tout \u00bb<\/em> mais que <em>\u00ab pour la France et pour sa mission, le pr\u00e9sident de la R\u00e9publique a le devoir de viser haut et [qu\u2019il] n\u2019[a] pas l\u2019intention de manquer \u00e0 ce devoir \u00bb<\/em>. Tout et son contraire donc. Dans le m\u00eame discours. OKLM comme dirait l\u2019autre.<\/p>\n<p>Il faut ajouter \u00e0 cela, bien s\u00fbr, les contre-v\u00e9rit\u00e9s habituelles, que l\u2019on justifie par une volont\u00e9 irr\u00e9pressible de changement \u2013 peu importe vers o\u00f9 ou pour quoi, tant qu\u2019il y a du changement, tout est bon dans le cochon. Ainsi, quand Macron affirme qu\u2019il est <em>\u00ab impossible de pr\u00e9tendre distribuer, quand on ne produit pas assez \u00bb<\/em>, personne n\u2019est l\u00e0 pour lui r\u00e9pondre que c\u2019est faux et que si, on peut redistribuer m\u00eame en produisant peu. Parce que, contrairement \u00e0 ce qu&#8217;il laisse entendre lorsqu\u2019il affirme que <em>\u00ab si l\u2019on veut partager le g\u00e2teau, la premi\u00e8re condition est qu\u2019il y ait un g\u00e2teau \u00bb<\/em>, le <em>\u00ab g\u00e2teau \u00bb<\/em> fran\u00e7ais existe bel et bien ! Voire, il n\u2019a jamais \u00e9t\u00e9 aussi gros si l\u2019on s\u2019en r\u00e9f\u00e8re \u00e0 la richesse des patrons du CAC40 ! La France n\u2019a jamais cr\u00e9\u00e9 autant de richesses donc le <em>\u00ab g\u00e2teau \u00bb<\/em> est bien plus gros qu\u2019autrefois \u2013 notamment quand il s\u2019est agi de cr\u00e9er la S\u00e9curit\u00e9 sociale au lendemain de la guerre alors que l\u2019\u00e9conomie \u00e9tait \u00e0 la peine.<\/p>\n<p>De m\u00eame, lorsqu\u2019il propose sa d\u00e9finition pour le moins l\u00e2che de la notion d\u2019entreprise qui inclut les <em>\u00ab travailleurs \u00bb<\/em>, les <em>\u00ab dirigeants \u00bb<\/em> mais aussi les <em>\u00ab actionnaires \u00bb<\/em>, aucun contradicteur ne vient lui r\u00e9torquer que c\u2019est hautement probl\u00e9matique de consid\u00e9rer dans un m\u00eame tout, les producteurs de la richesse et ceux qui en captent les fruits\u2026 D\u2019autant qu\u2019il ajoute qu\u2019il veut mener <em>\u00ab une politique pour les entreprises \u00bb<\/em> et non pas pour les riches !  Enfin, que dire de sa volont\u00e9, qui a l\u2019air sinc\u00e8re lorsqu\u2019il l\u2019\u00e9nonce, de r\u00e9former la France <em>\u00ab avec tous les acteurs \u00bb <\/em> mais dont on comprend tr\u00e8s bien, dans les phrases qui suivent, que cela va se faire selon ses propres modalit\u00e9s\u2026 Honn\u00eatement, c\u2019est \u00e0 n\u2019y rien comprendre.<\/p>\n<h2>Macron a court de voix<\/h2>\n<p>Mais ce qui agace le plus, c\u2019est lorsque le discours est utilis\u00e9 comme adoucissant pour faire passer une mesure particuli\u00e8rement brutale ou injuste. Et c\u2019est s\u00fbrement cela que les Fran\u00e7ais per\u00e7oivent de la fa\u00e7on la plus aigu\u00eb : il ne peut continuer \u00e0 mener la politique migratoire qu\u2019il a initi\u00e9e depuis un an et affirmer qu\u2019il souhaite <em>\u00ab rester fid\u00e8le \u00e0 la Constitution \u00bb<\/em> et <em>\u00ab prot\u00e9ger de mani\u00e8re inconditionnelle les demandeurs d\u2019asile. \u00bb<\/em> Tout comme il ne peut se faire le fer de lance d\u2019un <em>\u00ab Etat-providence du XXI\u00e8 si\u00e8cle \u00bb<\/em> alors m\u00eame que dans son discours, on comprend tr\u00e8s bien qu\u2019il s\u2019agit pr\u00e9cis\u00e9ment de le d\u00e9tricoter car il serait aujourd\u2019hui devenu <em>\u00ab inadapt\u00e9 \u00bb <\/em> et agirait comme <em>\u00ab une barri\u00e8re. \u00bb<\/em><\/p>\n<p>Le probl\u00e8me d\u2019Emmanuel Macron aujourd\u2019hui, c\u2019est que son discours ne porte plus. Il n\u2019\u00e9tonne plus, il lasse, voire il date. Le &#8220;nouveau monde&#8221; a repris les us et coutumes de l\u2019ancien. Jusque dans le discours : <em>\u00ab il faut lib\u00e9rer l\u2019\u00e9conomie de ses contraintes \u00bb<\/em>. On a parfaitement compris qu\u2019il parlait excellemment bien (m\u00e9pris de classe except\u00e9), qu\u2019il avait une connaissance du syst\u00e8me institutionnel parfaite et que lorsqu\u2019il s\u2019attaque \u00e0 un sujet, on a toujours envie de lui mettre 20 sur 20. Sauf que faire de la politique, diriger un pays, ce n\u2019est pas cela \u2013 ou plut\u00f4t pas uniquement cela. Surtout dans un cadre d\u00e9mocratique qui n\u00e9cessite que les d\u00e9bats puissent \u00eatre productifs et que les corps interm\u00e9diaires soient en capacit\u00e9 de co-construire notre soci\u00e9t\u00e9. Pour \u00e7a, il faut de l\u2019\u00e9coute et de l\u2019empathie \u2013 pr\u00e9cis\u00e9ment ce que des Fran\u00e7ais de plus en plus nombreux semblent reprocher \u00e0 Macron&#8230;<\/p>\n<p>Avancer masqu\u00e9, pr\u00eacher le faux pour faire ce que l\u2019on veut, dire \u00e0 tout le monde de regarder \u00e0 gauche alors que l\u2019on va \u00e0 droite : Emmanuel Macron d\u00e9cr\u00e9dibilise la parole pr\u00e9sidentielle et <em>En Marche<\/em>, celle du politique. Dans leur refus d\u2019assumer qu\u2019ils m\u00e8nent une politique r\u00e9solument de droite \u2013 voire parfois \u00e0 la droite de la droite (apr\u00e8s tout, la loi Asile et immigration n\u2019a-t-elle pas inspir\u00e9e le programme italien de la coalition d\u2019extr\u00eame-droite en mati\u00e8re d\u2019immigration ?), \u00e0 sempiternellement r\u00e9p\u00e9ter que si, la suppression de l\u2019imp\u00f4t sur la fortune, c\u2019est une mesure qui profite \u00e0 tous, ils ont fini par tellement brouiller les cartes qu\u2019ils se brouillent eux-m\u00eames. Et qu\u2019\u00e0 l\u2019enthousiasme pour la chose nouvelle semble avoir succ\u00e9d\u00e9 la m\u00e9fiance\u2026 M\u00eame <a href=\"http:\/\/brain-magazine.fr\/article\/page-president\/47465-Ruth-Elkrief\">Ruth Elkrief commence \u00e0 se poser des questions<\/a> et esp\u00e8re que Macron saura lui <em>\u00ab redonner espoir \u00bb<\/em>, c\u2019est dire.<\/p>\n<h2>Les oppositions \u00e0 l&#8217;offensive<\/h2>\n<p>Et \u00e7a, ce n\u2019est pas bon pour un pr\u00e9sident de la R\u00e9publique qui a fait de sa relation \u00e0 l\u2019opinion publique un gage de sa r\u00e9ussite. Apr\u00e8s la s\u00e9duction et la lune de miel, les Fran\u00e7ais seraient-ils en train de se rendre compte qu\u2019ils ont \u00e9t\u00e9 bern\u00e9s ? La succession de <em>happenings<\/em> par les groupes politiques qui a eu lieu hier, en marge du congr\u00e8s, illustre sans doute cette rupture. Chacun \u00e0 leur mani\u00e8re, ils ont fait part de leur hostilit\u00e9 avec la m\u00e9thode Macron. Ainsi, les Insoumis ont-ils d\u00e9sert\u00e9 Versailles pour envahir les r\u00e9seaux sociaux pour une manifestation en ligne qui a cartonn\u00e9. Certains membres de la famille des R\u00e9publicains ne se sont pas non plus rendus \u00e0 la convocation du pr\u00e9sident. De m\u00eame que les d\u00e9put\u00e9s communistes se sont r\u00e9fugi\u00e9s dans la salle du Jeu de Paume pour pr\u00eater serment et exiger un r\u00e9f\u00e9rendum sur la Constitution. Aussi, plus risible sans doute \u2013 tant ils semblent ne plus savoir o\u00f9 ils habitent \u2013 les parlementaires socialistes (de la Nouvelle Gauche) ont organis\u00e9 un petit rassemblement pour dire que quand m\u00eame, Emmanuel Macron pousse le bouchon un peu loin. La d\u00e9put\u00e9e Val\u00e9rie Rabault, sans blague, a m\u00eame fait r\u00e9f\u00e9rence au 9 juin 1789, date \u00e0 laquelle l\u2019Assembl\u00e9e nationale s\u2019est transform\u00e9e en Constituante. De l\u00e0 \u00e0 dire qu\u2019ils sont pour la VI\u00e8me R\u00e9publique\u2026 <\/p>\n<p>Hier, Emmanuel Macron a donc mis fin au <em>\u00ab et en m\u00eame temps \u00bb<\/em>&#8230; Le cap est maintenant clair. A droite toute. Mais <a href=\"http:\/\/www.liberation.fr\/france\/2018\/07\/08\/alain-minc-l-inegalite-est-trop-forte-nous-risquons-une-insurrection_1665074\">comme le dit Alain Minc lui-m\u00eame<\/a> : <em>\u00abL\u2019in\u00e9galit\u00e9 est trop forte, on risque l\u2019insurrection \u00bb<\/em>. Donc rien n\u2019est jou\u00e9. Et finalement, tout commence peut-\u00eatre aujourd\u2019hui.<\/p>\n","protected":false},"excerpt":{"rendered":"<p>Des sondages en berne, une \u201c\u00e9conomie\u201d qui peine \u00e0 red\u00e9marrer, un discours devant le congr\u00e8s \u00e0 Versailles sans annonce aucune : rien ne va plus au royaume d\u2019Emmanuel Macron qui a mis fin au <em>\u00ab et en m\u00eame temps \u00bb<\/em>.<\/p>\n","protected":false},"author":1204,"featured_media":0,"comment_status":"open","ping_status":"open","sticky":false,"template":"","format":"standard","meta":{"_themeisle_gutenberg_block_has_review":false,"footnotes":""},"categories":[6],"tags":[487],"class_list":["post-11126","post","type-post","status-publish","format-standard","hentry","category-actu","tag-emmanuel-macron"],"_links":{"self":[{"href":"https:\/\/archives.regards.fr\/index.php?rest_route=\/wp\/v2\/posts\/11126","targetHints":{"allow":["GET"]}}],"collection":[{"href":"https:\/\/archives.regards.fr\/index.php?rest_route=\/wp\/v2\/posts"}],"about":[{"href":"https:\/\/archives.regards.fr\/index.php?rest_route=\/wp\/v2\/types\/post"}],"author":[{"embeddable":true,"href":"https:\/\/archives.regards.fr\/index.php?rest_route=\/wp\/v2\/users\/1204"}],"replies":[{"embeddable":true,"href":"https:\/\/archives.regards.fr\/index.php?rest_route=%2Fwp%2Fv2%2Fcomments&post=11126"}],"version-history":[{"count":0,"href":"https:\/\/archives.regards.fr\/index.php?rest_route=\/wp\/v2\/posts\/11126\/revisions"}],"wp:attachment":[{"href":"https:\/\/archives.regards.fr\/index.php?rest_route=%2Fwp%2Fv2%2Fmedia&parent=11126"}],"wp:term":[{"taxonomy":"category","embeddable":true,"href":"https:\/\/archives.regards.fr\/index.php?rest_route=%2Fwp%2Fv2%2Fcategories&post=11126"},{"taxonomy":"post_tag","embeddable":true,"href":"https:\/\/archives.regards.fr\/index.php?rest_route=%2Fwp%2Fv2%2Ftags&post=11126"}],"curies":[{"name":"wp","href":"https:\/\/api.w.org\/{rel}","templated":true}]}}