{"id":11124,"date":"2018-07-05T08:22:00","date_gmt":"2018-07-05T06:22:00","guid":{"rendered":"https:\/\/wp.muchomaas.com\/article-plan-pauvrete-le-j-peux-pas-j-ai-football-du-president-macron\/"},"modified":"2023-06-23T23:29:48","modified_gmt":"2023-06-23T21:29:48","slug":"article-plan-pauvrete-le-j-peux-pas-j-ai-football-du-president-macron","status":"publish","type":"post","link":"https:\/\/archives.regards.fr\/?p=11124","title":{"rendered":"Plan pauvret\u00e9 : le &#8220;j&#8217;peux pas, j&#8217;ai football&#8221; du Pr\u00e9sident Macron"},"content":{"rendered":"<p class=\"post_excerpt\">La semaine prochaine, l&#8217;ex\u00e9cutif doit pr\u00e9senter son plan pauvret\u00e9. Sauf que mardi, les Bleus pourraient bien jouer une demi-finale de coupe du monde. Emmanuel Macron a choisi sa priorit\u00e9.<\/p>\n<p>Chef de l\u2019Etat, Emmanuel Macron ne souhaitait pas d\u2019une <em><a href=\"http:\/\/www.nouvelobs.com\/en-direct\/a-chaud\/43159-politique-emmanuel-macron-vouloir-presidence-bavarde.html\">\u00ab pr\u00e9sidence bavarde \u00bb<\/a><\/em>, disait-il en visant son pr\u00e9d\u00e9cesseur. Et pourtant, il est omnipr\u00e9sent m\u00e9diatiquement. S\u2019il ne donne pas une interview, il communique via les r\u00e9seaux sociaux. Quitte \u00e0 lancer lui-m\u00eame des pol\u00e9miques, comme <a href=\"https:\/\/twitter.com\/SibNdiaye\/status\/1006664614619308033\">cette vid\u00e9o<\/a> o\u00f9 il qualifie les d\u00e9penses sociales de <em><a href=\"https:\/\/wp.muchomaas.com\/politique\/article\/salauds-de-pauvres-la-complainte-de-l-homme-blanc-presidentiel\">\u00ab pognon de dingue \u00bb<\/a><\/em>.<\/p>\n<p>Mais le Pr\u00e9sident assume. Il fait l\u2019actualit\u00e9, il la devance. Du Sarkozy dans le style.<\/p>\n<p>Sauf qu\u2019\u00e0 trop vouloir communiquer pour communiquer, on peut finir par passer \u00e0 c\u00f4t\u00e9 du fond. C\u2019est ce qu\u2019il se passe actuellement avec le plan pauvret\u00e9. Celui-ci devait \u00eatre pr\u00e9sent\u00e9 la semaine prochaine, sauf qu\u2019il y a un probl\u00e8me : le quart de finale de coupe du monde de l\u2019\u00e9quipe de France face \u00e0 l\u2019Uruguay.<\/p>\n<p><em> <strong>LIRE AUSSI SUR REGARDS.FR >> <a href=\"https:\/\/wp.muchomaas.com\/politique\/article\/loi-elan-lrem-s-en-prend-encore-aux-jeunes-aux-pauvres-et-aux-handicapes\">Loi ELAN : LREM s\u2019en prend (encore) aux jeunes, aux pauvres et aux handicap\u00e9s<\/a><\/strong> <\/em><\/p>\n<h2>La com&#8217; avant tout<\/h2>\n<p>Qu\u2019est-ce qu\u2019un match de foot vient faire ici, vous demandez-vous. Nous aussi\u2026<\/p>\n<p>Voici quel \u00e9tait <a href=\"https:\/\/www.lejdd.fr\/politique\/macron-pourquoi-une-victoire-des-bleus-contre-luruguay-pourrait-perturber-la-presentation-du-plan-pauvrete-3701252.amp?__twitter_impression=true\">l\u2019agenda de ce plan pauvret\u00e9<\/a>. Lundi 9 juillet : expos\u00e9 des grandes lignes du plan par le Pr\u00e9sident lors du Congr\u00e8s. Mardi 10 : d\u00e9placement du Pr\u00e9sident en r\u00e9gion parisienne pour \u00e9voquer le sujet. Mercredi 11 : pr\u00e9sentation par le Premier ministre des mesures concr\u00e8tes.<\/p>\n<p>Mais voil\u00e0, si demain, vendredi 6 juillet, les Bleus battent les Uruguayens, Emmanuel Macron a une promesse \u00e0 tenir : se rendre en Russie pour assister \u00e0 la demi-finale le 10 juillet. Deux plans com\u2019 se chevauchent, il faut choisir, ce sera le foot.<\/p>\n<blockquote class=\"twitter-tweet\" data-lang=\"fr\">\n<p lang=\"fr\" dir=\"ltr\">Magnifique victoire de nos Bleus. Un match fondateur. <a href=\"https:\/\/twitter.com\/hashtag\/FRAARG?src=hash&amp;ref_src=twsrc%5Etfw\">#FRAARG<\/a><\/p>\n<p>&mdash; Emmanuel Macron (@EmmanuelMacron) <a href=\"https:\/\/twitter.com\/EmmanuelMacron\/status\/1013092019659558917?ref_src=twsrc%5Etfw\">30 juin 2018<\/a><\/p><\/blockquote>\n<p><script async src=\"https:\/\/platform.twitter.com\/widgets.js\" charset=\"utf-8\"><\/script><\/p>\n<h2>On s\u2019occupera des pauvres \u00e0 la rentr\u00e9e<\/h2>\n<p>Le pire, c\u2019est que le gouvernement assume parfaitement que la question de la lutte contre la pauvret\u00e9 soit index\u00e9 sur le r\u00e9sultat d\u2019un match de football. Ainsi, la ministre de la Sant\u00e9 Agn\u00e8s Buzyn a expliqu\u00e9 <a href=\"https:\/\/twitter.com\/LaMatinaleLCI\/status\/1014402946103115777\">\u00e0 LCI le 4 juillet<\/a> :<\/p>\n<blockquote><p>\u00ab Cela d\u00e9pend peut-\u00eatre aussi des matches de l&#8217;\u00e9quipe de France parce qu&#8217;il y a une question de disponibilit\u00e9 [du pr\u00e9sident de la R\u00e9publique, NDLR]. <strong>Normalement ce plan devrait \u00eatre pr\u00e9sent\u00e9 autour du 10 juillet mais nous verrons si l&#8217;\u00e9quipe de France est en demi-finale ou pas.<\/strong> \u00bb<\/p><\/blockquote>\n<p>Que vient faire ici la ministre de la Sant\u00e9 ? Aucune id\u00e9e. Mais alors, si la France se qualifie pour la demi-finale, quand est-ce que sera pr\u00e9sent\u00e9 ce fameux plan pauvret\u00e9 ? En septembre. Un report de deux mois pour 90 minutes de sport.<\/p>\n<p><a href=\"https:\/\/www.franceinter.fr\/politique\/le-plan-pauvrete-reporte-en-septembre\">Du c\u00f4t\u00e9 de l\u2019Elys\u00e9e<\/a>, on tente de justifier une telle d\u00e9cision :<\/p>\n<blockquote><p>\u00ab L\u2019annonce se fera mieux qu&#8217;entre deux matchs de l&#8217;\u00e9quipe de France, en un temps o\u00f9 les Fran\u00e7ais seront plus r\u00e9ceptifs. <strong>Il faut parler \u00e0 un moment o\u00f9 l&#8217;opinion comprendra les enjeux du probl\u00e8me<\/strong> et l&#8217;action que compte d\u00e9ployer le pr\u00e9sident de la R\u00e9publique. \u00bb<\/p><\/blockquote>\n<p>Les Fran\u00e7ais sont des veaux, comme disait l\u2019autre.<\/p>\n<p>De ce plan pauvret\u00e9, on attend le &#8220;versement social unique&#8221;, c\u2019est-\u00e0-dire le versement de toutes les prestations sociales le m\u00eame jour. Sachant que tout \u00e7a co\u00fbte un pognon de dingue, il faut craindre des coupes budg\u00e9taires. Et puis qui sait ? Si les bleus remportaient le mondial, une coupe dans le pognon de dingue des aides sociales passerait-elle plus facilement.<\/p>\n<p><em> <strong>LIRE AUSSI SUR REGARDS.FR >> <a href=\"https:\/\/wp.muchomaas.com\/politique\/article\/griveaux-justifie-les-500-000-euros-de-vaisselle-de-l-elysee-ca-n-a-pas-ete\">Griveaux justifie les 500.000 euros de vaisselle de l\u2019Elys\u00e9e : \u00ab \u00c7a n\u2019a pas \u00e9t\u00e9 fait depuis Ren\u00e9 Coty \u00bb<\/a><\/strong> <\/em><div id='gallery-1' class='gallery galleryid-11124 gallery-columns-3 gallery-size-thumbnail'><figure class='gallery-item'>\n\t\t\t<div class='gallery-icon landscape'>\n\t\t\t\t<a href='https:\/\/archives.regards.fr\/wp-content\/uploads\/2018\/07\/befunky-collage-25-b77-scaled.jpg'><img loading=\"lazy\" decoding=\"async\" width=\"150\" height=\"150\" src=\"https:\/\/archives.regards.fr\/wp-content\/uploads\/2018\/07\/befunky-collage-25-b77-150x150.jpg\" class=\"attachment-thumbnail size-thumbnail\" alt=\"befunky-collage-25.jpg\" \/><\/a>\n\t\t\t<\/div><\/figure>\n\t\t<\/div>\n<\/p>\n","protected":false},"excerpt":{"rendered":"<p>La semaine prochaine, l&#8217;ex\u00e9cutif doit pr\u00e9senter son plan pauvret\u00e9. Sauf que mardi, les Bleus pourraient bien jouer une demi-finale de coupe du monde. Emmanuel Macron a choisi sa priorit\u00e9.<\/p>\n","protected":false},"author":1203,"featured_media":26390,"comment_status":"open","ping_status":"open","sticky":false,"template":"","format":"standard","meta":{"_themeisle_gutenberg_block_has_review":false,"footnotes":""},"categories":[6],"tags":[487,385],"class_list":["post-11124","post","type-post","status-publish","format-standard","has-post-thumbnail","hentry","category-actu","tag-emmanuel-macron","tag-football"],"_links":{"self":[{"href":"https:\/\/archives.regards.fr\/index.php?rest_route=\/wp\/v2\/posts\/11124","targetHints":{"allow":["GET"]}}],"collection":[{"href":"https:\/\/archives.regards.fr\/index.php?rest_route=\/wp\/v2\/posts"}],"about":[{"href":"https:\/\/archives.regards.fr\/index.php?rest_route=\/wp\/v2\/types\/post"}],"author":[{"embeddable":true,"href":"https:\/\/archives.regards.fr\/index.php?rest_route=\/wp\/v2\/users\/1203"}],"replies":[{"embeddable":true,"href":"https:\/\/archives.regards.fr\/index.php?rest_route=%2Fwp%2Fv2%2Fcomments&post=11124"}],"version-history":[{"count":0,"href":"https:\/\/archives.regards.fr\/index.php?rest_route=\/wp\/v2\/posts\/11124\/revisions"}],"wp:featuredmedia":[{"embeddable":true,"href":"https:\/\/archives.regards.fr\/index.php?rest_route=\/wp\/v2\/media\/26390"}],"wp:attachment":[{"href":"https:\/\/archives.regards.fr\/index.php?rest_route=%2Fwp%2Fv2%2Fmedia&parent=11124"}],"wp:term":[{"taxonomy":"category","embeddable":true,"href":"https:\/\/archives.regards.fr\/index.php?rest_route=%2Fwp%2Fv2%2Fcategories&post=11124"},{"taxonomy":"post_tag","embeddable":true,"href":"https:\/\/archives.regards.fr\/index.php?rest_route=%2Fwp%2Fv2%2Ftags&post=11124"}],"curies":[{"name":"wp","href":"https:\/\/api.w.org\/{rel}","templated":true}]}}