{"id":11087,"date":"2018-06-15T13:41:00","date_gmt":"2018-06-15T11:41:00","guid":{"rendered":"https:\/\/wp.muchomaas.com\/article-l-europe-des-banquiers-et-des-barbeles\/"},"modified":"2023-06-23T23:29:17","modified_gmt":"2023-06-23T21:29:17","slug":"article-l-europe-des-banquiers-et-des-barbeles","status":"publish","type":"post","link":"https:\/\/archives.regards.fr\/?p=11087","title":{"rendered":"L&#8217;Europe des banquiers et des barbel\u00e9s"},"content":{"rendered":"<p class=\"post_excerpt\">Avec la crise de l&#8217;Aquarius qui s&#8217;est vu refuser l&#8217;acc\u00e8s aux ports italiens et opposer le silence complice de la France, on l&#8217;a vu plus que jamais : l&#8217;Union europ\u00e9enne actuelle n&#8217;est pas \u00e0 la hauteur, selon Gildas Le Dem.<\/p>\n<p>Les avatars de l\u2019exp\u00e9rience italienne ne se lassent d\u00e9cid\u00e9ment pas d\u2019\u00eatre plein de le\u00e7ons sur le devenir de l\u2019Europe. On avait d\u00e9j\u00e0 vu les institutions europ\u00e9ennes se mobiliser contre la nomination d\u2019un ministre italien eurosceptique au poste des finances. Et un eurod\u00e9put\u00e9 allemand proposer que la &#8220;tro\u00efka&#8221; (le Fonds mon\u00e9taire international, la Banque centrale europ\u00e9enne et la Commission europ\u00e9enne) prenne, comme en Gr\u00e8ce, d\u2019assaut le Minist\u00e8re des finances italien. Sans pour autant, que les institutions ou les gouvernement europ\u00e9ens aient sembl\u00e9, en revanche, s\u00e9rieusement s\u2019inqui\u00e9ter des politiques migratoires de la coalition form\u00e9e par Lega et le M5S.<\/p>\n<p>Au fond, peu importait les expulsions massives promises, les droits des migrants, le droit international, les droits de l\u2019homme, tant que le consensus autour de la stabilit\u00e9 de l\u2019euro et des politiques d\u2019aust\u00e9rit\u00e9 n\u2019\u00e9tait pas contest\u00e9. Pourquoi l\u2019Union europ\u00e9enne aurait-elle, du reste, protest\u00e9, quand elle se montrait d\u00e9j\u00e0 encline \u00e0 bien peu de r\u00e9clamations \u00e0 l\u2019\u00e9gard de la politique migratoire de la Hongrie ou de la Pologne ? Et faisait d\u00e9j\u00e0 commerce avec la Libye ou la Turquie pour un maintien des migrants hors de ses fronti\u00e8res ? <\/p>\n<h2>Migrants : symbole de la d\u00e9sunion europ\u00e9enne<\/h2>\n<p>Cette semaine, c\u2019est la France d\u2019Emmanuel Macron qui s\u2019est, si l\u2019on peut dire, sp\u00e9cialement illustr\u00e9e. Alors que le nouveau gouvernement italien refusait de voir l\u2019Aquarius aborder ses c\u00f4tes, l\u2019on vit Emmanuel Macron se terrer, se taire pendant pr\u00e8s de 48 heures ; puis s\u2019emporter et qualifier la politique italienne (une fois qu\u2019il fut acquis que le gouvernement italien ne c\u00e9derait pas) d\u2019<em>\u00ab irresponsable et cynique \u00bb<\/em>. On avait alors, bien entendu, envie de lui r\u00e9pondre : pourquoi n\u2019avait-il pas lui-m\u00eame, d\u2019embl\u00e9e, pris les responsabilit\u00e9s qui \u00e9taient les siennes, et devraient \u00eatre celles de la France ouverte qu\u2019il avait promise durant la campagne pr\u00e9sidentielle ? O\u00f9 est le cynisme dans cette affaire ? De quel c\u00f4t\u00e9 est l\u2019\u00e9go\u00efsme des nations, quand on se refuse soi-m\u00eame \u00e0 accueillir les m\u00eames migrants ? Au fond, c\u2019est un peu comme si les habitants de Neuilly ou du XVIe arrondissement disaient aux habitants de Jaur\u00e8s : mais enfin les migrants, que ne les accueillez-vous pas ? <\/p>\n<p>Il ne s\u2019agit \u00e9videmment de donner raison au gouvernement italien. Rien ne peut en effet justifier les discours x\u00e9nophobes de Matteo Salvini et, pour partie, du M5S, qui leur ont, c\u2019est vrai, permis de capter la col\u00e8re des italiens. Rien ne pourra non plus justifier les expulsions massives si elles devaient avoir lieu. En revanche, il faut bien rendre raison de cette col\u00e8re : celle, de fait, d\u2019un pays d\u00e9poss\u00e9d\u00e9 de sa politique \u00e9conomique et financi\u00e8re, vou\u00e9 \u00e0 une discipline budg\u00e9taire inou\u00efe qui jette sa population \u2013 aux premiers rangs desquels sa jeunesse \u2013 dans la pr\u00e9carit\u00e9 et le d\u00e9nuement. Et auquel on demande pourtant, dans le m\u00eame temps, de supporter tout le poids de l\u2019accueil des migrants. Le m\u00e9canisme europ\u00e9en ratifi\u00e9 \u00e0 Dublin veut en effet, que le premier pays d\u2019entr\u00e9e des migrants, en l\u2019esp\u00e8ce l\u2019Italie, prenne en premier lieu la responsabilit\u00e9 d\u2019examiner leur demande. L\u00e0 o\u00f9 l\u2019Italie a d\u00e9j\u00e0 accueilli des centaines de milliers de migrants depuis 2015, la France, loin d\u2019avoir pris sa part de responsabilit\u00e9 \u2013 si l\u2019on doit parler en ces termes \u2013  n\u2019en a accueilli que 6.000, laissant mourir les autres dans les neiges de la Roya.  <\/p>\n<h2>L&#8217;Europe des faux-derches<\/h2>\n<p>Il y a plus g\u00eanant : d\u00e9signer le gouvernement italien \u00e0 la vindicte publique, c\u2019est d\u00e9signer l\u2019un des acteurs p\u00e9riph\u00e9riques du syst\u00e8me europ\u00e9en d\u2019accueil des migrants, sans jamais s\u2019interroger sur le coeur de ce syst\u00e8me lui-m\u00eame. Il appara\u00eetrait vite alors, que l\u2019Italie, comme la Gr\u00e8ce, n\u2019est jamais qu\u2019un avant-poste de l\u2019espace central de l\u2019Union europ\u00e9enne auquel il est demand\u00e9, par d\u00e9l\u00e9gation, de faire front contre les migrants : c\u2019est-\u00e0-dire de fonctionner comme une fronti\u00e8re interne, de mani\u00e8re analogue \u00e0 la mani\u00e8re dont on demande \u00e0 des Etats ext\u00e9rieurs \u00e0 l\u2019Union europ\u00e9enne (la Libye et la Turquie) de fonctionner comme des fronti\u00e8res externes. Il faut bien prendre conscience de cette mutation : dans l\u2019espace de l\u2019Union europ\u00e9enne, les fronti\u00e8res ne s\u2019organisent plus autour de la figure d\u2019une ligne de partage unique, d\u2019une limite d\u00e9finissable par un dehors et un dedans, mais de zones frontali\u00e8res multiples, de fronts o\u00f9 la fronti\u00e8re se voit plus ou moins d\u00e9localis\u00e9e, multipli\u00e9e et \u00e9tendue.  <\/p>\n<p>Or, cet espace frontalier europ\u00e9en stratifi\u00e9 et hi\u00e9rarchis\u00e9 est \u00e9galement parfaitement homog\u00e8ne \u00e0 l\u2019espace de domination de la zone euro, dans lequel l\u2019on trouve, au coeur du syst\u00e8me, des zones centrales (l\u2019Allemagne, la France) qui captent tous les exc\u00e9dents mon\u00e9taires, les gains de productivit\u00e9, les hauts salaires et les plus-values, et, \u00e0 sa marge, des zones p\u00e9riph\u00e9riques et subalternes (la Gr\u00e8ce et l\u2019Italie), grev\u00e9es par les d\u00e9ficits, les dettes, le ch\u00f4mage et la pr\u00e9carit\u00e9 massive. Tout se passe en effet comme si l\u2019aggravation des in\u00e9galit\u00e9s en Europe, apr\u00e8s quarante ann\u00e9es bient\u00f4t, de politiques d\u2019aust\u00e9rit\u00e9 et de d\u00e9possession, de d\u00e9mant\u00e8lement de l\u2019\u00c9tat social au nom de l\u2019int\u00e9gration et de la stabilit\u00e9 de la monnaie europ\u00e9enne, conduisait in\u00e9luctablement, non seulement \u00e0 plus de tensions entre les Etats europ\u00e9ens, mais \u00e0 la d\u00e9sint\u00e9gration de l\u2019espace \u00e9conomique europ\u00e9en lui-m\u00eame, n\u2019\u00e9tait la r\u00e9partition in\u00e9gale de l\u2019accueil des migrants, pour nourrir les ressentiments, les nationalismes, la x\u00e9nophobie et les populismes de droite.<\/p>\n<p>En v\u00e9rit\u00e9, il y a longtemps que l\u2019Europe que l\u2019on nous propose n\u2019a plus grand-chose \u00e0 faire avec une Europe de la prosp\u00e9rit\u00e9 et de la solidarit\u00e9. Encore moins avec une Europe aux avant-postes de la solidarit\u00e9 et du droit international. Et quand, dans la perspective des prochaines \u00e9lections europ\u00e9ennes, on nous propose comme seules perspectives \u2013 de Beno\u00eet Hamon \u00e0 Emmanuel Macron \u2013 la cr\u00e9ation d\u2019un Fond mon\u00e9taire europ\u00e9en et d\u2019une Europe de la d\u00e9fense \u2013 pour qui, et pour quoi faire ? \u2013, on est en droit de se dire que non, d\u00e9cid\u00e9ment non, l\u2019on ne veut pas, l\u2019on ne veut plus de l\u2019Union europ\u00e9enne, de cette Europe des barbel\u00e9s et des banquiers.<div id='gallery-1' class='gallery galleryid-11087 gallery-columns-3 gallery-size-thumbnail'><figure class='gallery-item'>\n\t\t\t<div class='gallery-icon landscape'>\n\t\t\t\t<a href='https:\/\/archives.regards.fr\/wp-content\/uploads\/2018\/06\/europe_1_-52f.png'><img loading=\"lazy\" decoding=\"async\" width=\"150\" height=\"150\" src=\"https:\/\/archives.regards.fr\/wp-content\/uploads\/2018\/06\/europe_1_-52f-150x150.png\" class=\"attachment-thumbnail size-thumbnail\" alt=\"europe_1_.png\" \/><\/a>\n\t\t\t<\/div><\/figure>\n\t\t<\/div>\n<\/p>\n","protected":false},"excerpt":{"rendered":"<p>Avec la crise de l&#8217;Aquarius qui s&#8217;est vu refuser l&#8217;acc\u00e8s aux ports italiens et opposer le silence complice de la France, on l&#8217;a vu plus que jamais : l&#8217;Union europ\u00e9enne actuelle n&#8217;est pas \u00e0 la hauteur, selon Gildas Le Dem.<\/p>\n","protected":false},"author":1,"featured_media":26300,"comment_status":"open","ping_status":"open","sticky":false,"template":"","format":"standard","meta":{"_themeisle_gutenberg_block_has_review":false,"footnotes":""},"categories":[6],"tags":[352,375],"class_list":["post-11087","post","type-post","status-publish","format-standard","has-post-thumbnail","hentry","category-actu","tag-europe","tag-immigration"],"_links":{"self":[{"href":"https:\/\/archives.regards.fr\/index.php?rest_route=\/wp\/v2\/posts\/11087","targetHints":{"allow":["GET"]}}],"collection":[{"href":"https:\/\/archives.regards.fr\/index.php?rest_route=\/wp\/v2\/posts"}],"about":[{"href":"https:\/\/archives.regards.fr\/index.php?rest_route=\/wp\/v2\/types\/post"}],"author":[{"embeddable":true,"href":"https:\/\/archives.regards.fr\/index.php?rest_route=\/wp\/v2\/users\/1"}],"replies":[{"embeddable":true,"href":"https:\/\/archives.regards.fr\/index.php?rest_route=%2Fwp%2Fv2%2Fcomments&post=11087"}],"version-history":[{"count":0,"href":"https:\/\/archives.regards.fr\/index.php?rest_route=\/wp\/v2\/posts\/11087\/revisions"}],"wp:featuredmedia":[{"embeddable":true,"href":"https:\/\/archives.regards.fr\/index.php?rest_route=\/wp\/v2\/media\/26300"}],"wp:attachment":[{"href":"https:\/\/archives.regards.fr\/index.php?rest_route=%2Fwp%2Fv2%2Fmedia&parent=11087"}],"wp:term":[{"taxonomy":"category","embeddable":true,"href":"https:\/\/archives.regards.fr\/index.php?rest_route=%2Fwp%2Fv2%2Fcategories&post=11087"},{"taxonomy":"post_tag","embeddable":true,"href":"https:\/\/archives.regards.fr\/index.php?rest_route=%2Fwp%2Fv2%2Ftags&post=11087"}],"curies":[{"name":"wp","href":"https:\/\/api.w.org\/{rel}","templated":true}]}}