{"id":11083,"date":"2018-06-13T18:59:00","date_gmt":"2018-06-13T16:59:00","guid":{"rendered":"https:\/\/wp.muchomaas.com\/article-salauds-de-pauvres-la-complainte-de-l-homme-blanc-presidentiel\/"},"modified":"2023-06-23T23:29:16","modified_gmt":"2023-06-23T21:29:16","slug":"article-salauds-de-pauvres-la-complainte-de-l-homme-blanc-presidentiel","status":"publish","type":"post","link":"https:\/\/archives.regards.fr\/?p=11083","title":{"rendered":"Salauds de pauvres : la complainte de l\u2019homme blanc pr\u00e9sidentiel"},"content":{"rendered":"<p class=\"post_excerpt\">Pour son discours au congr\u00e8s de la Mutualit\u00e9, Emmanuel Macron a frapp\u00e9 fort : <em>\u00ab pognon de dingue dans les minima sociaux \u00bb<\/em>, <em>\u00ab ceux qui tombent pauvres, ils restent pauvres \u00bb<\/em>, etc. Le m\u00e9pris familier aux accents du ruissellement de la responsabilit\u00e9.<\/p>\n<p>Lourdement lest\u00e9 par son statut amplement m\u00e9rit\u00e9 de &#8220;pr\u00e9sident des riches&#8221;, le discours d\u2019Emmanuel Macron au congr\u00e8s de la Mutualit\u00e9 fran\u00e7aise, ce mercredi 13 juin, avait \u00e9t\u00e9 savamment orchestr\u00e9 par la pl\u00e9thorique cellule communication de l\u2019Elys\u00e9e. On allait voir ce qu\u2019on allait voir. Avec ce d\u00e9licieux discours pr\u00e9tentieux servi en boucle depuis un an, <a href=\"https:\/\/france3-regions.francetvinfo.fr\/occitanie\/herault\/montpellier\/montpellier-emmanuel-macron-attendu-au-corum-tracer-cadre-ses-reformes-sociales-1493169.html\">\u00e9tait donc annonc\u00e9<\/a> : <em>\u00ab Un discours strat\u00e9gique sur une nouvelle mani\u00e8re de pr\u00e9venir les grands risques sociaux comme le ch\u00f4mage, la maladie et la retraite. Cette vision, au fur et \u00e0 mesure des r\u00e9formes sectorielles, a un peu perdu de sa visibilit\u00e9. \u00bb<\/em> Car n\u2019oublions pas, l\u00e0 o\u00f9 tant de t\u00e2cherons ne proposent que des mesurettes forc\u00e9ment co\u00fbteuses, le pr\u00e9sident descendu de l\u2019Olympe livre une pens\u00e9e complexe et \u00e9labor\u00e9e.<\/p>\n<p>Ce discours ne serait donc pas un <em>\u00ab tournant social \u00bb<\/em> mais un <em>\u00ab approfondissement \u00bb<\/em> qui <em>\u00ab veut prendre les in\u00e9galit\u00e9s \u00e0 la racine pour les r\u00e9soudre \u00bb<\/em>. Disons-le franchement, le discours pr\u00e9sidentiel a bien \u00e9t\u00e9 \u00e0 la hauteur de ce qui avait \u00e9t\u00e9 pr\u00e9alablement annonc\u00e9 sur au moins un point : il n\u2019y a effectivement aucun tournant social. Rien, z\u00e9ro.<\/p>\n<h2>La th\u00e9orie contredite par la pratique<\/h2>\n<p>Si on ne peut qu\u2019approuver une approche qui consiste \u00e0 ne pas simplement se contenter du volet curatif en d\u00e9veloppant aussi la pr\u00e9vention, il est totalement contredit par les politiques publiques \u00e0 l\u2019\u0153uvre. Ne prenons en exemple qu\u2019un seul cas de figure celui de la m\u00e9decine scolaire, ou tout du moins ce qu\u2019il en reste. En Seine-Saint-Denis, 17 des 49 postes de m\u00e9decins scolaires n\u2019\u00e9taient pas pourvus il y a peu. Pour se faire une id\u00e9e plus pr\u00e9cise du d\u00e9sastre, \u00e0 Bobigny, pr\u00e9fecture du d\u00e9partement, il n\u2019y aurait ainsi plus <em>\u00ab\u2009qu\u2019un demi-poste pour 29 \u00e9coles, 4 coll\u00e8ges et 3 lyc\u00e9es\u2009\u00bb<\/em>, bref autant dire que pour la pr\u00e9vention, \u00e7a ne va pas \u00eatre simple. La m\u00e9decine du travail est de m\u00eame sans cesse affaiblie, en particulier dans la fonction publique.<\/p>\n<p>\u00c0 d\u00e9faut de pens\u00e9e visionnaire, profonde et strat\u00e9gique, int\u00e9ressons-nous tout de m\u00eame \u00e0 l\u2019id\u00e9ologie pr\u00e9sidentielle, \u00e0 vrai dire, il faudrait plut\u00f4t parler de son dogmatisme lib\u00e9ral voire libertarien. Dans une vid\u00e9o saisissante (<a href=\"https:\/\/abonnes.lemonde.fr\/emmanuel-macron\/article\/2018\/06\/13\/pour-macron-les-aides-sociales-coutent-un-pognon-de-dingue-sans-resoudre-la-pauvrete_5313870_5008430.html\">ici par exemple<\/a>) du Pr\u00e9sident, on entendra notamment : <em>\u00ab Il faut pr\u00e9venir la pauvret\u00e9 et responsabiliser les gens pour qu\u2019ils sortent de la pauvret\u00e9 \u00bb<\/em>. Car bien s\u00fbr s\u2019il y a de la pauvret\u00e9, c\u2019est parce que les gens sont irresponsables, il s\u2019y complaise voyez vous mon bon monsieur. Des assist\u00e9s, Jupiter vous le dit : <em>\u00ab On met un pognon de dingue dans les minima sociaux, les gens sont quand m\u00eame pauvres \u00bb<\/em>, <em>\u00ab ceux qui tombent pauvres, ils restent pauvres \u00bb<\/em>. Cette derni\u00e8re phrase est en soi tout un po\u00e8me.<\/p>\n<blockquote class=\"twitter-tweet\" data-lang=\"fr\">\n<p lang=\"fr\" dir=\"ltr\">Le Pr\u00e9sident ? Toujours exigeant. Pas encore satisfait du discours qu\u2019il prononcera demain au congr\u00e8s de la Mutualit\u00e9, il nous pr\u00e9cise donc le brief ! Au boulot ! <a href=\"https:\/\/t.co\/2mjy1JmOVv\">pic.twitter.com\/2mjy1JmOVv<\/a><\/p>\n<p>&mdash; Sibeth Ndiaye (@SibNdiaye) <a href=\"https:\/\/twitter.com\/SibNdiaye\/status\/1006664614619308033?ref_src=twsrc%5Etfw\">12 juin 2018<\/a><\/p><\/blockquote>\n<p><script async src=\"https:\/\/platform.twitter.com\/widgets.js\" charset=\"utf-8\"><\/script><\/p>\n<h2>Une maladie nomm\u00e9e &#8220;pauvret\u00e9&#8221;<\/h2>\n<p>Car voil\u00e0 un concept fort int\u00e9ressant que ce &#8220;tomber pauvre&#8221;. On devient donc pauvre comme on tombe amoureux, malade. C\u2019est comme \u00e7a, m\u00e9lange de faute \u00e0 pas de chance, d\u2019accidents de la vie et de comportements inad\u00e9quats. La responsabilit\u00e9 de dizaines d\u2019ann\u00e9es de politique de d\u00e9r\u00e9glementation en tout genre ? Vous n\u2019y pensez pas. La concurrence extr\u00eamement libre et totalement fauss\u00e9e qui a g\u00e9n\u00e9r\u00e9 des d\u00e9serts industriels sur des pans entiers du territoire ? \u00c9videmment rien \u00e0 voir. Les politiques de r\u00e9ductions des co\u00fbts qui ont asphyxi\u00e9 les villes petites et moyennes ? Vous d\u00e9lirez. Au fond, on &#8220;tombe pauvre&#8221; comme on &#8220;meurt de froid&#8221;. Dans un cas, c\u2019est la faute du froid, m\u00e9chant va, et non en raison de la mis\u00e8re dans l\u2019autre, c\u2019est la faute du pauvre, gav\u00e9 aux allocations.<\/p>\n<p>Il est vrai qu\u2019une autre approche pointerait les responsabilit\u00e9s de Macron Emmanuel, lui qui, successivement a \u00e9t\u00e9 <a href=\"https:\/\/wp.muchomaas.com\/web\/article\/rapports-attali-jacques-a-dit-emmanuel-execute\">rapporteur de la mission Attali<\/a>, ministre de l&#8217;\u00c9conomie, secr\u00e9taire g\u00e9n\u00e9ral adjoint de l&#8217;Elys\u00e9e, et d\u00e9sormais pr\u00e9sident de la R\u00e9publique. Autant dire un crime de l\u00e8se-majest\u00e9.<\/p>\n<p>Il y a peu, ce pr\u00e9sident arrogant d\u00e9clarait lors de la remise du plan Borloo sur les banlieues : <em>\u00ab Que deux m\u00e2les blancs ne vivant pas dans ces quartiers s&#8217;\u00e9changent l&#8217;un rapport, l&#8217;autre disant &#8220;on m&#8217;a remis un plan&#8221;&#8230; Ce n&#8217;est pas vrai. Cela ne marche plus comme \u00e7a&#8221; \u00bb<\/em>. Le proc\u00e9d\u00e9 \u00e9tait un peu curieux puisque c\u2019est le pr\u00e9sident de la R\u00e9publique lui-m\u00eame qui avait demand\u00e9 ce rapport, mais prenons le au mot. Inapte \u00e0 parler des quartiers populaires, il n\u2019est pas s\u00fbr non plus qu\u2019un pr\u00e9sident issu du monde de la finance et qui s\u2019est compos\u00e9 un gouvernement d\u2019assujettis \u00e0 l\u2019ISF soit qualifi\u00e9 en quoi que ce soit pour r\u00e9gler la pauvret\u00e9 dans ce pays. <em>\u00ab Cela ne marche plus comme \u00e7a \u00bb<\/em>.<\/p>\n<p><em> <strong>LIRE AUSSI SUR REGARDS.FR >> <a href=\"https:\/\/wp.muchomaas.com\/l-humeur-du-jour\/article\/un-jupiter-a-l-eau-benite\">Un Jupiter \u00e0 l\u2019eau b\u00e9nite<\/a><\/strong> <\/em><div id='gallery-1' class='gallery galleryid-11083 gallery-columns-3 gallery-size-thumbnail'><figure class='gallery-item'>\n\t\t\t<div class='gallery-icon landscape'>\n\t\t\t\t<a href='https:\/\/archives.regards.fr\/wp-content\/uploads\/2018\/06\/befunky-collage-14-0c8-scaled.jpg'><img loading=\"lazy\" decoding=\"async\" width=\"150\" height=\"150\" src=\"https:\/\/archives.regards.fr\/wp-content\/uploads\/2018\/06\/befunky-collage-14-0c8-150x150.jpg\" class=\"attachment-thumbnail size-thumbnail\" alt=\"befunky-collage-14.jpg\" \/><\/a>\n\t\t\t<\/div><\/figure>\n\t\t<\/div>\n<\/p>\n","protected":false},"excerpt":{"rendered":"<p>Pour son discours au congr\u00e8s de la Mutualit\u00e9, Emmanuel Macron a frapp\u00e9 fort : <em>\u00ab pognon de dingue dans les minima sociaux \u00bb<\/em>, <em>\u00ab ceux qui tombent pauvres, ils restent pauvres \u00bb<\/em>, etc. Le m\u00e9pris familier aux accents du ruissellement de la responsabilit\u00e9.<\/p>\n","protected":false},"author":1097,"featured_media":26292,"comment_status":"open","ping_status":"open","sticky":false,"template":"","format":"standard","meta":{"_themeisle_gutenberg_block_has_review":false,"footnotes":""},"categories":[6],"tags":[487],"class_list":["post-11083","post","type-post","status-publish","format-standard","has-post-thumbnail","hentry","category-actu","tag-emmanuel-macron"],"_links":{"self":[{"href":"https:\/\/archives.regards.fr\/index.php?rest_route=\/wp\/v2\/posts\/11083","targetHints":{"allow":["GET"]}}],"collection":[{"href":"https:\/\/archives.regards.fr\/index.php?rest_route=\/wp\/v2\/posts"}],"about":[{"href":"https:\/\/archives.regards.fr\/index.php?rest_route=\/wp\/v2\/types\/post"}],"author":[{"embeddable":true,"href":"https:\/\/archives.regards.fr\/index.php?rest_route=\/wp\/v2\/users\/1097"}],"replies":[{"embeddable":true,"href":"https:\/\/archives.regards.fr\/index.php?rest_route=%2Fwp%2Fv2%2Fcomments&post=11083"}],"version-history":[{"count":0,"href":"https:\/\/archives.regards.fr\/index.php?rest_route=\/wp\/v2\/posts\/11083\/revisions"}],"wp:featuredmedia":[{"embeddable":true,"href":"https:\/\/archives.regards.fr\/index.php?rest_route=\/wp\/v2\/media\/26292"}],"wp:attachment":[{"href":"https:\/\/archives.regards.fr\/index.php?rest_route=%2Fwp%2Fv2%2Fmedia&parent=11083"}],"wp:term":[{"taxonomy":"category","embeddable":true,"href":"https:\/\/archives.regards.fr\/index.php?rest_route=%2Fwp%2Fv2%2Fcategories&post=11083"},{"taxonomy":"post_tag","embeddable":true,"href":"https:\/\/archives.regards.fr\/index.php?rest_route=%2Fwp%2Fv2%2Ftags&post=11083"}],"curies":[{"name":"wp","href":"https:\/\/api.w.org\/{rel}","templated":true}]}}