{"id":11064,"date":"2018-06-03T18:53:00","date_gmt":"2018-06-03T16:53:00","guid":{"rendered":"https:\/\/wp.muchomaas.com\/article-elections-europeennes-a-quoi-joue-le-pcf\/"},"modified":"2018-06-03T18:53:00","modified_gmt":"2018-06-03T16:53:00","slug":"article-elections-europeennes-a-quoi-joue-le-pcf","status":"publish","type":"post","link":"https:\/\/archives.regards.fr\/?p=11064","title":{"rendered":"Elections europ\u00e9ennes : \u00e0 quoi joue le PCF ?"},"content":{"rendered":"<p class=\"post_excerpt\">En d\u00e9signant Ian Brossat comme chef de file du PCF pour les prochaines \u00e9lections europ\u00e9ennes, les communistes partent \u00e0 la bataille sans La France insoumise, apr\u00e8s avoir appel\u00e9 au rassemblement pendant des semaines.<\/p>\n<p>La d\u00e9signation ce week-end par le Conseil national du PCF de Ian Brossat comme t\u00eate de liste, pardon, &#8220;chef de file&#8221; du Parti communiste aux \u00e9lections europ\u00e9ennes contient deux informations. La premi\u00e8re est donc qu\u2019il y aura, \u00e0 gauche, deux listes qui se positionneront en principe sur une critique sociale et radicale de la construction europ\u00e9enne. Une liste de La France insoumise et une liste du PCF, m\u00eame si Ian Brossat n&#8217;\u00e9carte pas une alliance avec les autres partis de gauche. La d\u00e9signation de celui-ci comme t\u00eate de liste indique bien la fin de toute perspective de discussion avec LFI. Il est le symbole de la discorde qui mit fin au Front de gauche \u00e0 la suite de la d\u00e9cision des communistes parisiens de s\u2019allier au premier tour avec Anne Hidalgo. Trois protagonistes \u2013 que l\u2019on va retrouver \u2013 \u00e9taient alors aux premi\u00e8res loges : Pierre Laurent, secr\u00e9taire national et s\u00e9nateur de Paris, Igor Zamichiei, secr\u00e9taire de la f\u00e9d\u00e9ration PCF de Paris et Ian Brossat chef de file des \u00e9lus parisiens et futur maire adjoint d&#8217;Anne Hidalgo. <\/p>\n<p>Cette d\u00e9cision est-elle prise avec un espoir de succ\u00e8s, de reprise du leadership \u00e0 la gauche de gauche ? Tous les sondages sont cruels et laissent peu d\u2019espoir et le rapport est aujourd\u2019hui de 1 \u00e0 10. Il y a moins d\u2019un an, lors des l\u00e9gislatives, tous les duels entre le PCF et LFI ont \u00e9t\u00e9 remport\u00e9e par les Insoumis \u2013 \u00e0 l\u2019exception de Gennevilliers (Elsa Faucillon) et du Puy de d\u00f4me (Andr\u00e9 Chassaigne). On ne voit aucunement l\u2019espace politique pour un tel pari. Et les imp\u00e9trants le savent bien. <\/p>\n<p>Ils prennent cette d\u00e9cision alors m\u00eame que les europ\u00e9ennes se tiendront moins d\u2019un an avant les \u00e9lections municipales qui est le v\u00e9ritable enjeu des communistes car il les ancre encore dans une pratique et dans l\u2019espace politique. Les cons\u00e9quences d\u2019une telle d\u00e9cision seront sans limite : partout les \u00e9lus et les militants communistes seront conduits \u00e0 choisir entre deux listes au prix d\u2019un d\u00e9chirement plus grand sur le plan local. Le r\u00e9sultat sera une tr\u00e8s probable g\u00e9n\u00e9ralisation des listes concurrentes PCF\/LFI. Le PCF ayant des difficult\u00e9s \u00e0 croire sauver les meubles avec le PS !<\/p>\n<p><em> <strong>LIRE AUSSI SUR REGARDS.FR >> <a href=\"https:\/\/wp.muchomaas.com\/l-humeur-du-jour\/article\/au-pcf-c-est-le-moment-du-degagisme\">Au PCF, c\u2019est le moment du d\u00e9gagisme<\/a><\/strong> <\/em><\/p>\n<h2>Que veulent les trois principaux acteurs ?<\/h2>\n<p>Ian Brossat cherche une sortie pour le cas probable o\u00f9 Anne Hidalgo perdrait la ville de Paris. En \u00e9tant t\u00eate de liste d\u2019une liste nationale il grimpe en notori\u00e9t\u00e9. Et pour une longue carri\u00e8re \u00e7a compte. <\/p>\n<p>Pierre Laurent esp\u00e8re sauver son poste de secr\u00e9taire national, fortement contest\u00e9. Il ne fait aucun doute qu\u2019un deal a \u00e9t\u00e9 pass\u00e9 avec les amis de Zamichiei qui exigeait une liste autonome du PCF aux europ\u00e9ennes conduite par Ian Brossat. Ils viennent de l\u2019obtenir. Pierre Laurent veut croire qu\u2019il est encore en position centrale et peut repr\u00e9senter une alternative \u00e0 la ligne dure de Zamichiei. Ce deal durera s\u00fbrement ce que dure les roses\u2026<\/p>\n<p>Quant \u00e0 Igor Zamichiei, il est le grand vainqueur avant m\u00eame la tenue du congr\u00e8s du PCF. Il obtient la liste autonome. Igor Zamichiei n\u2019est pas stupide. Il sait le r\u00e9sultat qu\u2019elle obtiendra tr\u00e8s certainement. Mais cela fait partie de la strat\u00e9gie qu\u2019il a tr\u00e8s clairement \u00e9nonc\u00e9e : assumer la travers\u00e9e du d\u00e9sert pour mieux rebondir. C&#8217;est bien parti pour l&#8217;insolation.<\/p>\n<p><em> <strong>A VOIR AUSSI SUR REGARDS.FR >> <a href=\"https:\/\/wp.muchomaas.com\/la-midinale\/article\/pierre-laurent-il-faudra-necessairement-rassembler-toutes-les-forces-de-la\">Pierre Laurent : \u00ab Il faudra n\u00e9cessairement rassembler toutes les forces de la gauche europ\u00e9enne \u00bb<\/a><\/strong> <\/em><\/p>\n","protected":false},"excerpt":{"rendered":"<p>En d\u00e9signant Ian Brossat comme chef de file du PCF pour les prochaines \u00e9lections europ\u00e9ennes, les communistes partent \u00e0 la bataille sans La France insoumise, apr\u00e8s avoir appel\u00e9 au rassemblement pendant des semaines.<\/p>\n","protected":false},"author":464,"featured_media":0,"comment_status":"open","ping_status":"open","sticky":false,"template":"","format":"standard","meta":{"_themeisle_gutenberg_block_has_review":false,"footnotes":""},"categories":[6],"tags":[507,406],"class_list":["post-11064","post","type-post","status-publish","format-standard","hentry","category-actu","tag-europeennes-2019","tag-pcf"],"_links":{"self":[{"href":"https:\/\/archives.regards.fr\/index.php?rest_route=\/wp\/v2\/posts\/11064","targetHints":{"allow":["GET"]}}],"collection":[{"href":"https:\/\/archives.regards.fr\/index.php?rest_route=\/wp\/v2\/posts"}],"about":[{"href":"https:\/\/archives.regards.fr\/index.php?rest_route=\/wp\/v2\/types\/post"}],"author":[{"embeddable":true,"href":"https:\/\/archives.regards.fr\/index.php?rest_route=\/wp\/v2\/users\/464"}],"replies":[{"embeddable":true,"href":"https:\/\/archives.regards.fr\/index.php?rest_route=%2Fwp%2Fv2%2Fcomments&post=11064"}],"version-history":[{"count":0,"href":"https:\/\/archives.regards.fr\/index.php?rest_route=\/wp\/v2\/posts\/11064\/revisions"}],"wp:attachment":[{"href":"https:\/\/archives.regards.fr\/index.php?rest_route=%2Fwp%2Fv2%2Fmedia&parent=11064"}],"wp:term":[{"taxonomy":"category","embeddable":true,"href":"https:\/\/archives.regards.fr\/index.php?rest_route=%2Fwp%2Fv2%2Fcategories&post=11064"},{"taxonomy":"post_tag","embeddable":true,"href":"https:\/\/archives.regards.fr\/index.php?rest_route=%2Fwp%2Fv2%2Ftags&post=11064"}],"curies":[{"name":"wp","href":"https:\/\/api.w.org\/{rel}","templated":true}]}}