{"id":11022,"date":"2018-05-16T12:29:00","date_gmt":"2018-05-16T10:29:00","guid":{"rendered":"https:\/\/wp.muchomaas.com\/article-le-ruissellement-de-la-pauvrete\/"},"modified":"2023-06-23T23:28:02","modified_gmt":"2023-06-23T21:28:02","slug":"article-le-ruissellement-de-la-pauvrete","status":"publish","type":"post","link":"https:\/\/archives.regards.fr\/?p=11022","title":{"rendered":"Le ruissellement de la pauvret\u00e9"},"content":{"rendered":"<p class=\"post_excerpt\">Dans son dernier rapport annuel, l&#8217;ONG Oxfam, qui lutte contre les in\u00e9galit\u00e9s, revient sur la responsabilit\u00e9 des grandes entreprises fran\u00e7aises dans le creusement de ces in\u00e9galit\u00e9s. Analyse.<\/p>\n<p>L\u2019amplification continue des in\u00e9galit\u00e9s en France est un constat d\u00e9sormais d\u2019une rare banalit\u00e9. Loin des supercheries et autres escroqueries du discours pr\u00e9sidentiel sur <em>\u00ab\u00a0les premiers de cord\u00e9es\u00a0\u00bb<\/em>, deux nouvelles \u00e9tudes viennent de d\u00e9montrer le caract\u00e8re pr\u00e9dateur du n\u00e9olib\u00e9ralisme d\u2019une part, l\u2019aggravation de la situation des populations les plus fragiles d\u2019autres part.<\/p>\n<h2>La France, royaume des rentiers<\/h2>\n<p>L\u2019organisation non gouvernementale Oxfam a publi\u00e9 le 11 mai une enqu\u00eate\u00a0: <a href=\"https:\/\/www.oxfamfrance.org\/sites\/default\/files\/_rapport_oxfam_cac40_des_profits_sans_partage_embargo140518_bd.pdf\"><em>CAC 40 des profits sans partage<\/em><\/a>. La lecture de ce rapport de 84 pages permet de d\u2019appr\u00e9hender le co\u00fbt exorbitant du capital dans ce pays.<\/p>\n<p>En moyenne, sur la p\u00e9riode 2009-2016, les entreprises du CAC 40 ont revers\u00e9 67,4% des b\u00e9n\u00e9fices aux actionnaires et accord\u00e9 27,3% au r\u00e9investissement dans l\u2019entreprise. Ah, j\u2019allais oublier, les salari\u00e9s eux se sont content\u00e9s de 5,3%. Selon, l\u2019ONG, la France est m\u00eame devenue championne du monde en mati\u00e8re de redistributions des dividendes. <\/p>\n<p>La progression de la part d\u00e9volue aux actionnaires est en effet spectaculaire\u00a0: <em>\u00ab\u00a0Les entreprises du CAC 40 n\u2019ont pas toujours \u00e9t\u00e9 aussi g\u00e9n\u00e9reuses avec leurs actionnaires : si elles leur ont distribu\u00e9 plus de 67% de leurs b\u00e9n\u00e9fices en 2016, ce taux ne d\u00e9passait pas les 30% dans les ann\u00e9es 2000\u00a0\u00bb<\/em>.<\/p>\n<h2>Responsabilit\u00e9 des grands groupes fran\u00e7ais<\/h2>\n<p>Au-del\u00e0 de la voracit\u00e9 sans limite des actionnaires, c\u2019est la capacit\u00e9 des grands groupes \u00e0 agir contre la soci\u00e9t\u00e9 qui appara\u00eet au grand jour. Ils utilisent pour cela deux leviers : le premier consiste \u00e0 <em>\u00ab\u00a0exercer une pression \u00e0 la baisse sur les salaires au sein de leurs groupes et dans leurs cha\u00eenes d\u2019approvisionnement\u00a0\u00bb<\/em>, ce qui aboutit \u00e0 une paup\u00e9risation relative (et parfois absolue) des salari\u00e9s par rapport aux actionnaires.<\/p>\n<p>Le second levier pour maximiser les b\u00e9n\u00e9fices est tout aussi redoutable\u00a0: l\u2019organisation \u00e0 grande \u00e9chelle de l\u2019\u00e9vasion fiscale avec notamment le recours massifs aux paradis fiscaux\u00a0: <em>\u00ab\u00a0parmi leurs filiales d\u00e9clar\u00e9es, les entreprises du CAC 40 d\u00e9tiennent 1 454 filiales dans les paradis fiscaux en 2016, soit 20% de plus qu&#8217;en 2008\u00a0\u00bb<\/em>. Les cons\u00e9quences sont connues, la perte pour l\u2019\u00c9tat se traduira par des coupes budg\u00e9taires et la d\u00e9gradation des services publics. <\/p>\n<p>Non seulement la strat\u00e9gie des grands groupes fragilise la soci\u00e9t\u00e9 mais, en privil\u00e9giant le rendement financier imm\u00e9diat au d\u00e9triment de l\u2019investissement, c\u2019est la p\u00e9rennit\u00e9 m\u00eame des soci\u00e9t\u00e9s qui s\u2019en trouve fragilis\u00e9e\u00a0: <em>\u00ab\u00a0en 2011 par exemple, alors que les b\u00e9n\u00e9fices \u00e9taient en baisse de plus de 10%, les entreprises du CAC 40 ont augment\u00e9 les dividendes vers\u00e9s aux actionnaires de plus de 15% (+5,9 milliards d\u2019euros) et sacrifi\u00e9 leur capacit\u00e9 \u00e0 investir en la diminuant de plus de 38% (-17 milliards d\u2019euros)\u00a0\u00bb<\/em>.<\/p>\n<p>Au-del\u00e0 de cette ann\u00e9e de la pr\u00e9dation, l\u2019\u00e9quilibre entre dividendes et r\u00e9investissement sur la p\u00e9riode 2009-2016 s\u2019\u00e9tablit \u00e0 71% pour la r\u00e9mun\u00e9ration du capital contre 29% \u00e0 l\u2019investissement. A titre de comparaison, au d\u00e9but des ann\u00e9es 1980, la situation \u00e9tait exactement inverse, puisque <a href=\"https:\/\/blogs.alternatives-economiques.fr\/chavagneux\/2014\/03\/10\/les-distributions-de-dividendes-plombent-l-investissement-des-entreprises\">les dividendes repr\u00e9sentait la moiti\u00e9 de l\u2019investissement<\/a>. Loin d\u2019\u00eatre des locomotives tant vant\u00e9s par la Macronie, ces <em>\u00ab\u00a0premiers de cord\u00e9es\u00a0\u00bb<\/em> sont en fait des boulets pour ne pas dire des parasites de la soci\u00e9t\u00e9.<\/p>\n<h2>Une pauvret\u00e9 inqui\u00e9tante<\/h2>\n<p>Le parall\u00e8le de l\u2019enqu\u00eate Oxfam avec l\u2019autre \u00e9tude parue cette semaine, celle de l\u2019Observatoire des In\u00e9galit\u00e9s, est plus que saisissant\u00a0: la pauvret\u00e9 augmente chez les plus jeunes mais n&#8217;\u00e9pargne pas les plus \u00e2g\u00e9s. Ce constat est en soi un r\u00e9quisitoire accablant contre les politiques men\u00e9es depuis des d\u00e9cennies et dessine les contours d\u2019une soci\u00e9t\u00e9 qui, sciemment, abandonne les plus jeunes et les plus fragiles.<\/p>\n<p><em>\u00ab\u00a0Le nombre d\u2019enfants de pauvres et de jeunes adultes modestes a augment\u00e9 de 700.000 depuis 2004, soit +36%\u00a0\u00bb<\/em> constate le rapport. Ph\u00e9nom\u00e8ne aggravant, le seuil de pauvret\u00e9 retenu est celui de 50% du niveau de vie m\u00e9dian, crit\u00e8re que retenait la France jusqu\u2019en 2008, avant d\u2019\u00e9tablir ce taux \u00e0 60% comme l\u2019ensemble de l\u2019Union Europ\u00e9enne\u00a0. Dit autrement, avec les normes actuelles, les chiffres indiqu\u00e9s sur les courbes ci-dessous seraient bien plus importants, en appliquant le taux d\u00e9sormais en vigueur. <\/p>\n<p><img loading=\"lazy\" decoding=\"async\" class=\" aligncenter size-full wp-image-26163\" src=\"https:\/\/wp.muchomaas.com\/wp-content\/uploads\/2018\/05\/capture_d_e_cran_2018-05-16_a_18-6c0.28.27.png\" alt=\"capture_d_e_cran_2018-05-16_a_18.28.27.png\" align=\"center\" width=\"609\" height=\"561\" srcset=\"https:\/\/archives.regards.fr\/wp-content\/uploads\/2018\/05\/capture_d_e_cran_2018-05-16_a_18-6c0.28.27.png 609w, https:\/\/archives.regards.fr\/wp-content\/uploads\/2018\/05\/capture_d_e_cran_2018-05-16_a_18-6c0.28.27-300x276.png 300w\" sizes=\"auto, (max-width: 609px) 100vw, 609px\" \/><br \/>\n<em>Source : Insee \u2013 \u00a9 Observatoire des in\u00e9galit\u00e9s<\/em><\/p>\n<p>Non seulement plus d\u20191,5 million de mineurs sont concern\u00e9s mais <em>\u00ab\u00a0la pauvret\u00e9 frappe aussi durement les jeunes adultes (de 18 \u00e0 29 ans), cat\u00e9gorie d\u2019\u00e2ge pour laquelle la progression a \u00e9t\u00e9 la plus forte\u00a0: leur taux de pauvret\u00e9 a augment\u00e9 de 8% \u00e0 12,5% entre 2004 et 2015\u00a0\u00bb<\/em>.<\/p>\n<p>Pour les plus \u00e2g\u00e9s, si la pauvret\u00e9 tend \u00e0 diminuer chez les septuag\u00e9naires, elle augmente significativement dans la tranche 60-69 ans. Cette situation devrait s\u2019aggraver dans les ann\u00e9es \u00e0 venir, au fur et \u00e0 mesure que des g\u00e9n\u00e9rations ayant connu des p\u00e9riodes de ch\u00f4mage et victimes des contre-r\u00e9formes sur les retraites cesseront leurs activit\u00e9s.<\/p>\n<p>Face au discours publicitaire du gouvernement sur la <em>\u00ab\u00a0cord\u00e9e\u00a0\u00bb<\/em> qui tire l\u2019ensemble de la soci\u00e9t\u00e9, c\u2019est au contraire un ph\u00e9nom\u00e8ne de ciseaux qu\u2019indiquent les diff\u00e9rentes statistiques \u00e0 disposition. D\u2019un c\u00f4t\u00e9 une minorit\u00e9 insatiable qui s\u2019enrichit toujours davantage, de l\u2019autre la d\u00e9gradation pour des millions de personnes : telle est la situation. Une raison suppl\u00e9mentaire pour participer \u00e0 toutes les initiatives visant \u00e0 porter un coup d\u2019arr\u00eat aux politiques gouvernementales, et r\u00e9ussir une v\u00e9ritable <em>\u00ab\u00a0mar\u00e9e populaire\u00a0\u00bb<\/em> le 26 mai dans la rue.<div id='gallery-1' class='gallery galleryid-11022 gallery-columns-3 gallery-size-thumbnail'><figure class='gallery-item'>\n\t\t\t<div class='gallery-icon landscape'>\n\t\t\t\t<a href='https:\/\/archives.regards.fr\/wp-content\/uploads\/2018\/05\/capture_d_e_cran_2018-05-16_a_18-c35.28.27.png'><img loading=\"lazy\" decoding=\"async\" width=\"150\" height=\"150\" src=\"https:\/\/archives.regards.fr\/wp-content\/uploads\/2018\/05\/capture_d_e_cran_2018-05-16_a_18-c35.28.27-150x150.png\" class=\"attachment-thumbnail size-thumbnail\" alt=\"capture_d_e_cran_2018-05-16_a_18.28.27.png\" \/><\/a>\n\t\t\t<\/div><\/figure>\n\t\t<\/div>\n<\/p>\n","protected":false},"excerpt":{"rendered":"<p>Dans son dernier rapport annuel, l&#8217;ONG Oxfam, qui lutte contre les in\u00e9galit\u00e9s, revient sur la responsabilit\u00e9 des grandes entreprises fran\u00e7aises dans le creusement de ces in\u00e9galit\u00e9s. Analyse.<\/p>\n","protected":false},"author":1097,"featured_media":26163,"comment_status":"open","ping_status":"open","sticky":false,"template":"","format":"standard","meta":{"_themeisle_gutenberg_block_has_review":false,"footnotes":""},"categories":[8],"tags":[],"class_list":["post-11022","post","type-post","status-publish","format-standard","has-post-thumbnail","hentry","category-economie"],"_links":{"self":[{"href":"https:\/\/archives.regards.fr\/index.php?rest_route=\/wp\/v2\/posts\/11022","targetHints":{"allow":["GET"]}}],"collection":[{"href":"https:\/\/archives.regards.fr\/index.php?rest_route=\/wp\/v2\/posts"}],"about":[{"href":"https:\/\/archives.regards.fr\/index.php?rest_route=\/wp\/v2\/types\/post"}],"author":[{"embeddable":true,"href":"https:\/\/archives.regards.fr\/index.php?rest_route=\/wp\/v2\/users\/1097"}],"replies":[{"embeddable":true,"href":"https:\/\/archives.regards.fr\/index.php?rest_route=%2Fwp%2Fv2%2Fcomments&post=11022"}],"version-history":[{"count":0,"href":"https:\/\/archives.regards.fr\/index.php?rest_route=\/wp\/v2\/posts\/11022\/revisions"}],"wp:featuredmedia":[{"embeddable":true,"href":"https:\/\/archives.regards.fr\/index.php?rest_route=\/wp\/v2\/media\/26163"}],"wp:attachment":[{"href":"https:\/\/archives.regards.fr\/index.php?rest_route=%2Fwp%2Fv2%2Fmedia&parent=11022"}],"wp:term":[{"taxonomy":"category","embeddable":true,"href":"https:\/\/archives.regards.fr\/index.php?rest_route=%2Fwp%2Fv2%2Fcategories&post=11022"},{"taxonomy":"post_tag","embeddable":true,"href":"https:\/\/archives.regards.fr\/index.php?rest_route=%2Fwp%2Fv2%2Ftags&post=11022"}],"curies":[{"name":"wp","href":"https:\/\/api.w.org\/{rel}","templated":true}]}}