{"id":10988,"date":"2018-04-27T16:43:17","date_gmt":"2018-04-27T14:43:17","guid":{"rendered":"https:\/\/wp.muchomaas.com\/article-journee-d-etudes-autour-de-1968\/"},"modified":"2023-06-23T23:27:47","modified_gmt":"2023-06-23T21:27:47","slug":"article-journee-d-etudes-autour-de-1968","status":"publish","type":"post","link":"https:\/\/archives.regards.fr\/?p=10988","title":{"rendered":"Journ\u00e9e d&#8217;\u00e9tudes autour de 1968"},"content":{"rendered":"<p class=\"post_excerpt\">1968 : revisiter la p\u00e9riode et penser l\u2019\u00e9v\u00e9nement, \u00e0 la lumi\u00e8re des sciences humaines et sociales<\/p>\n<p><B>Mercredi 2 mai, de 9h30 \u00e0 17h30 h<\/B><br \/>\n<B>Maison des Sciences de l&#8217;Homme Paris Nord<\/B><br \/>20, avenue George Sand &#8211; 93210 La Plaine Saint-DenisM\u00e9tro : Front-Populaire (Ligne 12)Plan d&#8217;acc\u00e8s<br \/>\n<B>Entr\u00e9e libre sous r\u00e9serve des places disponibles. <\/B><br \/><a href=\"mailto:inscription@gabrielperi.fr\">Inscriptions : inscription@gabrielperi.fr<\/a><br \/>\n\u00a0<\/p>\n<p>\n<strong><em>4 tables rondes<br \/>\n<\/strong><\/em><\/p>\n<p>&nbsp;<\/p>\n<p><h2><B>1.<\/h2>\n<p> 9h30 \u2013 11h00. Le mouvement social et ses diff\u00e9rentes composantes :\u00a0retour sur le sens des \u00e9v\u00e9nements, la lecture des mouvements sociaux dans l\u2019espace national, les \u00e9tudiants, le monde ouvrier et les salari\u00e9s, le monde rural et les paysans, les intellectuels. Animateur et discutant\u00a0: Alain Bertho, Universit\u00e9 Paris 8, MSH Paris Nord<\/B><\/p>\n<p>Avec\u00a0:<br \/>\n<B>Jean-Philippe Legois<\/B>, Universit\u00e9 de Reims &#8211; Champagne-Ardenne \/ Cit\u00e9 des m\u00e9moires \u00e9tudiantes. Auteur de : &#8220;Les slogans de mai 68&#8221; (First), &#8220;33 jours qui \u00e9branl\u00e8rent la Sorbonne&#8221; (Syllepse).<br \/>\n<B>Ludivine Bantigny<\/B>, Universit\u00e9 de Rouen, derni\u00e8res publications\u00a0: 1968 de grands soirs en petits matins (Seuil, 2018); La France \u00e0 l&#8217;heure du monde. De 1981 \u00e0 nos jours (Seuil, 2013 r\u00e9\u00e9d. 2018)<br \/>\n<B>Fr\u00e9d\u00e9rique Matonti<\/B>, Universit\u00e9 Paris 1<br \/>\n<B>Jean-Philippe Martin<\/B>, agr\u00e9g\u00e9 d&#8217;histoire, &#8220;Luttes paysannes dans l&#8217;Ouest et en Languedoc avant et apr\u00e8s le printemps 1968, \u00e9l\u00e9ments de comparaison&#8230;&#8221; Auteur de Des &#8220;mai 68&#8221; dans les campagnes fran\u00e7aises ?, L&#8217;Harmattan, 2017 et de Histoire de la nouvelle gauche paysanne, La D\u00e9couverte, 2005.<\/p>\n<p><h2><B>2.<\/h2>\n<p> 11h15 \u2013 12h45. La politique interpell\u00e9e, en France et en Europe, les organisations au d\u00e9fi, engagement et r\u00e9action. Animateur et discutant\u00a0: Serge Wolikow, Fondation Gabriel P\u00e9ri. <\/B><br \/>\nAvec\u00a0:<br \/>\n<B>Jean Vigreux<\/B>, MSH de Dijon, Universit\u00e9 de Bourgogne; auteur de Mai juin 1968 en Bourgogne, Dijon, EUD, 2018 et\u00a0Croissance et contestation 1958-1981, (Histoire de la France contemporaine n\u00b09), Paris, Seuil, 2018<br \/>\n<B>Roger Martelli<\/B>, Fondation Gabriel P\u00e9ri, auteur de Communistes en 1968, le grand malentendu, Editions sociales, \u00e0 para\u00eetre le 3 mai prochain<br \/>\n<B>Bernard Ravenel<\/B>, Institut Tribune socialiste<br \/>\n<B>Sylvain Lazarus<\/B>, Universit\u00e9 Paris 8 : &#8220;Lisibilit\u00e9 et illisibilit\u00e9 de mai 68&#8221;. Publication:\u00a0L&#8217;intelligence de la politique, AL DANTE, ed. 2013.<br \/>\n<B>Gilles Richard<\/B>, Universit\u00e9 Rennes 2, auteur d\u2019Histoire des droites en France de 1815 \u00e0 nos jours, Perrin, 2017.<\/p>\n<p><h2><B>3.<\/h2>\n<p> 14h00 \u2013 15h30. Images et repr\u00e9sentations, images d\u2019hier et expositions actuelles, recherches et relectures. Animateur et discutant\u00a0: Jean Vigreux<\/B><br \/>\nAvec\u00a0:<br \/>\n<B>Audrey Leblanc<\/B>, docteure en histoire de l&#8217;Ehess, commissaire de l&#8217;exposition &#8220;Ic\u00f4nes de Mai 68 : les images ont une histoire&#8221;, BnF Tolbiac (du 17 avril au 26 ao\u00fbt 2018). Derni\u00e8res publications: avec Dominique Versavel (dir.), le catalogue Ic\u00f4nes de Mai 68 : les images ont une histoire, Paris, BnF \u00e9ditions, 2018; avec S\u00e9bastien Dupuy, &#8220;Le fonds Sygma exploit\u00e9 par Corbis, une autre histoire du photojournalisme&#8221;, Etudes photographiques n\u00b035, printemps 2017, p. 88-111.<br \/>\n<B>Alain Bertho<\/B>, anthropologue<br \/>\n<B>Serge Wolikow<\/B>, Universit\u00e9 de Bourgogne, Fondation Gabriel Peri<br \/>\n<B>Antoine Aubert<\/B>, doctorant en science politique, Universit\u00e9 Paris 1, publications\u00a0: \u00ab\u00a0Multitudes\u00a0: aux origines d\u2019une revue radicale, Raisons politiques, vol. 67, n\u00b03\u00a0; \u00ab\u00a0Les intellectuels apr\u00e8s-68 et Marx. De la fascination aux adieux\u00a0\u00bb, in Antony Burlaud et Jean-Numa Ducange (dir), Marx, Une passion fran\u00e7aise, Paris, La D\u00e9couverte, 2018,\u00a0\u00e0 para\u00eetre.<\/p>\n<p><h2><B>4.<\/h2>\n<p> 15h45 \u2013 17h15. Dimensions internationales et approche globale : L\u2019\u00e9v\u00e9nement vu du Sud, en Europe centrale et URSS, du c\u00f4t\u00e9 des Etats \u2013Unis. Animateur et discutant\u00a0: Roger Martelli, Fondation Gabriel P\u00e9ri. <\/B><br \/>\n<B>Fran\u00e7oise Blum<\/B>, Universit\u00e9 Paris 1<br \/>\n<B>Catherine Samary<\/B>, \u00e9conomiste; derni\u00e8re publication\u00a0: Du communisme d\u00e9colonial \u00e0 une d\u00e9mocratie des communs, Editions du Croquant, d\u00e9cembre 2017<br \/>\n<B>Andr\u00e9 Gratchev<\/B>,\u00a0politologue, ancien conseiller de Mikha\u00efl Gorbatchev<br \/>\n<B>Jim Cohen<\/B>, Paris 3 Sorbonne Nouvelle, \u00ab\u00a0L\u2019ann\u00e9e 1968 aux Etats-Unis, le tournant politique\u00a0\u00bb<br \/>\n\u00a0<br \/>\n<a href=\"http:\/\/www.gabrielperi.fr\/journ%25C3%25A9e-d%25C3%25A9tudes-autour-de-1968.html\">Plus d\u2019information ici<\/a><div id='gallery-1' class='gallery galleryid-10988 gallery-columns-3 gallery-size-thumbnail'><figure class='gallery-item'>\n\t\t\t<div class='gallery-icon landscape'>\n\t\t\t\t<a href='https:\/\/archives.regards.fr\/wp-content\/uploads\/2018\/04\/te_le_chargement-91f.jpg'><img loading=\"lazy\" decoding=\"async\" width=\"150\" height=\"150\" src=\"https:\/\/archives.regards.fr\/wp-content\/uploads\/2018\/04\/te_le_chargement-91f-150x150.jpg\" class=\"attachment-thumbnail size-thumbnail\" alt=\"te_le_chargement.jpg\" \/><\/a>\n\t\t\t<\/div><\/figure>\n\t\t<\/div>\n<\/p>\n","protected":false},"excerpt":{"rendered":"<p>1968 : revisiter la p\u00e9riode et penser l\u2019\u00e9v\u00e9nement, \u00e0 la lumi\u00e8re des sciences humaines et sociales<\/p>\n","protected":false},"author":1,"featured_media":26083,"comment_status":"open","ping_status":"open","sticky":false,"template":"","format":"standard","meta":{"_themeisle_gutenberg_block_has_review":false,"footnotes":""},"categories":[6],"tags":[359],"class_list":["post-10988","post","type-post","status-publish","format-standard","has-post-thumbnail","hentry","category-actu","tag-exclure-de-la-home"],"_links":{"self":[{"href":"https:\/\/archives.regards.fr\/index.php?rest_route=\/wp\/v2\/posts\/10988","targetHints":{"allow":["GET"]}}],"collection":[{"href":"https:\/\/archives.regards.fr\/index.php?rest_route=\/wp\/v2\/posts"}],"about":[{"href":"https:\/\/archives.regards.fr\/index.php?rest_route=\/wp\/v2\/types\/post"}],"author":[{"embeddable":true,"href":"https:\/\/archives.regards.fr\/index.php?rest_route=\/wp\/v2\/users\/1"}],"replies":[{"embeddable":true,"href":"https:\/\/archives.regards.fr\/index.php?rest_route=%2Fwp%2Fv2%2Fcomments&post=10988"}],"version-history":[{"count":0,"href":"https:\/\/archives.regards.fr\/index.php?rest_route=\/wp\/v2\/posts\/10988\/revisions"}],"wp:featuredmedia":[{"embeddable":true,"href":"https:\/\/archives.regards.fr\/index.php?rest_route=\/wp\/v2\/media\/26083"}],"wp:attachment":[{"href":"https:\/\/archives.regards.fr\/index.php?rest_route=%2Fwp%2Fv2%2Fmedia&parent=10988"}],"wp:term":[{"taxonomy":"category","embeddable":true,"href":"https:\/\/archives.regards.fr\/index.php?rest_route=%2Fwp%2Fv2%2Fcategories&post=10988"},{"taxonomy":"post_tag","embeddable":true,"href":"https:\/\/archives.regards.fr\/index.php?rest_route=%2Fwp%2Fv2%2Ftags&post=10988"}],"curies":[{"name":"wp","href":"https:\/\/api.w.org\/{rel}","templated":true}]}}