{"id":10974,"date":"2018-04-23T13:55:28","date_gmt":"2018-04-23T11:55:28","guid":{"rendered":"https:\/\/wp.muchomaas.com\/article-extremes-droites-un-deux-plusieurs-bannon\/"},"modified":"2023-06-23T23:27:40","modified_gmt":"2023-06-23T21:27:40","slug":"article-extremes-droites-un-deux-plusieurs-bannon","status":"publish","type":"post","link":"https:\/\/archives.regards.fr\/?p=10974","title":{"rendered":"Extr\u00eames droites : un, deux, plusieurs Bannon ?"},"content":{"rendered":"<p class=\"post_excerpt\">Dans <em>Le Nouveau Clivage<\/em>, J\u00e9r\u00f4me Fourquet donne les cl\u00e9s d\u2019analyse de scrutin aussi embl\u00e9matique de la crise que le Brexit, le vote Trump ou les \u00e9lections pr\u00e9sidentielles fran\u00e7aise et autrichienne. Analyse par le politiste Ga\u00ebl Brustier.<\/p>\n<p>Les droites extr\u00eames sont en \u00e9bullition. A Lille, Steve Bannon, le redout\u00e9 strat\u00e8ge de la campagne Trump, est venu adouber le Front National des Le Pen. Plus de onze millions de bulletins portant le nom Le Pen sont d\u2019ailleurs tomb\u00e9s dans l\u2019urne en mai 2017. A Rome, Matteo Salvini, le chef de la Lega \u2013 la Ligue du Nord fond\u00e9e par Umberto Bossi \u2013 s\u2019appr\u00eate \u00e0 entrer au Palais Chigi \u00e0 la t\u00eate d\u2019une coalition de <em>centre-droit<\/em> tirant \u00e0 l\u2019extr\u00eame-droite. En Autriche, la candidature de Norbert Hofer \u00e0 l\u2019\u00e9lection pr\u00e9sidentielle de 2017 a donn\u00e9 une assise r\u00e9elle aux id\u00e9es <em>national-allemandes<\/em> du FP\u00d6.<\/p>\n<p>On pourrait multiplier les exemples de scrutins au cours desquels des forces de droite radicale, national-populistes, identitaires ont r\u00e9alis\u00e9 des performances impressionnantes, confinant parfois au spectaculaire. Steve Bannon incarne \u00e0 lui tout seul la capacit\u00e9 de droites, encore marginales hier, \u00e0 se saisir de scrutins majeurs, \u00e0 les emporter ou \u00e0 y r\u00e9aliser des performances sans commune mesure avec ce qu\u2019elles r\u00e9alisaient dans le pass\u00e9. Cependant ces droites nouvelles s\u2019inscrivent dans une perspective nouvelle, un nouveau clivage n\u00e9 d\u2019un rapport au monde cliv\u00e9 au sein de nos soci\u00e9t\u00e9s.<\/p>\n<h2>Un nouveau clivage explicatif<\/h2>\n<p>J\u00e9r\u00f4me Fourquet met \u00e0 nu les logiques globales qui dessinent les contours de ce <em>\u00ab nouveau clivage \u00bb<\/em> (1) et nous permet d\u2019entrevoir une part de notre avenir dans un monde o\u00f9 les droites ne seraient pas seulement d\u00e9complex\u00e9es mais passeraient \u00e0 l\u2019offensive en s\u2019insinuant dans les secteurs de notre soci\u00e9t\u00e9 les plus disponibles pour leur discours. L\u2019activation syst\u00e9matique de certains clivages a \u00e9t\u00e9 r\u00e9v\u00e9l\u00e9e par les affaires relatives au r\u00f4le jou\u00e9 par <em>Facebook<\/em> et <em>Cambridge Analytica<\/em> dans la campagne de Donald J. Trump comme le d\u00e9montre notamment le caract\u00e8re d\u00e9terminant qu\u2019ils rev\u00eatent dans les joutes \u00e9lectorales de la p\u00e9riode.<\/p>\n<p>Le clivage sociologique r\u00e9v\u00e9l\u00e9 sous plusieurs facettes par Fourquet est spectaculaire. Le niveau \u00e9ducatif est un formidable discriminant entre, par exemple, partisans et opposants au Brexit au Royaume-Uni mais aussi \u00e9lecteurs du candidat d\u2019extr\u00eame-droite Norbert Hofer face \u00e0 l\u2019\u00e9cologiste Alexander Van der Bellen. Dans ce dernier cas 19% des d\u00e9tenteurs d\u2019un dipl\u00f4me universitaire votent Hofer contre 67% de ceux qui ont suivi un apprentissage. Aux Etats-Unis, les mois dipl\u00f4m\u00e9s votent Trump \u00e0 51% contre 37% chez les plus dipl\u00f4m\u00e9s. La r\u00e9gularit\u00e9 de cette opposition entre les <em>premiers de la classe<\/em> et les <em>derniers de la classe<\/em> pour reprendre l\u2019image du journaliste Chris Arnade cit\u00e9 par J\u00e9r\u00f4me Fourquet transcende les fronti\u00e8res.<\/p>\n<p>Autre aspect, les mondes ouvriers tendent \u00e0 basculer, eux aussi, dans l\u2019escarcelle des nouvelles droites populistes. Si 25% des ouvriers ont vot\u00e9 pour Jean-Luc M\u00e9lenchon au premier tour de la pr\u00e9sidentielle de 2017 et que le total en faveur de la gauche est de l\u2019ordre de 40%, Marine Le Pen mobilise \u00e0 elle seule 39% des ouvriers. Enfin l\u2019opposition entre <em>nomades<\/em> et <em>s\u00e9dentaires<\/em> permet elle aussi bien saisir les contours des combats politiques et \u00e9lectoraux \u00e0 venir.<\/p>\n<p>Mais l\u2019apport majeur du travail de J\u00e9r\u00f4me Fourquet concerne la g\u00e9ographie sociale : issue de l\u2019int\u00e9gration \u00e0 l\u2019\u00e9conomie globalis\u00e9e, la nouvelle g\u00e9ographie sociale est aussi une nouvelle g\u00e9ographie \u00e9lectorale et politique. L\u2019opposition entre m\u00e9tropoles et p\u00e9riph\u00e9ries se reproduit aussi \u00e0 l\u2019int\u00e9rieur m\u00eame des m\u00e9tropoles tandis qu\u2019entre France de l\u2019Est et France de l\u2019Ouest, une France pessimiste et une France optimiste se dessinent et s\u2019opposent.<\/p>\n<h2>Un effet de la crise du capitalisme<\/h2>\n<p>On l\u2019a compris : les cat\u00e9gories les plus dipl\u00f4m\u00e9es, les plus ais\u00e9es des m\u00e9tropoles votent Macron au second tour de 2017, pour le <em>Remain<\/em> contre le <em>Leave<\/em> lors du Brexit, contre Hofer au c\u0153ur de Vienne, contre Trump etc\u2026 Il y a bien, dans ce nouveau clivage, une dimension essentielle li\u00e9e au rapport \u00e0 la mondialisation.<\/p>\n<p>Dans la mutation du capitalisme contemporain, tr\u00e8s r\u00e9v\u00e9latrice est aussi l\u2019opposition des <em>\u00ab bassins industriels sinistr\u00e9s \u00bb<\/em> et des <em>\u00ab foyers de la nouvelle \u00e9conomie \u00bb<\/em> dont un des reflets est l\u2019opposition persistante sur l\u2019Arc Alpin entre fonds de vall\u00e9e industriels et stations de ski. Il faut bien s\u00fbr relier cette g\u00e9ographie et cette sociologie \u00e9lectorales aux spasmes n\u00e9s de la crise et \u00e0 la lutte qui se joue au c\u0153ur m\u00eame du capitalisme pour d\u00e9finir les modalit\u00e9s de la sortie de crise.<\/p>\n<p>Le basculement de la classe ouvri\u00e8re, celui des p\u00e9riph\u00e9ries d\u00e9laiss\u00e9es interroge. On pourrait rappeler la g\u00e9ographie du vote Mitterrand en 1981 et voir qu\u2019\u00e0 maints \u00e9gards, c\u2019est une g\u00e9ographie en n\u00e9gatif de celle du vote Macron. En Italie aussi, le rapport de force au sein du <em>centro-destra<\/em> montre une \u00e9volution marqu\u00e9e par la mont\u00e9e en puissance d\u2019une Lega qui a investi beaucoup d\u2019\u00e9nergie dans la captation des suffrages ouvriers notamment et de ceux qui s\u2019estiment fragilis\u00e9s par la globalisation<\/p>\n<h2>Un d\u00e9fi pour la gauche<\/h2>\n<p>Pour les forces de gauche, il s\u2019agit de ne pas se r\u00e9fugier dans la d\u00e9ploration ou la condamnation morale mais bien de repartir \u00e0 l\u2019assaut de milieux qui, d\u00e9laiss\u00e9s par la social-d\u00e9mocratie, ignor\u00e9s par les politiques publiques n\u2019en sont pas moins disponible pour un destin collectif \u2013 \u00e9lectoral et politique \u2013 autre que le vote pour Trump, Le Pen ou le FP\u00d6. Toutefois cette vision des choses implique la convocation d\u2019une farouche volont\u00e9. Il s\u2019agit, en prenant en compte cette nouvelle g\u00e9ographie, de penser une strat\u00e9gie renouvel\u00e9e, un projet contre-h\u00e9g\u00e9monique. Pour l\u2019heure, le risque est surtout de voir s\u2019\u00e9panouir un, deux, plusieurs Bannon.<div id='gallery-1' class='gallery galleryid-10974 gallery-columns-3 gallery-size-thumbnail'><figure class='gallery-item'>\n\t\t\t<div class='gallery-icon landscape'>\n\t\t\t\t<a href='https:\/\/archives.regards.fr\/wp-content\/uploads\/2018\/04\/capture_d_e_cran_2018-04-23_a_09-40d.45.08.png'><img loading=\"lazy\" decoding=\"async\" width=\"150\" height=\"150\" src=\"https:\/\/archives.regards.fr\/wp-content\/uploads\/2018\/04\/capture_d_e_cran_2018-04-23_a_09-40d.45.08-150x150.png\" class=\"attachment-thumbnail size-thumbnail\" alt=\"capture_d_e_cran_2018-04-23_a_09.45.08.png\" \/><\/a>\n\t\t\t<\/div><\/figure>\n\t\t<\/div>\n<\/p>\n","protected":false},"excerpt":{"rendered":"<p>Dans <em>Le Nouveau Clivage<\/em>, J\u00e9r\u00f4me Fourquet donne les cl\u00e9s d\u2019analyse de scrutin aussi embl\u00e9matique de la crise que le Brexit, le vote Trump ou les \u00e9lections pr\u00e9sidentielles fran\u00e7aise et autrichienne. Analyse par le politiste Ga\u00ebl Brustier.<\/p>\n","protected":false},"author":1,"featured_media":26061,"comment_status":"open","ping_status":"open","sticky":false,"template":"","format":"standard","meta":{"_themeisle_gutenberg_block_has_review":false,"footnotes":""},"categories":[11],"tags":[],"class_list":["post-10974","post","type-post","status-publish","format-standard","has-post-thumbnail","hentry","category-monde"],"_links":{"self":[{"href":"https:\/\/archives.regards.fr\/index.php?rest_route=\/wp\/v2\/posts\/10974","targetHints":{"allow":["GET"]}}],"collection":[{"href":"https:\/\/archives.regards.fr\/index.php?rest_route=\/wp\/v2\/posts"}],"about":[{"href":"https:\/\/archives.regards.fr\/index.php?rest_route=\/wp\/v2\/types\/post"}],"author":[{"embeddable":true,"href":"https:\/\/archives.regards.fr\/index.php?rest_route=\/wp\/v2\/users\/1"}],"replies":[{"embeddable":true,"href":"https:\/\/archives.regards.fr\/index.php?rest_route=%2Fwp%2Fv2%2Fcomments&post=10974"}],"version-history":[{"count":0,"href":"https:\/\/archives.regards.fr\/index.php?rest_route=\/wp\/v2\/posts\/10974\/revisions"}],"wp:featuredmedia":[{"embeddable":true,"href":"https:\/\/archives.regards.fr\/index.php?rest_route=\/wp\/v2\/media\/26061"}],"wp:attachment":[{"href":"https:\/\/archives.regards.fr\/index.php?rest_route=%2Fwp%2Fv2%2Fmedia&parent=10974"}],"wp:term":[{"taxonomy":"category","embeddable":true,"href":"https:\/\/archives.regards.fr\/index.php?rest_route=%2Fwp%2Fv2%2Fcategories&post=10974"},{"taxonomy":"post_tag","embeddable":true,"href":"https:\/\/archives.regards.fr\/index.php?rest_route=%2Fwp%2Fv2%2Ftags&post=10974"}],"curies":[{"name":"wp","href":"https:\/\/api.w.org\/{rel}","templated":true}]}}