{"id":10962,"date":"2018-04-16T11:37:00","date_gmt":"2018-04-16T09:37:00","guid":{"rendered":"https:\/\/wp.muchomaas.com\/article-la-loi-asile-et-immigration-est-une-insulte-a-notre-imperatif-de-solidarite\/"},"modified":"2023-06-23T23:27:37","modified_gmt":"2023-06-23T21:27:37","slug":"article-la-loi-asile-et-immigration-est-une-insulte-a-notre-imperatif-de-solidarite","status":"publish","type":"post","link":"https:\/\/archives.regards.fr\/?p=10962","title":{"rendered":"&#8220;La loi Asile et Immigration est une insulte \u00e0 notre imp\u00e9ratif de solidarit\u00e9&#8221;"},"content":{"rendered":"<p class=\"post_excerpt\">Toute cette semaine, le projet de loi Asile et immigration est d\u00e9battu en s\u00e9ance publique \u00e0 l&#8217;Assembl\u00e9e nationale. Dimanche apr\u00e8s-midi et lundi midi avaient lieu des rassemblements et des manifestations de r\u00e9sistances, d&#8217;autant plus suivis que l&#8217;\u00e9poque est \u00e0 la convergence des luttes&#8230;<\/p>\n<p><em>\u00ab La loi Asile et Immigration est une insulte \u00e0 notre imp\u00e9ratif de solidarit\u00e9. \u00bb<\/em> Claude, pas militante, pas syndiqu\u00e9e, pas m\u00eame <em>\u00ab politis\u00e9e \u00bb<\/em> nous dit-elle, <em>\u00ab juste citoyenne \u00bb<\/em> a d\u00e9cid\u00e9 de descendre dans la rue ce dimanche 15 avril, pour aller manifester contre le projet de loi du gouvernement. Sur le parcours entre l\u2019Assembl\u00e9e nationale et le S\u00e9nat, ils sont plusieurs milliers \u00e0 avoir fait comme elle, revendiquant <em>\u00ab une France, terre d\u2019asile \u00bb<\/em> et s\u2019opposant farouchement \u00e0 la <em>\u00ab criminalisation des migrants \u00bb<\/em>.<\/p>\n<p>A l\u2019initiative du Bureau d\u2019accueil et d\u2019accompagnement des migrants (BAAM), beaucoup d\u2019associations ont r\u00e9pondu pr\u00e9sentes : d\u2019Act-Up \u00e0 l\u2019Ardhis, en passant par L\u2019auberge des migrants ou Fumig\u00e8ne, tous \u00e9taient pr\u00e9sents dimanche. Les formations et mouvements politiques \u00e9taient aussi de la partie : parmi eux, la France insoumise (LFI), le Parti communiste fran\u00e7ais (PCF) ou Europe Ecologie Les Verts (EELV). Les syndicats, souvent concern\u00e9s pour la d\u00e9fense des travailleurs sans papiers sont aussi pr\u00e9sents : Solidaires ou la Conf\u00e9d\u00e9ration g\u00e9n\u00e9rale du travail (CGT). Enfin, chaudement applaudis, la Coordination des Sans-Papiers du 75 est venue renforcer les rangs de cette manifestation dominicale.<\/p>\n<p>Le mot d\u2019ordre \u00e9tait simple : le retrait pur et simple du projet de loi. C\u2019est d\u2019ailleurs ce qu\u2019a d\u00e9fendu la d\u00e9put\u00e9e LFI Danielle Obono, pr\u00e9sente aux c\u00f4t\u00e9s du d\u00e9put\u00e9 du m\u00eame groupe Eric Coquerel et de la s\u00e9natrice EELV Esther Benbassa : <em>\u00ab la politique men\u00e9e par le gouvernement est inique et indigne. \u00bb<\/em> Avec la d\u00e9put\u00e9e PCF Elsa Faucillon notamment, ils ont ainsi men\u00e9 un intense travail d\u2019opposition au Parlement et d\u00e9pos\u00e9 une centaine d\u2019amendements. Car, au-del\u00e0 de la philosophie le loi Asile et immigration examin\u00e9e en ce moment au Parlement et qu\u2019ils qualifient presque unanimement de <em>\u00ab d\u00e9l\u00e9t\u00e8re \u00bb<\/em>, c\u2019est une v\u00e9ritable usine-\u00e0-gaz qui va cr\u00e9er une foultitude de probl\u00e8mes et d\u2019entraves pour les demandeurs d\u2019asile. <em>\u00ab Une remise en cause historique de l\u2019histoire et de la tradition d\u2019accueil \u00bb<\/em> poursuit m\u00eame Alexei\u2026<\/p>\n<p>Aujourd\u2019hui, comme toute la semaine d\u2019ailleurs, des r\u00e9sistances s\u2019organisent dans Paris et un peu partout en France. Les d\u00e9bats risquent aussi d\u2019\u00eatre muscl\u00e9s \u00e0 l\u2019Assembl\u00e9e o\u00f9 les frondeurs En Marche pourraient prendre leurs distances voire, pour certains d\u2019entre eux, s\u2019opposer au projet de loi Asile et immigration. La France est en (quasi) \u00e9bullition : les cheminot-es, Air France, La Poste, Carrefour, les \u00e9tudiants\u2026 les motifs de col\u00e8re sociale continue de s\u2019accumuler et on peut penser que cette <em>\u00ab simultan\u00e9it\u00e9 \u00bb<\/em> finisse par payer. C\u2019est d\u2019ailleurs une militante LGBTIQ qui le dit le mieux \u2013 lors de cette manifestation de dimanche : <em>\u00ab la convergence des luttes, c\u2019est maintenant tout de suite. Cette loi est fasciste, elle ne doit pas passer. Et on doit tous s\u2019y mettre. \u00bb<\/em><div id='gallery-1' class='gallery galleryid-10962 gallery-columns-3 gallery-size-thumbnail'><figure class='gallery-item'>\n\t\t\t<div class='gallery-icon landscape'>\n\t\t\t\t<a href='https:\/\/archives.regards.fr\/wp-content\/uploads\/2018\/04\/capture_d_e_cran_2018-04-16_a_20-db0.10.53.png'><img loading=\"lazy\" decoding=\"async\" width=\"150\" height=\"150\" src=\"https:\/\/archives.regards.fr\/wp-content\/uploads\/2018\/04\/capture_d_e_cran_2018-04-16_a_20-db0.10.53-150x150.png\" class=\"attachment-thumbnail size-thumbnail\" alt=\"capture_d_e_cran_2018-04-16_a_20.10.53.png\" \/><\/a>\n\t\t\t<\/div><\/figure>\n\t\t<\/div>\n<\/p>\n","protected":false},"excerpt":{"rendered":"<p>Toute cette semaine, le projet de loi Asile et immigration est d\u00e9battu en s\u00e9ance publique \u00e0 l&#8217;Assembl\u00e9e nationale. Dimanche apr\u00e8s-midi et lundi midi avaient lieu des rassemblements et des manifestations de r\u00e9sistances, d&#8217;autant plus suivis que l&#8217;\u00e9poque est \u00e0 la convergence des luttes&#8230;<\/p>\n","protected":false},"author":1204,"featured_media":26039,"comment_status":"open","ping_status":"open","sticky":false,"template":"","format":"standard","meta":{"_themeisle_gutenberg_block_has_review":false,"footnotes":""},"categories":[6],"tags":[375],"class_list":["post-10962","post","type-post","status-publish","format-standard","has-post-thumbnail","hentry","category-actu","tag-immigration"],"_links":{"self":[{"href":"https:\/\/archives.regards.fr\/index.php?rest_route=\/wp\/v2\/posts\/10962","targetHints":{"allow":["GET"]}}],"collection":[{"href":"https:\/\/archives.regards.fr\/index.php?rest_route=\/wp\/v2\/posts"}],"about":[{"href":"https:\/\/archives.regards.fr\/index.php?rest_route=\/wp\/v2\/types\/post"}],"author":[{"embeddable":true,"href":"https:\/\/archives.regards.fr\/index.php?rest_route=\/wp\/v2\/users\/1204"}],"replies":[{"embeddable":true,"href":"https:\/\/archives.regards.fr\/index.php?rest_route=%2Fwp%2Fv2%2Fcomments&post=10962"}],"version-history":[{"count":0,"href":"https:\/\/archives.regards.fr\/index.php?rest_route=\/wp\/v2\/posts\/10962\/revisions"}],"wp:featuredmedia":[{"embeddable":true,"href":"https:\/\/archives.regards.fr\/index.php?rest_route=\/wp\/v2\/media\/26039"}],"wp:attachment":[{"href":"https:\/\/archives.regards.fr\/index.php?rest_route=%2Fwp%2Fv2%2Fmedia&parent=10962"}],"wp:term":[{"taxonomy":"category","embeddable":true,"href":"https:\/\/archives.regards.fr\/index.php?rest_route=%2Fwp%2Fv2%2Fcategories&post=10962"},{"taxonomy":"post_tag","embeddable":true,"href":"https:\/\/archives.regards.fr\/index.php?rest_route=%2Fwp%2Fv2%2Ftags&post=10962"}],"curies":[{"name":"wp","href":"https:\/\/api.w.org\/{rel}","templated":true}]}}